{"id":8769,"date":"2016-06-20T13:04:58","date_gmt":"2016-06-20T16:04:58","guid":{"rendered":"http:\/\/projetocineb.com.br\/?p=8769"},"modified":"2016-06-20T13:04:58","modified_gmt":"2016-06-20T16:04:58","slug":"auditorio-lotado-na-regional-osasco","status":"publish","type":"post","link":"https:\/\/projetocineb.com.br\/?p=8769","title":{"rendered":"Audit\u00f3rio lotado na Regional Osasco"},"content":{"rendered":"<p><em>Alunos da EE Jos\u00e9 Liberatti e amigos da atriz Bruna de Oliveira lotaram o audit\u00f3rio da Regional Osasco na \u00faltima quinta-feira (16\/6) para acompanhar o longa-metragem Tudo que Aprendemos Juntos. Ao final da sess\u00e3o, o projeto organizou um debate com atores presentes.<\/em><\/p>\n<p>A sess\u00e3o do CINEB da \u00faltima quinta-feira, (16\/6), que aconteceu no audit\u00f3rio da Regional Osasco do Sindicato dos Banc\u00e1rios de S\u00e3o Paulo, Osasco e Regi\u00e3o reuniu cerca de 100 pessoas para acompanhar o longa-metragem <em>Tudo que Aprendemos Juntos<\/em>. O p\u00fablico era formado por alunos da Escola Estadual (EE) Jos\u00e9 Liberatti e amigos da atriz Bruna de Oliveira, que mora em Osasco e atuou no filme.<\/p>\n<figure id=\"attachment_8784\" aria-describedby=\"caption-attachment-8784\" style=\"width: 499px\" class=\"wp-caption aligncenter\"><a href=\"http:\/\/projetocineb.com.br\/wp-content\/uploads\/2016\/06\/DSC_0081.jpg\"><img fetchpriority=\"high\" decoding=\"async\" class=\" wp-image-8784 \" title=\"DSC_0081\" src=\"http:\/\/projetocineb.com.br\/wp-content\/uploads\/2016\/06\/DSC_0081.jpg\" alt=\"\" width=\"499\" height=\"331\" \/><\/a><figcaption id=\"caption-attachment-8784\" class=\"wp-caption-text\">Audit\u00f3rio da Regional Osasco lotado para exibi\u00e7\u00e3o do filme Tudo que Aprendemos Juntos. Na foto, o filho de banc\u00e1ria Messias Henrique.<\/figcaption><\/figure>\n<p>&nbsp;<\/p>\n<p>Dirigido por S\u00e9rgio Machado, <em>Tudo que Aprendemos Juntos<\/em>, conta a hist\u00f3ria de Laerte, um talentoso violinista que se v\u00ea obrigado a dar aulas de m\u00fasica na comunidade Heli\u00f3polis depois da tentativa fracassada de ingressar na Osesp. Tem como pon to de partida a pe\u00e7a Acorda Brasil, escrita por Antonio Erm\u00ednio de Moraes sobre a experi\u00eancia do Instituto Bacarelli na comunidade Heli\u00f3polis, em S\u00e3o Paulo. Sua estreia nacional aconteceu em dezembro do ano passado, j\u00e1 passou pelo circuito comercial e segue uma carreira internacional com os direitos vendidos para ser exibido em 22 pa\u00edses.<\/p>\n<figure id=\"attachment_8780\" aria-describedby=\"caption-attachment-8780\" style=\"width: 499px\" class=\"wp-caption aligncenter\"><a href=\"http:\/\/projetocineb.com.br\/wp-content\/uploads\/2016\/06\/DSC_0095.jpg\"><img decoding=\"async\" class=\" wp-image-8780 \" title=\"DSC_0095\" src=\"http:\/\/projetocineb.com.br\/wp-content\/uploads\/2016\/06\/DSC_0095.jpg\" alt=\"\" width=\"499\" height=\"331\" \/><\/a><figcaption id=\"caption-attachment-8780\" class=\"wp-caption-text\">O estudante de violino do Instituto Bacarelli Rafael Albertonni apresenta uma obra de Bach<\/figcaption><\/figure>\n<p>Bruna foi uma esp\u00e9cie de cicerone da noite. Ela j\u00e1 havia participado de um debate no CCA S\u00e3o Jos\u00e9, em Parais\u00f3polis, no in\u00edcio de junho. Na sess\u00e3o de Osasco convidou amigos e parentes e fez quest\u00e3o de receb\u00ea-los na entrada do pr\u00e9dio da Regional Osasco. Foi ideia de Bruna, por exemplo, convidar o ator Ed\u00edsio Eduardo dos Santos, que tamb\u00e9m atuou no filme e o estudante de violino Rafael Albertoni, seu amigo, aluno do Instituto Bacarelli, que antes do in\u00edcio da sess\u00e3o executou uma obra de Johann Sebastian Bach.<\/p>\n<figure id=\"attachment_8779\" aria-describedby=\"caption-attachment-8779\" style=\"width: 499px\" class=\"wp-caption aligncenter\"><a href=\"http:\/\/projetocineb.com.br\/wp-content\/uploads\/2016\/06\/DSC_0091.jpg\"><img decoding=\"async\" class=\" wp-image-8779 \" title=\"DSC_0091\" src=\"http:\/\/projetocineb.com.br\/wp-content\/uploads\/2016\/06\/DSC_0091.jpg\" alt=\"\" width=\"499\" height=\"331\" \/><\/a><figcaption id=\"caption-attachment-8779\" class=\"wp-caption-text\">Abertura oficial da sess\u00e3o, com o ator Ed\u00edsio dos Santos, a atriz Bruna de Oliveira, o coordenador da Regional Alxandre Bertazzo e o coordenador do CINEB Cid\u00e1lio Vieira Santos.<\/figcaption><\/figure>\n<p>\u201c\u00c9 um sonho. Estou me sentindo como se fosse meu anivers\u00e1rio\u201d, explicou Bruna sobre a possibilidade de levar o filme em que atou para Osasco. \u201cEu fiquei torcendo para que o filme chegasse na minha cidade quando entrou em exibi\u00e7\u00e3o no circuito comercial, mas o m\u00e1ximo que aconteceu foi colocarem um totem nas salas de cinema do shopping. Com o CINEB eu realizo um sonho\u201d, explicou antes da sess\u00e3o. Ed\u00edsio contou o quando foi importante para ele participar de uma produ\u00e7\u00e3o como <em>Tudo que Aprendemos Juntos<\/em>: \u201cfoi um processo longo. Um ano para aprender a tocar um instrumento e um ano de prepara\u00e7\u00e3o. Tivemos a oportunidade de vivenciar uma produ\u00e7\u00e3o do in\u00edcio ao fim\u201d. O ator j\u00e1 participou de outros dois filmes: <em>Tapete Vermelho<\/em>, o primeiro filme exibido pelo projeto CINEB, em 2007, e <em>Se Deus Vier, que Venha Armado<\/em>.<\/p>\n<figure id=\"attachment_8777\" aria-describedby=\"caption-attachment-8777\" style=\"width: 499px\" class=\"wp-caption aligncenter\"><a href=\"http:\/\/projetocineb.com.br\/wp-content\/uploads\/2016\/06\/DSC_01121.jpg\"><img loading=\"lazy\" decoding=\"async\" class=\" wp-image-8777 \" title=\"DSC_0112\" src=\"http:\/\/projetocineb.com.br\/wp-content\/uploads\/2016\/06\/DSC_01121.jpg\" alt=\"\" width=\"499\" height=\"331\" \/><\/a><figcaption id=\"caption-attachment-8777\" class=\"wp-caption-text\">A mesa de debate, com Messias, El\u00edsio, Bruna, Cid\u00e1lio e Alexandre.<\/figcaption><\/figure>\n<p>Colegas da atriz na Escola Estadual (EE) Antonio Raposo Tavares Ceneart, onde Bruna fez o ensino m\u00e9dio, elogiaram o trabalho que a amiga desenvolve. \u201cEla \u00e9 \u00f3tima. Achei perfeito o trabalho dela\u201d, comentou \u00cdtalo Fernande Sena. \u201cEla merece, pois \u00e9 batalhadora\u201d, completou Milca Fernande Sena. Para Alexandre Bertazzo, coordenador da Regional Osasco do Sindicato dos Banc\u00e1rio, \u00e9 sempre muito bom receber o projeto CINEB. \u201cA regi\u00e3o Oeste da Grande S\u00e3o Paulo, que re\u00fane 14 munic\u00edpios al\u00e9m de Osasco, \u00e9 muito carente de atividades culturais. As pessoas n\u00e3o t\u00eam acesso ao cinema, sobretudo ao cinema nacional. Por isso \u00e9 muito gratificante ver o CINEB chegar nessa regi\u00e3o\u201d, explicou.<\/p>\n<figure id=\"attachment_8776\" aria-describedby=\"caption-attachment-8776\" style=\"width: 499px\" class=\"wp-caption aligncenter\"><a href=\"http:\/\/projetocineb.com.br\/wp-content\/uploads\/2016\/06\/DSC_0117.jpg\"><img loading=\"lazy\" decoding=\"async\" class=\" wp-image-8776 \" title=\"DSC_0117\" src=\"http:\/\/projetocineb.com.br\/wp-content\/uploads\/2016\/06\/DSC_0117.jpg\" alt=\"\" width=\"499\" height=\"331\" \/><\/a><figcaption id=\"caption-attachment-8776\" class=\"wp-caption-text\">Alunos da EE Jos\u00e9 Fortunatti participaram do debate com perguntas sobre a produ\u00e7\u00e3o.<\/figcaption><\/figure>\n<p>Ap\u00f3s o filme, Bruna e Ed\u00edsio participaram de um debate organizado pelo coordenador do CINEB, Cid\u00e1lio Vieira Santos, onde responderam as perguntas das pessoas presentes, a maioria formada por alunos do 2\u00ba ano do ensino m\u00e9dio da EE Jos\u00e9 Liberato interessados em conhecer como se faz uma produ\u00e7\u00e3o de cinema e a experi\u00eancia em atuar ao lado de um grande nome do cinema brasileiro como L\u00e1zaro Ramos, o protagonista do filme. \u201cFoi duro chegar aqui\u201d, comentou El\u00edsio, sobre a vida dos artistas brasileiros. \u201cEu atuo no cinema, teatro, tenho outros dois irm\u00e3os atores, mas para poder sobreviver, eu tenho outra profiss\u00e3o: sou motorista\u201d, comentou. Bruna lembrou que por um longo tempo foi preciso conciliar a produ\u00e7\u00e3o com os estudos. \u201cEu acordava cinco e meia, ia para a escola, depois seguia direto para Heli\u00f3polis ensaiar. \u00c0 noite, tinha que estudar m\u00fasica. Foi um per\u00edodo muito corrido\u201d, explica.<\/p>\n<figure id=\"attachment_8774\" aria-describedby=\"caption-attachment-8774\" style=\"width: 499px\" class=\"wp-caption aligncenter\"><a href=\"http:\/\/projetocineb.com.br\/wp-content\/uploads\/2016\/06\/DSC_0131.jpg\"><img loading=\"lazy\" decoding=\"async\" class=\" wp-image-8774 \" title=\"DSC_0131\" src=\"http:\/\/projetocineb.com.br\/wp-content\/uploads\/2016\/06\/DSC_0131.jpg\" alt=\"\" width=\"499\" height=\"331\" \/><\/a><figcaption id=\"caption-attachment-8774\" class=\"wp-caption-text\">Amigos de Bruna presentes na sess\u00e3o.<\/figcaption><\/figure>\n<p>Na plateia, os pais de Bruna concordavam com cada frase da filha \u00fanica. Consultores de vendas de seguros, Jos\u00e9 Reis e Herminepe Maria de Oliveira sempre apoiaram a filha. \u201cDesde os seis anos eu a levo para testes na televis\u00e3o, para ag\u00eancias de <em>casting<\/em>. Era o sonho dela, e n\u00f3s sempre a apoiamos\u201d, confessou Reis. Hayanne Parlamento, modelo e amiga de Bruna estava muito feliz por reencontrar a amiga. Por muitos anos, elas trabalharam juntas em ag\u00eancias de modelos, mas h\u00e1 tr\u00eas anos, Hayanne estuda medicina veterin\u00e1ria na Universidade Federal de Alagoas (UFAL). \u201cEstou de f\u00e9rias, Bruna me convidou e eu n\u00e3o podia perder a oportunidade de rev\u00ea-la\u201d, confessou.<\/p>\n<figure id=\"attachment_8785\" aria-describedby=\"caption-attachment-8785\" style=\"width: 499px\" class=\"wp-caption aligncenter\"><a href=\"http:\/\/projetocineb.com.br\/wp-content\/uploads\/2016\/06\/DSC_0103.jpg\"><img loading=\"lazy\" decoding=\"async\" class=\" wp-image-8785 \" title=\"DSC_0103\" src=\"http:\/\/projetocineb.com.br\/wp-content\/uploads\/2016\/06\/DSC_0103.jpg\" alt=\"\" width=\"499\" height=\"331\" \/><\/a><figcaption id=\"caption-attachment-8785\" class=\"wp-caption-text\">Professores da EE Jos\u00e9 Fortunatti acompanharam a participa\u00e7\u00e3o dos alunos.<\/figcaption><\/figure>\n<p>Os professores da EE Jos\u00e9 Liberatti elogiaram o projeto CINEB, que une entretenimento e forma\u00e7\u00e3o. O clima familiar da sess\u00e3o atraiu a aten\u00e7\u00e3o de Messias Henrique, de apenas 7 anos. Filho de uma banc\u00e1ria de Osasco, o garoto participou de entrevistas, brincadeiras e, de forma espont\u00e2nea, permaneceu ao lado de Cid\u00e1lio e Bruna na abertura da sess\u00e3o, durante todo o debate e no sorteio de brindes ao final da sess\u00e3o. E acabou ganhando uma camiseta. \u201cQuando eu crescer vou ser ator\u201d, disse em uma das vezes que pegou o microfone e foi bastante aplaudido pelo p\u00fablico. \u201cEle \u00e9 espuleta, gosta de se aparecer, e estava bem \u00e0 vontade aqui\u201d, explicou a m\u00e3e que ficou o tempo todo acompanhando as perip\u00e9cias do filho.<\/p>\n<figure id=\"attachment_8772\" aria-describedby=\"caption-attachment-8772\" style=\"width: 499px\" class=\"wp-caption aligncenter\"><a href=\"http:\/\/projetocineb.com.br\/wp-content\/uploads\/2016\/06\/DSC_0137.jpg\"><img loading=\"lazy\" decoding=\"async\" class=\" wp-image-8772 \" title=\"DSC_0137\" src=\"http:\/\/projetocineb.com.br\/wp-content\/uploads\/2016\/06\/DSC_0137.jpg\" alt=\"\" width=\"499\" height=\"331\" \/><\/a><figcaption id=\"caption-attachment-8772\" class=\"wp-caption-text\">At\u00e9 a pr\u00f3xima sess\u00e3o!<\/figcaption><\/figure>\n<p>O CINEB \u00e9 um circuito itinerante de cinema realizado pelo Sindicato dos Banc\u00e1rios de S\u00e3o Paulo, Osasco e Regi\u00e3o e pela Brazucah Produ\u00e7\u00f5es. Desde 2007, o j\u00e1 atingiu um p\u00fablico superior a 50 mil espectadores em quase 400 sess\u00f5es gratuitas realizadas em comunidades e universidades de S\u00e3o Paulo. A iniciativa busca democratizar o acesso ao cinema nacional e divulgar os filmes produzidos no Brasil. J\u00e1 foram exibidos na tela do CINEB mais de 75 longas-metragens e 50 curtas-metragens, al\u00e9m da realiza\u00e7\u00e3o de pr\u00e9-estreias exclusivas<em>.<\/em><\/p>\n","protected":false},"excerpt":{"rendered":"<p>Alunos da EE Jos\u00e9 Liberatti e amigos da atriz Bruna de Oliveira lotaram o audit\u00f3rio da Regional Osasco na \u00faltima[&#8230;]<\/p>\n","protected":false},"author":2,"featured_media":8770,"comment_status":"open","ping_status":"open","sticky":false,"template":"","format":"standard","meta":[],"categories":[2],"tags":[154,156,237,252,417,434,897,1046,1112,1132,1173],"_links":{"self":[{"href":"https:\/\/projetocineb.com.br\/index.php?rest_route=\/wp\/v2\/posts\/8769"}],"collection":[{"href":"https:\/\/projetocineb.com.br\/index.php?rest_route=\/wp\/v2\/posts"}],"about":[{"href":"https:\/\/projetocineb.com.br\/index.php?rest_route=\/wp\/v2\/types\/post"}],"author":[{"embeddable":true,"href":"https:\/\/projetocineb.com.br\/index.php?rest_route=\/wp\/v2\/users\/2"}],"replies":[{"embeddable":true,"href":"https:\/\/projetocineb.com.br\/index.php?rest_route=%2Fwp%2Fv2%2Fcomments&post=8769"}],"version-history":[{"count":0,"href":"https:\/\/projetocineb.com.br\/index.php?rest_route=\/wp\/v2\/posts\/8769\/revisions"}],"wp:featuredmedia":[{"embeddable":true,"href":"https:\/\/projetocineb.com.br\/index.php?rest_route=\/wp\/v2\/media\/8770"}],"wp:attachment":[{"href":"https:\/\/projetocineb.com.br\/index.php?rest_route=%2Fwp%2Fv2%2Fmedia&parent=8769"}],"wp:term":[{"taxonomy":"category","embeddable":true,"href":"https:\/\/projetocineb.com.br\/index.php?rest_route=%2Fwp%2Fv2%2Fcategories&post=8769"},{"taxonomy":"post_tag","embeddable":true,"href":"https:\/\/projetocineb.com.br\/index.php?rest_route=%2Fwp%2Fv2%2Ftags&post=8769"}],"curies":[{"name":"wp","href":"https:\/\/api.w.org\/{rel}","templated":true}]}}