{"id":8789,"date":"2016-06-27T12:08:28","date_gmt":"2016-06-27T15:08:28","guid":{"rendered":"http:\/\/projetocineb.com.br\/?p=8789"},"modified":"2016-06-27T12:08:28","modified_gmt":"2016-06-27T15:08:28","slug":"tata-amaral-participa-de-debate-na-regional-paulista","status":"publish","type":"post","link":"https:\/\/projetocineb.com.br\/?p=8789","title":{"rendered":"Tata Amaral participa de debate na Regional Paulista"},"content":{"rendered":"<p><em>Foi uma sess\u00e3o memor\u00e1vel. A Regional Paulista recebeu, na \u00faltima quinta-feira, (23\/6), a cineasta Tata Amaral para a estreia de seu mais novo filme. <\/em>Trago Comigo<em> traz a mem\u00f3ria da ditadura civil-militar no Brasil. A diretora participou, ao lado da atriz Paula Pretta, de um debate com o p\u00fablico, que lotou o audit\u00f3rio.<\/em><\/p>\n<p>O espa\u00e7o L\u00e9lia Abramo, que fica na Regional Paulista do Sindicato dos Banc\u00e1rio de S\u00e3o Paulo, Osasco e regi\u00e3o j\u00e1 foi palco de importantes atividades culturais na capital paulista, e mais uma vez fez jus \u00e0 sua hist\u00f3ria: na \u00faltima quinta-feira, 23\/6, recebeu a cineasta Tata Amaral para apresentar <em>Trago Comigo<\/em>, seu mais novo longa-metragem. Com uma carreira de mais de 30 anos no audiovisual brasileiro, Tata lan\u00e7ou seis longas-metragens, dos quais quatro foram exibidos pelo CINEB: <em>Antonia<\/em>, <em>Hoje<\/em>, <em>De Menor<\/em> e agora <em>Trago Comigo<\/em>.<\/p>\n<p>&nbsp;<\/p>\n<figure id=\"attachment_8797\" aria-describedby=\"caption-attachment-8797\" style=\"width: 499px\" class=\"wp-caption aligncenter\"><a href=\"http:\/\/projetocineb.com.br\/wp-content\/uploads\/2016\/06\/DSC_01571.jpg\"><img fetchpriority=\"high\" decoding=\"async\" class=\" wp-image-8797 \" title=\"DSC_0157\" src=\"http:\/\/projetocineb.com.br\/wp-content\/uploads\/2016\/06\/DSC_01571.jpg\" alt=\"\" width=\"499\" height=\"331\" \/><\/a><figcaption id=\"caption-attachment-8797\" class=\"wp-caption-text\">Sess\u00e3o lotada para assistir ao filme e participar do debate.<\/figcaption><\/figure>\n<p>O filme conta a hist\u00f3ria do diretor de teatro Telmo, interpretada por Carlos Alberto Riccelli, que foi preso pela ditadura civil-militar no Brasil (1964-1985), e posteriormente exilado. Quando \u00e9 convidado para dar uma entrevista, se d\u00e1 conta de que n\u00e3o tem mem\u00f3ria alguma dos meses que passou clandestino e de como aconteceu sua pris\u00e3o. Atrav\u00e9s da pe\u00e7a de teatro que passa a montar junto com seu jovem elenco, ele vai estabelecer um di\u00e1logo com as novas gera\u00e7\u00f5es, mergulhar na sua pr\u00f3pria hist\u00f3ria e na hist\u00f3ria de seu pa\u00eds. Vai revelar para si e para todos aquilo que, de t\u00e3o doloroso, preferiu esquecer.<\/p>\n<figure id=\"attachment_8798\" aria-describedby=\"caption-attachment-8798\" style=\"width: 499px\" class=\"wp-caption aligncenter\"><a href=\"http:\/\/projetocineb.com.br\/wp-content\/uploads\/2016\/06\/DSC_0141.jpg\"><img decoding=\"async\" class=\" wp-image-8798 \" title=\"DSC_0141\" src=\"http:\/\/projetocineb.com.br\/wp-content\/uploads\/2016\/06\/DSC_0141.jpg\" alt=\"\" width=\"499\" height=\"331\" \/><\/a><figcaption id=\"caption-attachment-8798\" class=\"wp-caption-text\">Alunos da EE Jos\u00e9 Liberatti de Osasco acompanham a sess\u00e3o.<\/figcaption><\/figure>\n<p><em>Trago Comigo<\/em> est\u00e1 em cartaz em tr\u00eas cinemas da capital, al\u00e9m de Belo Horizonte, Bras\u00edlia, Porto alegre, Curitiba e Rio de Janeiro. Segundo Tata Amaral, logo que se definiu a entrada no circuito comercial, a cineasta procurou Cid\u00e1lio Vieira Santos, coordenador do CINEB para realizar uma sess\u00e3o, \u201cpois o projeto \u00e9 um espa\u00e7o j\u00e1 tradicional de exibi\u00e7\u00e3o de filmes para um p\u00fablico que n\u00e3o vai ao cinema convencional, que \u00e9 tocado mais pelo CINEB do que pelas salas convencionais\u201d, explicou. Tata Amaral tem toda a raz\u00e3o. O espa\u00e7o ficou pequeno para tanta gente que compareceu ao convite da estreia. Quase n\u00e3o havia espa\u00e7o para caminhar entre as cadeiras e o p\u00fablico estimado foi de cerca de 135 pessoas. Estavam presentes muitos moradores da regi\u00e3o central da cidade, mas tamb\u00e9m representantes de v\u00e1rias comunidades como M\u00e1rio Balbino do movimento de moradia do Grajau e Willian Prado, do movimento de sa\u00fade de Parelheiros.<\/p>\n<figure id=\"attachment_8807\" aria-describedby=\"caption-attachment-8807\" style=\"width: 499px\" class=\"wp-caption aligncenter\"><a href=\"http:\/\/projetocineb.com.br\/wp-content\/uploads\/2016\/06\/DSC_0226.jpg\"><img decoding=\"async\" class=\" wp-image-8807 \" title=\"DSC_0226\" src=\"http:\/\/projetocineb.com.br\/wp-content\/uploads\/2016\/06\/DSC_0226.jpg\" alt=\"\" width=\"499\" height=\"331\" \/><\/a><figcaption id=\"caption-attachment-8807\" class=\"wp-caption-text\">Professoras da EE Maria Eug\u00eania Martins, do Jaguar\u00e9.<\/figcaption><\/figure>\n<p>Tamb\u00e9m compareceram \u00e0 sess\u00e3o alunos da Escola Estadual (EE) Jos\u00e9 Liberatti, de Osasco, integrantes do Gr\u00eamio Estudantil da EE Dona Prisciliana Duarte, de Parelheiros e professores e alunos da EE Maria Eug\u00eania Martins, do Jaguar\u00e9. A cinesta Cec\u00edlia Engels, diretora do m\u00e9dia metragem <em>Aparthorta<\/em>, que trata da alimenta\u00e7\u00e3o sustent\u00e1vel e planta\u00e7\u00e3o de alimentos em \u00e1reas urbanas conversou com a plateia presente. Lan\u00e7ado em 2015, o filme tem rodado o circuitos de mostras de cinema e deve ser um dos pr\u00f3ximos filmes a ser exibido pelo CINEB. \u201cConheci o CINEB recentemente. Eu moro aqui perto e vi o cartaz do <em>Chico<\/em> <em>[Artista Brasileiro]<\/em> quando passava com uma amiga. Entrei e gostei. Hoje trouxe minha m\u00e3e. O trabalho do CINEB \u00e9 important\u00edssimo porque o maior problema do cinema brasileiro \u00e9 conseguir chegar ao p\u00fablico\u201d, explicou.<\/p>\n<figure id=\"attachment_8801\" aria-describedby=\"caption-attachment-8801\" style=\"width: 499px\" class=\"wp-caption aligncenter\"><a href=\"http:\/\/projetocineb.com.br\/wp-content\/uploads\/2016\/06\/DSC_0159.jpg\"><img loading=\"lazy\" decoding=\"async\" class=\" wp-image-8801 \" title=\"DSC_0159\" src=\"http:\/\/projetocineb.com.br\/wp-content\/uploads\/2016\/06\/DSC_0159.jpg\" alt=\"\" width=\"499\" height=\"331\" \/><\/a><figcaption id=\"caption-attachment-8801\" class=\"wp-caption-text\">Bruna de Oliveira (\u00e0 esquerda) , atriz do filme Tudo que Aprendemos Juntos e amigos.<\/figcaption><\/figure>\n<p>Tadeu Di Pietro, ator, diretor e produtor cultural tamb\u00e9m estava na plateia: \u201cA Tata Amaral me convidou para o lan\u00e7amento. Acho interessante o conceito do projeto, que \u00e9 dar espa\u00e7o \u00e0s produ\u00e7\u00f5es brasileiras. At\u00e9 as produ\u00e7\u00f5es de alto or\u00e7amento t\u00eam dificuldades de conseguir tela, ent\u00e3o o que voc\u00eas fazem merece todo aplauso, principalmente porque vai a lugares onde o cinema brasileiro n\u00e3o chega\u201d, elogiou.<\/p>\n<p>&nbsp;<\/p>\n<figure id=\"attachment_8802\" aria-describedby=\"caption-attachment-8802\" style=\"width: 499px\" class=\"wp-caption aligncenter\"><a href=\"http:\/\/projetocineb.com.br\/wp-content\/uploads\/2016\/06\/DSC_0145.jpg\"><img loading=\"lazy\" decoding=\"async\" class=\" wp-image-8802 \" title=\"DSC_0145\" src=\"http:\/\/projetocineb.com.br\/wp-content\/uploads\/2016\/06\/DSC_0145.jpg\" alt=\"\" width=\"499\" height=\"331\" \/><\/a><figcaption id=\"caption-attachment-8802\" class=\"wp-caption-text\">O ator e diretor Tadeu Di Pietro: &quot;At\u00e9 as produ\u00e7\u00f5es de alto or\u00e7amento t\u00eam dificuldades de conseguir tela&quot;.<\/figcaption><\/figure>\n<p>Paula Pretta, integrante do elenco do filme de Tata Amaral e ex-banc\u00e1ria estava muito empolgada por voltar ao espa\u00e7o L\u00e9lia Abramo depois de muito tempo. \u201cFiz muitas pe\u00e7as aqui nos anos 1990\u201d, lembra. Sobre o filme, ela conta que foi uma coincid\u00eancia do destino um filme feito em 2009, mas que conseguiu ser lan\u00e7ado somente agora, ser t\u00e3o atual: \u201cFoi um retrocesso sem fim para o pa\u00eds essa situa\u00e7\u00e3o que vivemos, com uma parte da sociedade querendo a volta da ditadura. \u00c9 como se o Brasil tivesse varrido para debaixo do tapete sua hist\u00f3ria\u201d, explica.<\/p>\n<figure id=\"attachment_8805\" aria-describedby=\"caption-attachment-8805\" style=\"width: 499px\" class=\"wp-caption aligncenter\"><a href=\"http:\/\/projetocineb.com.br\/wp-content\/uploads\/2016\/06\/DSC_01432.jpg\"><img loading=\"lazy\" decoding=\"async\" class=\" wp-image-8805 \" title=\"DSC_0143\" src=\"http:\/\/projetocineb.com.br\/wp-content\/uploads\/2016\/06\/DSC_01432.jpg\" alt=\"\" width=\"499\" height=\"331\" \/><\/a><figcaption id=\"caption-attachment-8805\" class=\"wp-caption-text\">Cineasta Cec\u00edlia Engels ao lado da m\u00e3e: CINEB ajuda a &quot;chegar ao p\u00fablico&quot;.<\/figcaption><\/figure>\n<p>Segundo a diretora Tata Amaral, um dos aspectos do filme \u00e9 alimentar a discuss\u00e3o sobre fatos pouco conhecidos da \u00e9poca da ditadura civil-militar e as sequelas deixadas naqueles que viveram situa\u00e7\u00f5es de viol\u00eancia em sua decorr\u00eancia. Esta atitude fica evidente diante do fato de que o Brasil \u00e9 um pa\u00eds que, ao contr\u00e1rio da Argentina e do Chile, por exemplo, nunca puniu os crimes de tortura.<\/p>\n<figure id=\"attachment_8809\" aria-describedby=\"caption-attachment-8809\" style=\"width: 499px\" class=\"wp-caption aligncenter\"><a href=\"http:\/\/projetocineb.com.br\/wp-content\/uploads\/2016\/06\/DSC_0181.jpg\"><img loading=\"lazy\" decoding=\"async\" class=\" wp-image-8809 \" title=\"DSC_0181\" src=\"http:\/\/projetocineb.com.br\/wp-content\/uploads\/2016\/06\/DSC_0181.jpg\" alt=\"\" width=\"499\" height=\"331\" \/><\/a><figcaption id=\"caption-attachment-8809\" class=\"wp-caption-text\">A cineasta Tata Amaral, o coordenador do CINEB, Cid\u00e1lio Vieira Santos, e o diretor de cultura do Sindicato, Marcelo Gon\u00e7alves.<\/figcaption><\/figure>\n<p>Ap\u00f3s a sess\u00e3o, o p\u00fablico permaneceu para acompanhar o debate com a diretora. Ela explicou que o filme primeiro foi gravado para a s\u00e9rie Dire\u00e7\u00f5es da TV Cultura, exibido em 2009 em quatro cap\u00edtulos. \u201cSabia que estava lidando com uma hist\u00f3ria importante, que atingiu muita gente, ent\u00e3o t\u00ednhamos que tomar cuidado\u201d, comentou em rela\u00e7\u00e3o \u00e0 tem\u00e1tica da tortura e aos depoimentos ver\u00eddicos que entrecortam as a\u00e7\u00f5es do filme. \u201cNo decorrer da produ\u00e7\u00e3o eu fui percebendo que uma sociedade que n\u00e3o trata a quest\u00e3o da tortura, \u00e9 uma sociedade que aceita a tortura. At\u00e9 hoje ela \u00e9 praticada. Em algum lugar do Brasil, uma pessoa est\u00e1 sendo torturada nesse momento pelo aparelho estatal\u201d, destacou.<\/p>\n<figure id=\"attachment_8810\" aria-describedby=\"caption-attachment-8810\" style=\"width: 499px\" class=\"wp-caption aligncenter\"><a href=\"http:\/\/projetocineb.com.br\/wp-content\/uploads\/2016\/06\/DSC_0208.jpg\"><img loading=\"lazy\" decoding=\"async\" class=\" wp-image-8810 \" title=\"DSC_0208\" src=\"http:\/\/projetocineb.com.br\/wp-content\/uploads\/2016\/06\/DSC_0208.jpg\" alt=\"\" width=\"499\" height=\"331\" \/><\/a><figcaption id=\"caption-attachment-8810\" class=\"wp-caption-text\">A atriz Paula Pretta, Tata Amaral, Cid\u00e1lio Vieira Santos e Marcelo Gon\u00e7alves durante o debate.<\/figcaption><\/figure>\n<p>A diretora respondeu muitas perguntas do p\u00fablico, como a de Cidoli Ara\u00fajo Lima, do Centro de Estudos da M\u00eddia Alternativa Bar\u00e3o de Itarar\u00e9 que abordou quest\u00f5es relacionadas aos nomes dos torturadores que foram propositadamente encobertos durante as entrevistas, ou o coment\u00e1rio de Marli Dias, professora de Hist\u00f3ria e do diretor de Cultura do Sindicato dos Banc\u00e1rios, Marcelo Gon\u00e7alves sobre a rela\u00e7\u00e3o geracional apresentada no filme e a intepreta\u00e7\u00e3o da hist\u00f3ria feita pelos mais jovens atualmente. Gon\u00e7alves elogiou as tem\u00e1ticas dos filmes escolhidos para serem exibidos pelo CINEB na Regional Paulista em 2016, pois todos abordaram quest\u00f5es ligadas aos direitos humanos e a defesa da democracia. \u201cO que a gente vive agora \u00e9 uma outra forma de golpe, sen\u00e3o pela for\u00e7a, mas por uma articula\u00e7\u00e3o que derruba um governo democraticamente eleito. A elite econ\u00f4mica repete 64, ent\u00e3o precisamos discutir, denunciar essa situa\u00e7\u00e3o\u201d, explica. Marquinhos Amaral, diretor do Sindicato dos Banc\u00e1rios elogiou a organiza\u00e7\u00e3o do evento: \u201cO CINEB tem tido iniciativas incr\u00edveis. Exibir um filme t\u00e3o importante como esse s\u00f3 refor\u00e7a o importante papel cidad\u00e3o que o Sindicato tem\u201d, finaliza. Tamb\u00e9m estiveram presentes na sess\u00e3o Cleuza Maria, do Projeto Travessia, Cec\u00edlia Lotufo, do Movimento Boa Pra\u00e7a, Em\u00edlia Afonso, conselho tutelar da Regi\u00e3o da Lapa e o movimento Vizinhos do Temer contra o Golpe.<\/p>\n<figure id=\"attachment_8812\" aria-describedby=\"caption-attachment-8812\" style=\"width: 499px\" class=\"wp-caption aligncenter\"><a href=\"http:\/\/projetocineb.com.br\/wp-content\/uploads\/2016\/06\/DSC_02481.jpg\"><img loading=\"lazy\" decoding=\"async\" class=\" wp-image-8812 \" title=\"DSC_0248\" src=\"http:\/\/projetocineb.com.br\/wp-content\/uploads\/2016\/06\/DSC_02481.jpg\" alt=\"\" width=\"499\" height=\"331\" \/><\/a><figcaption id=\"caption-attachment-8812\" class=\"wp-caption-text\">At\u00e9 a pr\u00f3xima sess\u00e3o!<\/figcaption><\/figure>\n<p>O CINEB \u00e9 um circuito itinerante de cinema realizado pelo Sindicato dos Banc\u00e1rios de S\u00e3o Paulo, Osasco e Regi\u00e3o e pela Brazucah Produ\u00e7\u00f5es. Desde 2007, o j\u00e1 atingiu um p\u00fablico superior a 50 mil espectadores em quase 400 sess\u00f5es gratuitas realizadas em comunidades e universidades de S\u00e3o Paulo. A iniciativa busca democratizar o acesso ao cinema nacional e divulgar os filmes produzidos no Brasil. J\u00e1 foram exibidos na tela do CINEB mais de 75 longas-metragens e 50 curtas-metragens, al\u00e9m da realiza\u00e7\u00e3o de pr\u00e9-estreias exclusivas<em>.<\/em><\/p>\n","protected":false},"excerpt":{"rendered":"<p>Foi uma sess\u00e3o memor\u00e1vel. A Regional Paulista recebeu, na \u00faltima quinta-feira, (23\/6), a cineasta Tata Amaral para a estreia de[&#8230;]<\/p>\n","protected":false},"author":2,"featured_media":8792,"comment_status":"open","ping_status":"open","sticky":false,"template":"","format":"standard","meta":[],"categories":[2],"tags":[],"_links":{"self":[{"href":"https:\/\/projetocineb.com.br\/index.php?rest_route=\/wp\/v2\/posts\/8789"}],"collection":[{"href":"https:\/\/projetocineb.com.br\/index.php?rest_route=\/wp\/v2\/posts"}],"about":[{"href":"https:\/\/projetocineb.com.br\/index.php?rest_route=\/wp\/v2\/types\/post"}],"author":[{"embeddable":true,"href":"https:\/\/projetocineb.com.br\/index.php?rest_route=\/wp\/v2\/users\/2"}],"replies":[{"embeddable":true,"href":"https:\/\/projetocineb.com.br\/index.php?rest_route=%2Fwp%2Fv2%2Fcomments&post=8789"}],"version-history":[{"count":0,"href":"https:\/\/projetocineb.com.br\/index.php?rest_route=\/wp\/v2\/posts\/8789\/revisions"}],"wp:featuredmedia":[{"embeddable":true,"href":"https:\/\/projetocineb.com.br\/index.php?rest_route=\/wp\/v2\/media\/8792"}],"wp:attachment":[{"href":"https:\/\/projetocineb.com.br\/index.php?rest_route=%2Fwp%2Fv2%2Fmedia&parent=8789"}],"wp:term":[{"taxonomy":"category","embeddable":true,"href":"https:\/\/projetocineb.com.br\/index.php?rest_route=%2Fwp%2Fv2%2Fcategories&post=8789"},{"taxonomy":"post_tag","embeddable":true,"href":"https:\/\/projetocineb.com.br\/index.php?rest_route=%2Fwp%2Fv2%2Ftags&post=8789"}],"curies":[{"name":"wp","href":"https:\/\/api.w.org\/{rel}","templated":true}]}}