{"id":8821,"date":"2016-07-15T12:56:10","date_gmt":"2016-07-15T15:56:10","guid":{"rendered":"http:\/\/projetocineb.com.br\/?p=8821"},"modified":"2016-07-15T12:56:10","modified_gmt":"2016-07-15T15:56:10","slug":"cineb-aborda-agricultura-urbana-em-novo-filme","status":"publish","type":"post","link":"https:\/\/projetocineb.com.br\/?p=8821","title":{"rendered":"CINEB aborda agricultura urbana em novo filme"},"content":{"rendered":"<p><em>Apart-Horta, m\u00e9dia metragem escrito e dirigido por Cec\u00edlia Engels, ser\u00e1 exibido entre os meses de julho e agosto. A produ\u00e7\u00e3o independente aborda quest\u00f5es ligadas \u00e0 agricultura urbana. A cineasta estar\u00e1 presente nas sess\u00f5es do dia 29 e 30 de julho.<\/em><\/p>\n<p>Entre os meses de julho e agosto, o CINEB exibir\u00e1 cinco sess\u00f5es do m\u00e9dia-metragem Apart-Horta, escrito e dirigido pela jovem cineasta paulista Cec\u00edlia Engels. O filme aborda uma quest\u00e3o cada vez mais presente na vida das pessoas que moram \u00a0nos grandes centros: a agricultura urbana.<\/p>\n<p>O filme conta a hist\u00f3ria da baiana Nazar\u00e9 que vai a S\u00e3o Paulo pela primeira vez para visitar seu irm\u00e3o Natanael, que vive na cidade h\u00e1 oito anos. Natanael tem um estilo de vida voltado ao trabalho, j\u00e1 Nazar\u00e9 vive uma rela\u00e7\u00e3o saud\u00e1vel com as pessoas, a natureza e a alimenta\u00e7\u00e3o. Aos poucos trazendo seu ax\u00e9 e cultivando alimentos no apartamento, Nazar\u00e9 germina a transforma\u00e7\u00e3o no ambiente da vida de Natanael e do pr\u00e9dio em que ele vive.<\/p>\n<p>O filme \u00e9 entrecortado com quatro mini-document\u00e1rios de personagens reais que realizam experi\u00eancias de cultivo de alimentos na cidade, como Claudia Visoni, jornalista e ativista do movimento da agricultura urbana, que trabalha nas hortas Comunit\u00e1rias da Paulista e do Parque das Corujas; e os Moradores da Comunidade Caminho da Uni\u00e3o, que realizaram um sonho coletivo ao se unir para ocupar um terreno, que antes era s\u00f3 mato, para cultivar uma horta coletiva.<\/p>\n<p>Engels conta que o argumento do filme foi escrito para um concurso de roteiro, foi premiado e recebeu a verba para ser produzido. Ficou pronto em 2015 e est\u00e1 rodando o circuito de mostras e festivais, e j\u00e1 foi exibido no Ita\u00fa Cultural e na Virada da Sa\u00fade. \u201cO filme contagia as pessoas com o interesse em cultivar alimentos em casa. Al\u00e9m da trama de Nazar\u00e9 e Natanael o filme mostra\u00a0experi\u00eancias reais que reafirmam: sim isso \u00e9 poss\u00edvel! Tem gente plantando em espa\u00e7os muito pequenos\u201d, explica.<\/p>\n<p>Os personagens do filme tocam no tema da reciclagem, do pre\u00e7o dos alimentos, do reaproveitamento da mat\u00e9ria org\u00e2nica (minhoc\u00e1rios) e tamb\u00e9m do preconceito e da desinforma\u00e7\u00e3o que rondam estes temas. A cineasta estar\u00e1 presente nas sess\u00f5es do dia 29 e 30 de julho, que acontecem na Zonal Leste e Zona Sul respectivamente \u2013 veja a programa\u00e7\u00e3o.<\/p>\n<p><strong>Sobre a diretora<\/strong><\/p>\n<p>Cecilia Engels nasceu e cresceu em S\u00e3o Paulo. Se formou em Cinema na FAAP. Come\u00e7ou sua carreira roteirizando e dirigindo o curta metragem Um Par a Outro (12min, 35mm), que trata do desejo de um casal gay de ter um filho. O filme foi apresentado em mais de 30 importantes festivais pelo mundo e recebeu diversos pr\u00eamios. Seguiu no estilo do cinema independente realizando outros tr\u00eas curtas metragens: N\u00e3o Deixe Joana S\u00f3, Meu nome \u00e9 Bongo eu toco djembe e No que me toca. Sua estr\u00e9ia com m\u00e9dia metragem foi no document\u00e1rio O Povo Dourado Somos Todos N\u00f3s, que neste momento faz parte da programa\u00e7\u00e3o do Canal Brasil. Em 2014 escreveu o roteiro de Apart Horta para o concurso Filma Brasil &#8211; um concurso online com a tem\u00e1tica da alimenta\u00e7\u00e3o e energia. O roteiro foi premiado e recebeu a verba para ser produzido.<\/p>\n<p>&nbsp;<\/p>\n<p><em><strong>SERVI\u00c7O<\/strong><\/em><\/p>\n<p><em><strong>DIA:<\/strong><\/em><em>\u00a022 DE JULHO\u00a0\u2013\u00a0\u00a0sexta-feira \u2013 19H<\/em><\/p>\n<p><em><strong>LOCAL:\u00a0<\/strong><\/em><em>Associa\u00e7\u00e3o Defesa da Cidadania \/ Associa\u00e7\u00e3o Sonhos Dourados<\/em><\/p>\n<p><em><strong>ENDERE\u00c7O:<\/strong><\/em><em>\u00a0Rua Corumbata\u00ed 950 \u2013 Parque Paraiso, S\u00e3o Paulo.<\/em><\/p>\n<p><em>\u00a0<\/em><\/p>\n<p><em><strong>DIA:<\/strong><\/em><em>\u00a029\u00a0DE JULHO \u2013\u00a0Sexta-feira\u00a0\u2013 19H<\/em><\/p>\n<p><em><strong>LOCAL:\u00a0<\/strong><\/em><em>Procedu \u2013 Projeto Cultural Educacional Novo Pantanal<\/em><\/p>\n<p><em><strong>ENDERE\u00c7O:<\/strong><\/em><em>\u00a0Rua 5 de novembro, 713 \u2013 Uni\u00e3o de Vila Nova, S\u00e3o Paulo<\/em><\/p>\n<p>&nbsp;<\/p>\n<p><em><strong>DIA:<\/strong><\/em><em>\u00a030 DE JULHO \u2013 S\u00e1bado \u2013 19h, ao ar livre<\/em><\/p>\n<p><em><strong>LOCAL:\u00a0<\/strong><\/em><em>Biblioteca Comunit\u00e1ria Caminhos da Leitura<\/em><\/p>\n<p><em><strong>ENDERE\u00c7O:<\/strong><\/em><em>\u00a0Rua Sachio Nakao, 28 \u2013 Col\u00f4nia Paulista, Parelheiros, S\u00e3o Paulo<\/em><\/p>\n<p><em>\u00a0<\/em><\/p>\n<p><em><strong>DIA:\u00a0<\/strong><\/em><em>6 de AGOSTO \u2013 S\u00e1bado\u00a0 \u2013 19H<\/em><\/p>\n<p><em><strong>LOCAL:\u00a0<\/strong><\/em><em>Centro Comunit\u00e1rio Conquista em Cristo<\/em><\/p>\n<p><em><strong>ENDERE\u00c7O:<\/strong><\/em><em>\u00a0Rua Alagoa Nova, 501 \u2013 Perus, S\u00e3o Paulo<\/em><\/p>\n<p><em>\u00a0<\/em><\/p>\n<p><em><strong>DIA:<\/strong><\/em><em>\u00a019\u00a0DE AGOSTO \u2013 Sexta-feira \u2013 19H<\/em><\/p>\n<p><em><strong>LOCAL:<\/strong><\/em><em>\u00a0Sal\u00e3o da Par\u00f3quia Nossa Senhora de Lourdes<\/em><\/p>\n<p><em><strong>ENDERE\u00c7O:<\/strong><\/em><em>\u00a0Rua Brentano,437 \u2013 Vila Hamburguesa, S\u00e3o Paulo<\/em><\/p>\n","protected":false},"excerpt":{"rendered":"<p>Apart-Horta, m\u00e9dia metragem escrito e dirigido por Cec\u00edlia Engels, ser\u00e1 exibido entre os meses de julho e agosto. A produ\u00e7\u00e3o[&#8230;]<\/p>\n","protected":false},"author":2,"featured_media":8822,"comment_status":"open","ping_status":"open","sticky":false,"template":"","format":"standard","meta":[],"categories":[2],"tags":[48,89,198,252,897,1132],"_links":{"self":[{"href":"https:\/\/projetocineb.com.br\/index.php?rest_route=\/wp\/v2\/posts\/8821"}],"collection":[{"href":"https:\/\/projetocineb.com.br\/index.php?rest_route=\/wp\/v2\/posts"}],"about":[{"href":"https:\/\/projetocineb.com.br\/index.php?rest_route=\/wp\/v2\/types\/post"}],"author":[{"embeddable":true,"href":"https:\/\/projetocineb.com.br\/index.php?rest_route=\/wp\/v2\/users\/2"}],"replies":[{"embeddable":true,"href":"https:\/\/projetocineb.com.br\/index.php?rest_route=%2Fwp%2Fv2%2Fcomments&post=8821"}],"version-history":[{"count":0,"href":"https:\/\/projetocineb.com.br\/index.php?rest_route=\/wp\/v2\/posts\/8821\/revisions"}],"wp:featuredmedia":[{"embeddable":true,"href":"https:\/\/projetocineb.com.br\/index.php?rest_route=\/wp\/v2\/media\/8822"}],"wp:attachment":[{"href":"https:\/\/projetocineb.com.br\/index.php?rest_route=%2Fwp%2Fv2%2Fmedia&parent=8821"}],"wp:term":[{"taxonomy":"category","embeddable":true,"href":"https:\/\/projetocineb.com.br\/index.php?rest_route=%2Fwp%2Fv2%2Fcategories&post=8821"},{"taxonomy":"post_tag","embeddable":true,"href":"https:\/\/projetocineb.com.br\/index.php?rest_route=%2Fwp%2Fv2%2Ftags&post=8821"}],"curies":[{"name":"wp","href":"https:\/\/api.w.org\/{rel}","templated":true}]}}