{"id":8837,"date":"2016-07-25T12:49:08","date_gmt":"2016-07-25T15:49:08","guid":{"rendered":"http:\/\/projetocineb.com.br\/?p=8837"},"modified":"2016-07-25T12:49:08","modified_gmt":"2016-07-25T15:49:08","slug":"apart-horta-exibido-em-cajamar","status":"publish","type":"post","link":"https:\/\/projetocineb.com.br\/?p=8837","title":{"rendered":"Apart Horta exibido em Cajamar"},"content":{"rendered":"<p><em>CINEB foi, na \u00faltima sexta-feira, 22 de julho, pela primeira vez a Cajamar. Exibiu Apart Horta, filme de Cec\u00edlia Engels &#8211; que trata da agricultura urbana &#8211; para moradores do Jardim Para\u00edso que mant\u00e9m o h\u00e1bito de plantar verduras e legumes para o consumo pr\u00f3prio.<\/em><\/p>\n<p>O filme Apart Horta, que aborda a agricultura urbana nos grades centros, n\u00e3o teria lugar melhor para come\u00e7ar a ser exibido no CINEB. Boa parte dos moradores do Jardim Para\u00edso, na cidade de Cajamar, divisa com o bairro Perus, Zona Norte de S\u00e3o Paulo, que lotaram o sal\u00e3o de festas transformado numa sala de cinema do Projeto CINEB, na \u00faltima sexta-feira, 22 de julho, mant\u00e9m algum tipo de horta em casa.<\/p>\n<figure id=\"attachment_8839\" aria-describedby=\"caption-attachment-8839\" style=\"width: 499px\" class=\"wp-caption aligncenter\"><a href=\"http:\/\/projetocineb.com.br\/wp-content\/uploads\/2016\/07\/DSC_0490.jpg\"><img fetchpriority=\"high\" decoding=\"async\" class=\" wp-image-8839 \" title=\"DSC_0490\" src=\"http:\/\/projetocineb.com.br\/wp-content\/uploads\/2016\/07\/DSC_0490.jpg\" alt=\"\" width=\"499\" height=\"331\" \/><\/a><figcaption id=\"caption-attachment-8839\" class=\"wp-caption-text\">Primeira vez que o CINEB vai a Cajamar, na Grande S\u00e3o Paulo.<\/figcaption><\/figure>\n<p>Apart Horta \u00e9 escrito e dirigido por Cec\u00edlia Engels, jovem cinesta paulista. Conta a hist\u00f3ria da baiana Nazar\u00e9 que vai a S\u00e3o Paulo pela primeira vez para visitar seu irm\u00e3o Natanael, que tem um estilo de vida voltado ao trabalho. Nazar\u00e9 vive uma rela\u00e7\u00e3o saud\u00e1vel com as pessoas, a natureza e a alimenta\u00e7\u00e3o. Aos poucos trazendo seu ax\u00e9 e cultivando alimentos no apartamento, Nazar\u00e9 germina a transforma\u00e7\u00e3o no ambiente da vida de Natanael e do pr\u00e9dio em que ele vive. O filme \u00e9 entrecortado com quatro mini-document\u00e1rios de personagens reais que realizam experi\u00eancias de cultivo de alimentos na cidade de S\u00e3o Paulo.<\/p>\n<figure id=\"attachment_8840\" aria-describedby=\"caption-attachment-8840\" style=\"width: 499px\" class=\"wp-caption aligncenter\"><a href=\"http:\/\/projetocineb.com.br\/wp-content\/uploads\/2016\/07\/DSC_0489.jpg\"><img decoding=\"async\" class=\" wp-image-8840 \" title=\"DSC_0489\" src=\"http:\/\/projetocineb.com.br\/wp-content\/uploads\/2016\/07\/DSC_0489.jpg\" alt=\"\" width=\"499\" height=\"331\" \/><\/a><figcaption id=\"caption-attachment-8840\" class=\"wp-caption-text\">N\u00e3o poderia faltar a pipoca de Seu Antonio.<\/figcaption><\/figure>\n<p>Cajamar, com 70 mil habitantes, fica a cerca de 45 Km de S\u00e3o Paulo, \u00e0s margens da Rodovia Anhanguera. Integra os munic\u00edpios da regi\u00e3o norte da Grande S\u00e3o Paulo. O CINEB chegou a Cajamar pela primeira vez por meio de Valdeir do Carmo Ramos Pereira, morador do Morro da Mandioca. Pereira assistiu pela primeira vez uma sess\u00e3o do CINEB em outubro do ano passado, quando o projeto esteve no Morro Doce, na regi\u00e3o do Parque Anhanguera, Zona Norte de S\u00e3o Paulo. \u201cEu recebi um convite e fui \u00e0 sess\u00e3o. Achei a ideia muito boa e queria trazer para a minha cidade, porque aqui n\u00e3o tem nenhuma atividade cultural para as fam\u00edlias\u201d, explica.<\/p>\n<figure id=\"attachment_8842\" aria-describedby=\"caption-attachment-8842\" style=\"width: 499px\" class=\"wp-caption aligncenter\"><a href=\"http:\/\/projetocineb.com.br\/wp-content\/uploads\/2016\/07\/DSC_0510.jpg\"><img decoding=\"async\" class=\" wp-image-8842 \" title=\"DSC_0510\" src=\"http:\/\/projetocineb.com.br\/wp-content\/uploads\/2016\/07\/DSC_0510.jpg\" alt=\"\" width=\"499\" height=\"331\" \/><\/a><figcaption id=\"caption-attachment-8842\" class=\"wp-caption-text\">Abertura oficial da sess\u00e3o com Luiz Fl\u00e1vio Pereira, Cid\u00e1lio Vieira Santos, Valdeir do Carmo, Raimundo Nonato<\/figcaption><\/figure>\n<p>Pereira e Rosemeire do Carmo Chaves, que est\u00e3o montando a Associa\u00e7\u00e3o Sonhos Dourados para lutar por melhorias para o bairro em que moram, procuraram Luiz Fl\u00e1vio Siqueira e Filomena Leal Siqueira, que alugam um espa\u00e7o para festas. O casal atendeu prontamente o pedido de transformar o espa\u00e7o em uma sala de cinema. \u201cNa nossa regi\u00e3o nunca teve uma atividade assim. Fico feliz em ajudar\u201d, comentou Fl\u00e1vio.<\/p>\n<figure id=\"attachment_8841\" aria-describedby=\"caption-attachment-8841\" style=\"width: 499px\" class=\"wp-caption aligncenter\"><a href=\"http:\/\/projetocineb.com.br\/wp-content\/uploads\/2016\/07\/DSC_0500.jpg\"><img loading=\"lazy\" decoding=\"async\" class=\" wp-image-8841 \" title=\"DSC_0500\" src=\"http:\/\/projetocineb.com.br\/wp-content\/uploads\/2016\/07\/DSC_0500.jpg\" alt=\"\" width=\"499\" height=\"331\" \/><\/a><figcaption id=\"caption-attachment-8841\" class=\"wp-caption-text\">Luciane Fidelis Basto (centro) pela primeira vez numa sess\u00e3o de cinema, ao lado da sobrinha Carolina e dos filhos Maria Laura e Luiz Henrique.<\/figcaption><\/figure>\n<p>Cerca de 60 pessoas entre moradores de Cajamar e de Perus acompanharam a sess\u00e3o e muitos se reconheceram na personagem de Nazar\u00e9, apaixonada por plantas. Dona Isabel Martins conta que em seu quintal cultiva couve, alface, chuchu, para ter mais variedade de alimentos em casa. \u201co filme me inspirou, vou plantar muito mais agora\u201d. \u00a0O casal Paulo Rog\u00e9rio e Elisangela Silva vieram da \u00e1rea rural do Esp\u00edrito Santo e Bahia e ainda trazem o costume da ro\u00e7a. \u201cA gente planta principalmente cheiro verde. Com isso a gente economiza um pouco\u201d, explicaram.\u00a0 J\u00e1 Maria Juvenita planta coentro, cebola, couve e d\u00e1 receita para us\u00e1-los. \u201cCoentro \u00e9 um \u00f3timo tempero de carne. Fica melhor deixando de um dia para o outro. O coentro tamb\u00e9m fica muito bom no feij\u00e3o\u201d, sugere. At\u00e9 Filomena, propriet\u00e1ria do sal\u00e3o, apresentou ao coordenador do projeto CINEB, Cid\u00e1lio Vieira Santos, sua horta, que fica atr\u00e1s do sal\u00e3o. Foi uma sess\u00e3o repleta de troca de receitas e formas de plantar alimentos.<\/p>\n<figure id=\"attachment_8843\" aria-describedby=\"caption-attachment-8843\" style=\"width: 499px\" class=\"wp-caption aligncenter\"><a href=\"http:\/\/projetocineb.com.br\/wp-content\/uploads\/2016\/07\/DSC_0481.jpg\"><img loading=\"lazy\" decoding=\"async\" class=\" wp-image-8843 \" title=\"DSC_0481\" src=\"http:\/\/projetocineb.com.br\/wp-content\/uploads\/2016\/07\/DSC_0481.jpg\" alt=\"\" width=\"499\" height=\"331\" \/><\/a><figcaption id=\"caption-attachment-8843\" class=\"wp-caption-text\">Maria Juvenita: &quot;Coentro \u00e9 um \u00f3timo tempero de carne. Fica melhor deixando de um dia para o outro.&quot;<\/figcaption><\/figure>\n<p>Tamb\u00e9m esteve presente na sess\u00e3o, o banespiano aposentado Raimundo Nonato Dantas de Oliveira. Ele \u00e9 vereador em primeiro mandato pelo PT de Cajamar e foi dirigente do Sindicato dos Banc\u00e1rios de S\u00e3o Paulo, atuando na regi\u00e3o de Osasco. \u00a0\u201cEu conhecia o CINEB s\u00f3 por meio do jornal Folha Banc\u00e1ria. Fico feliz de poder acompanhar uma sess\u00e3o aqui na minha cidade\u201d, destacou.<\/p>\n<figure id=\"attachment_8846\" aria-describedby=\"caption-attachment-8846\" style=\"width: 501px\" class=\"wp-caption aligncenter\"><a href=\"http:\/\/projetocineb.com.br\/wp-content\/uploads\/2016\/07\/IMG_20160722_212604009.jpg\"><img loading=\"lazy\" decoding=\"async\" class=\"size-full wp-image-8846\" title=\"IMG_20160722_212604009\" src=\"http:\/\/projetocineb.com.br\/wp-content\/uploads\/2016\/07\/IMG_20160722_212604009.jpg\" alt=\"\" width=\"501\" height=\"480\" \/><\/a><figcaption id=\"caption-attachment-8846\" class=\"wp-caption-text\">Filomena exibe sua horta para o CINEB. At\u00e9 a pr\u00f3xima sess\u00e3o!<\/figcaption><\/figure>\n<p>O CINEB \u00e9 um circuito itinerante de cinema realizado pelo Sindicato dos Banc\u00e1rios de S\u00e3o Paulo, Osasco e Regi\u00e3o e pela Brazucah Produ\u00e7\u00f5es. Desde 2007, o j\u00e1 atingiu um p\u00fablico superior a 50 mil espectadores em quase 400 sess\u00f5es gratuitas realizadas em comunidades e universidades de S\u00e3o Paulo. A iniciativa busca democratizar o acesso ao cinema nacional e divulgar os filmes produzidos no Brasil. J\u00e1 foram exibidos na tela do CINEB mais de 75 longas-metragens e 50 curtas-metragens, al\u00e9m da realiza\u00e7\u00e3o de pr\u00e9-estreias exclusivas<em>.<\/em><\/p>\n","protected":false},"excerpt":{"rendered":"<p>CINEB foi, na \u00faltima sexta-feira, 22 de julho, pela primeira vez a Cajamar. Exibiu Apart Horta, filme de Cec\u00edlia Engels[&#8230;]<\/p>\n","protected":false},"author":2,"featured_media":8838,"comment_status":"open","ping_status":"open","sticky":false,"template":"","format":"standard","meta":[],"categories":[2],"tags":[89,154,166,181,198,237,252,897,1028,1046,1132],"_links":{"self":[{"href":"https:\/\/projetocineb.com.br\/index.php?rest_route=\/wp\/v2\/posts\/8837"}],"collection":[{"href":"https:\/\/projetocineb.com.br\/index.php?rest_route=\/wp\/v2\/posts"}],"about":[{"href":"https:\/\/projetocineb.com.br\/index.php?rest_route=\/wp\/v2\/types\/post"}],"author":[{"embeddable":true,"href":"https:\/\/projetocineb.com.br\/index.php?rest_route=\/wp\/v2\/users\/2"}],"replies":[{"embeddable":true,"href":"https:\/\/projetocineb.com.br\/index.php?rest_route=%2Fwp%2Fv2%2Fcomments&post=8837"}],"version-history":[{"count":0,"href":"https:\/\/projetocineb.com.br\/index.php?rest_route=\/wp\/v2\/posts\/8837\/revisions"}],"wp:featuredmedia":[{"embeddable":true,"href":"https:\/\/projetocineb.com.br\/index.php?rest_route=\/wp\/v2\/media\/8838"}],"wp:attachment":[{"href":"https:\/\/projetocineb.com.br\/index.php?rest_route=%2Fwp%2Fv2%2Fmedia&parent=8837"}],"wp:term":[{"taxonomy":"category","embeddable":true,"href":"https:\/\/projetocineb.com.br\/index.php?rest_route=%2Fwp%2Fv2%2Fcategories&post=8837"},{"taxonomy":"post_tag","embeddable":true,"href":"https:\/\/projetocineb.com.br\/index.php?rest_route=%2Fwp%2Fv2%2Ftags&post=8837"}],"curies":[{"name":"wp","href":"https:\/\/api.w.org\/{rel}","templated":true}]}}