{"id":8853,"date":"2016-07-27T17:53:28","date_gmt":"2016-07-27T20:53:28","guid":{"rendered":"http:\/\/projetocineb.com.br\/?p=8853"},"modified":"2016-07-27T17:53:28","modified_gmt":"2016-07-27T20:53:28","slug":"filme-mae-so-ha-uma-e-de-graca-so-na-regional-paulista","status":"publish","type":"post","link":"https:\/\/projetocineb.com.br\/?p=8853","title":{"rendered":"Filme M\u00e3e S\u00f3 H\u00e1 Uma, e de gra\u00e7a, s\u00f3 na Regional Paulista"},"content":{"rendered":"<p><em>O mais recente longa-metragem de Ana Mylaert, <\/em>M\u00e3e S\u00f3 H\u00e1 Uma<em>, que est\u00e1 em cartaz no circuito comercial, ter\u00e1 uma sess\u00e3o especial na Regional Paulista do Sindicato, em 5 de agosto, sexta, 19h, com entrada franca.<\/em><\/p>\n<p>O cinema brasileiro vive um momento rico, com muitas produ\u00e7\u00f5es sendo exibidas no circuito comercial. E mais uma vez o CINEB traz ao seu p\u00fablico um filme que acaba de entrar em cartaz nas salas de cinema do pa\u00eds. <em>M\u00e3e S\u00f3 H\u00e1 Uma<\/em> \u00e9 o mais recente longa-metragem da diretora paulistana Ana Muylaert, e ser\u00e1 exibido no dia 5 de agosto, 19h na Regional Paulista do Sindicato dos Banc\u00e1rios de S\u00e3o Paulo, Osasco e Regi\u00e3o.<\/p>\n<p>O filme \u00e9 livremente inspirado no caso real do menino Pedrinho, que parou o Brasil em 2002. Conta a historia de Pierre, um adolescente que, aos 17 anos, descobre que foi roubado, rec\u00e9m-nascido, na maternidade pela mulher que o criou a vida toda e a quem ele chama de m\u00e3e. Ap\u00f3s den\u00fancia an\u00f4nima, o adolescente \u00e9 obrigado a fazer um teste de DNA e a trocar de fam\u00edlia, de nome, de casa, de escola, em meio a seu processo de individua\u00e7\u00e3o.<\/p>\n<figure id=\"attachment_8854\" aria-describedby=\"caption-attachment-8854\" style=\"width: 480px\" class=\"wp-caption aligncenter\"><a href=\"http:\/\/projetocineb.com.br\/wp-content\/uploads\/2016\/07\/Mae_So_Uma_menino.jpg\"><img fetchpriority=\"high\" decoding=\"async\" class=\" wp-image-8854 \" title=\"Mae_So_Uma_menino\" src=\"http:\/\/projetocineb.com.br\/wp-content\/uploads\/2016\/07\/Mae_So_Uma_menino.jpg\" alt=\"\" width=\"480\" height=\"272\" \/><\/a><figcaption id=\"caption-attachment-8854\" class=\"wp-caption-text\">Foto: Divulga\u00e7\u00e3o<\/figcaption><\/figure>\n<p>O d\u00e9cimo quarto filme da cineasta Ana Muylaert aborda a quest\u00e3o da identidade, autenticidade e rebeldia, e foi rodado na cidade de S\u00e3o Paulo. Conta no elenco com dois fundadores do teatro da vertigem, Matheus Nachtergaele &#8211; que interpreta o pai do adolescente &#8211; e a atriz Dani Nefussi \u00a0\u2013 que \u00a0vive um duplo papel como as duas m\u00e3es do protagonista, Gloria e Aracy.\u00a0 No elenco, o jovem Naomi Nero interpreta Pierre e os atores Daniel Botelho e Lais Dias interpretam os irm\u00e3os do protagonista.<\/p>\n<figure id=\"attachment_8856\" aria-describedby=\"caption-attachment-8856\" style=\"width: 480px\" class=\"wp-caption aligncenter\"><a href=\"http:\/\/projetocineb.com.br\/wp-content\/uploads\/2016\/07\/Mae_So_Uma_Matheus_Nachgaer1.jpg\"><img decoding=\"async\" class=\" wp-image-8856 \" title=\"Mae_So_Uma_Matheus_Nachgaer\" src=\"http:\/\/projetocineb.com.br\/wp-content\/uploads\/2016\/07\/Mae_So_Uma_Matheus_Nachgaer1.jpg\" alt=\"\" width=\"480\" height=\"275\" \/><\/a><figcaption id=\"caption-attachment-8856\" class=\"wp-caption-text\">Foto: Divulga\u00e7\u00e3o<\/figcaption><\/figure>\n<p>&nbsp;<\/p>\n<p><em>M\u00e3e S\u00f3 H\u00e1 Uma<\/em> participou, em fevereiro, do festival de Berlim, onde recebeu o pr\u00eamio de Melhor filme Queer\u00a0do j\u00fari da revista alem\u00e3 <em>M\u00e4nner<\/em>, dentro do Teddy Bear Award e foi vendido para mais 15 pa\u00edses. Entra em cartaz depois do enorme sucesso do filme anterior de Ana Muylaert, Que <em>horas ela volta?<\/em>, que foi exibido pelo CINEB em dezembro do anos passado, ao mesmo tempo em que estava em cartaz nos cinemas. O filme ganhou v\u00e1rios pr\u00eamios internacionais entre eles o pr\u00eamio especial do j\u00fari no Festival de Sundance e o pr\u00eamio do p\u00fablico de melhor filme da se\u00e7\u00e3o Panorama do Festival de Berlim 2015. Foi vendido para mais de 30 pa\u00edses e teve no Brasil cerca de 500 mil espectadores.<\/p>\n<p><strong>ANA MUYLAERT<\/strong><strong><\/strong><\/p>\n<figure id=\"attachment_8857\" aria-describedby=\"caption-attachment-8857\" style=\"width: 480px\" class=\"wp-caption aligncenter\"><a href=\"http:\/\/projetocineb.com.br\/wp-content\/uploads\/2016\/07\/Ana-Muylaert_gleeson-paulino_baixa.jpg\"><img decoding=\"async\" class=\" wp-image-8857 \" title=\"Ana Muylaert_gleeson-paulino_baixa\" src=\"http:\/\/projetocineb.com.br\/wp-content\/uploads\/2016\/07\/Ana-Muylaert_gleeson-paulino_baixa.jpg\" alt=\"\" width=\"480\" height=\"320\" \/><\/a><figcaption id=\"caption-attachment-8857\" class=\"wp-caption-text\">Foto: Gleeson Paulino<\/figcaption><\/figure>\n<p>Paulsitana, a cineasta estudou cinema na ECA\/USP e dirigiu v\u00e1rios curtas, entre eles o premiado <em>A origem dos beb\u00eas <\/em>(melhor filme festival de curtas de S\u00e3o Paulo). Assina a dire\u00e7\u00e3o dos longas-metragens <em>Durval Discos<\/em> (melhor filme, j\u00fari, cr\u00edtica e p\u00fablico no Festival de Gramado 2002), <em>\u00c9 Proibido Fumar<\/em> (melhor filme do j\u00fari e da cr\u00edtica no Festival de Bras\u00edlia 2009) e <em>Chamada a Cobrar<\/em> (2013). Escreveu cr\u00edticas de cinema para o Estad\u00e3o e para a Revista Isto \u00c9.<\/p>\n<p>Anna trabalhou na equipe de cria\u00e7\u00e3o das s\u00e9ries de TV infantil <em>Mundo da Lua<\/em> e do ic\u00f4nico <em>Castelo R\u00e1-Tim-Bum<\/em>, na TV Cultura. Ela tamb\u00e9m colaborou nos roteiros dos longas <em>O Ano em Que Meus Pais Sa\u00edram de F\u00e9rias<\/em> e <em>Xingu<\/em>, ambos de Cao Hamburger, <em>Praia do Futuro<\/em>, de Karim A\u00efnouz e nas s\u00e9ries de TV <em>Filhos do Carnaval<\/em>, <em>Alice<\/em> e <em>Preamar<\/em>, para a HBO. Em 2013 dirigiu o Telefilme <em>Al\u00e9m de Tudo me Deixou mudo o viol\u00e3o<\/em> e a s\u00e9rie de TV <em>Canalhas<\/em>, do GNT. Em 2015 lan\u00e7ou <em>Ser\u00e1 Que Ela Volta?<\/em> filme premiado internacionalmente e bastante elogiado pela cr\u00edtica.<\/p>\n<p><strong>SERVI\u00c7O<\/strong><\/p>\n<p>Filme: M\u00e3e S\u00f3 H\u00e1 Uma, Brasil, 2016, 82 min.<\/p>\n<p>Data: 5 de Agosto, sexta-feira, 19h.<\/p>\n<p>Local: Espa\u00e7o L\u00e9lia Abramo \u2013 Regional Paulista do Sindicato dos Banc\u00e1rios de S\u00e3o Paulo, Osasco e Regi\u00e3o.<\/p>\n<p>Endere\u00e7o: Rua Carlos Sampaio, 305, Bela Vista. Pr\u00f3ximo ao Metr\u00f4 Brigadeiro.<\/p>\n<p>Entrada franca.<\/p>\n","protected":false},"excerpt":{"rendered":"<p>O mais recente longa-metragem de Ana Mylaert, M\u00e3e S\u00f3 H\u00e1 Uma, que est\u00e1 em cartaz no circuito comercial, ter\u00e1 uma[&#8230;]<\/p>\n","protected":false},"author":2,"featured_media":8858,"comment_status":"open","ping_status":"open","sticky":false,"template":"","format":"standard","meta":[],"categories":[2],"tags":[],"_links":{"self":[{"href":"https:\/\/projetocineb.com.br\/index.php?rest_route=\/wp\/v2\/posts\/8853"}],"collection":[{"href":"https:\/\/projetocineb.com.br\/index.php?rest_route=\/wp\/v2\/posts"}],"about":[{"href":"https:\/\/projetocineb.com.br\/index.php?rest_route=\/wp\/v2\/types\/post"}],"author":[{"embeddable":true,"href":"https:\/\/projetocineb.com.br\/index.php?rest_route=\/wp\/v2\/users\/2"}],"replies":[{"embeddable":true,"href":"https:\/\/projetocineb.com.br\/index.php?rest_route=%2Fwp%2Fv2%2Fcomments&post=8853"}],"version-history":[{"count":0,"href":"https:\/\/projetocineb.com.br\/index.php?rest_route=\/wp\/v2\/posts\/8853\/revisions"}],"wp:featuredmedia":[{"embeddable":true,"href":"https:\/\/projetocineb.com.br\/index.php?rest_route=\/wp\/v2\/media\/8858"}],"wp:attachment":[{"href":"https:\/\/projetocineb.com.br\/index.php?rest_route=%2Fwp%2Fv2%2Fmedia&parent=8853"}],"wp:term":[{"taxonomy":"category","embeddable":true,"href":"https:\/\/projetocineb.com.br\/index.php?rest_route=%2Fwp%2Fv2%2Fcategories&post=8853"},{"taxonomy":"post_tag","embeddable":true,"href":"https:\/\/projetocineb.com.br\/index.php?rest_route=%2Fwp%2Fv2%2Ftags&post=8853"}],"curies":[{"name":"wp","href":"https:\/\/api.w.org\/{rel}","templated":true}]}}