{"id":8864,"date":"2016-07-31T20:31:26","date_gmt":"2016-07-31T23:31:26","guid":{"rendered":"http:\/\/projetocineb.com.br\/?p=8864"},"modified":"2016-07-31T20:31:26","modified_gmt":"2016-07-31T23:31:26","slug":"diretora-de-apart-horta-vai-a-sessao-no-procedu","status":"publish","type":"post","link":"https:\/\/projetocineb.com.br\/?p=8864","title":{"rendered":"Diretora de Apart Horta vai \u00e0 sess\u00e3o no Procedu"},"content":{"rendered":"<p style=\"text-align: right;\">Texto e fotos: Camila Villa<\/p>\n<p>Na \u00faltima sexta-feira, 29 de julho, o CINEB foi pela quarta vez ao Procedu, Projeto Cultural Educacional Novo Pantanal, tamb\u00e9m conhecido como Procedu Novo Pantanal, uma entidade localizada no bairro de Uni\u00e3o Vila Nova, distrito de Vila Jacu\u00ed, pr\u00f3ximo a S\u00e3o Miguel Paulista para exibir o filme Apart Horta de Cec\u00edlia Engels.<\/p>\n<p>Al\u00e9m da exibi\u00e7\u00e3o do filme, a pr\u00f3pria diretora foi at\u00e9 a comunidade conversar diretamente com o p\u00fablico. A entidade tem como objetivo trabalhar o desenvolvimento das pessoas preparando o individuo para o exerc\u00edcio da cidadania, vida familiar, qualifica\u00e7\u00e3o para o trabalho, ajudar na solu\u00e7\u00e3o das necessidades dos moradores do bairro e adjac\u00eancias, agindo nos problemas de car\u00e1ter educacional, cultural e social desenvolvendo atividades assistenciais e socioeducativas junto aos moradores de situa\u00e7\u00e3o mais vulner\u00e1vel, atendendo aproximadamente 1.040 fam\u00edlias.<\/p>\n<figure id=\"attachment_8872\" aria-describedby=\"caption-attachment-8872\" style=\"width: 480px\" class=\"wp-caption aligncenter\"><a href=\"http:\/\/projetocineb.com.br\/wp-content\/uploads\/2016\/07\/IMG_20160729_193206294.jpg\"><img fetchpriority=\"high\" decoding=\"async\" class=\" wp-image-8872 \" title=\"IMG_20160729_193206294\" src=\"http:\/\/projetocineb.com.br\/wp-content\/uploads\/2016\/07\/IMG_20160729_193206294.jpg\" alt=\"\" width=\"480\" height=\"270\" \/><\/a><figcaption id=\"caption-attachment-8872\" class=\"wp-caption-text\">Sess\u00e3o cheia para debater a agricultura urbana.<\/figcaption><\/figure>\n<p>Apart Horta \u00e9 um filme que mistura fic\u00e7\u00e3o e realidade e retrata a agricultura urbana, ou seja, como cultivar uma horta dentro de apartamentos, casas e nas grandes metr\u00f3poles. De acordo com Cec\u00edlia Engels, a ideia do filme partiu de um projeto de alimenta\u00e7\u00e3o saud\u00e1vel na internet. A exibi\u00e7\u00e3o do filme pelo CINEB no Procedu contou com a presen\u00e7a de 150 pessoas, entre adultos e crian\u00e7as que acabaram se interessando pelo tema e pela proposta de fazer uma horta em casa.<\/p>\n<figure id=\"attachment_8874\" aria-describedby=\"caption-attachment-8874\" style=\"width: 528px\" class=\"wp-caption aligncenter\"><a href=\"http:\/\/projetocineb.com.br\/wp-content\/uploads\/2016\/07\/DSC_0488.jpg\"><img decoding=\"async\" class=\" wp-image-8874 \" title=\"DSC_0488\" src=\"http:\/\/projetocineb.com.br\/wp-content\/uploads\/2016\/07\/DSC_0488.jpg\" alt=\"\" width=\"528\" height=\"351\" \/><\/a><figcaption id=\"caption-attachment-8874\" class=\"wp-caption-text\">Everton, coordenador do Procedu, Cid\u00e1lio Vieira Santos do CINEB e a diretora do filme Cec\u00edlia Engels<\/figcaption><\/figure>\n<p>Algumas senhoras que estavam presentes, como a dona Maria dos Reis Santos, j\u00e1 possuem uma horta bem rica em verduras, temperos e at\u00e9 algumas frutas \u201cJ\u00e1 tenho a horta h\u00e1 mais de anos. O h\u00e1bito de cultivar vem desde a inf\u00e2ncia quando eu morava na fazenda, agora eu compro terra e planto na laje. Tem de tudo, cidreira, pitanga, hortel\u00e3, capim santo, cenoura, caqui\u201d. Al\u00e9m da dona Maria, Miriam Glic\u00e9rio da Silva, tamb\u00e9m moradora da comunidade nos contou que h\u00e1 tr\u00eas anos j\u00e1 cultiva algumas coisas, como cheiro verde, cenoura, salsinha, cebola, cebolinha, tomate e alface. Mas diferente da dona Maria, Miriam teve a id\u00e9ia devido ao aumento nos pre\u00e7os das verduras e legumes nos \u00faltimos anos, aproveitando para economizar o dinheiro que seria gasto com esses alimentos.<\/p>\n<figure id=\"attachment_8875\" aria-describedby=\"caption-attachment-8875\" style=\"width: 528px\" class=\"wp-caption aligncenter\"><a href=\"http:\/\/projetocineb.com.br\/wp-content\/uploads\/2016\/07\/Montagem.jpg\"><img decoding=\"async\" class=\" wp-image-8875 \" title=\"Montagem\" src=\"http:\/\/projetocineb.com.br\/wp-content\/uploads\/2016\/07\/Montagem.jpg\" alt=\"\" width=\"528\" height=\"352\" \/><\/a><figcaption id=\"caption-attachment-8875\" class=\"wp-caption-text\">P\u00fablico do Procedu participa do debate com a diretora<\/figcaption><\/figure>\n<p>A crian\u00e7ada tamb\u00e9m n\u00e3o ficou para tr\u00e1s. Durante a conversa com a diretora do filme, Cec\u00edlia, muitas se empolgaram em contar suas aventuras de plantio de pequenas mudas, como feij\u00e3o e mostraram interesse em ajudar a fam\u00edlia a manter uma horta caseira.<\/p>\n<figure id=\"attachment_8877\" aria-describedby=\"caption-attachment-8877\" style=\"width: 480px\" class=\"wp-caption aligncenter\"><a href=\"http:\/\/projetocineb.com.br\/wp-content\/uploads\/2016\/07\/DSC_05331.jpg\"><img loading=\"lazy\" decoding=\"async\" class=\" wp-image-8877 \" title=\"DSC_0533\" src=\"http:\/\/projetocineb.com.br\/wp-content\/uploads\/2016\/07\/DSC_05331.jpg\" alt=\"\" width=\"480\" height=\"319\" \/><\/a><figcaption id=\"caption-attachment-8877\" class=\"wp-caption-text\">Cec\u00edlia ao lado dos moradores que ganharam brindes<\/figcaption><\/figure>\n<p style=\"text-align: center;\">\n<p>Algumas das pessoas que estavam presentes na exibi\u00e7\u00e3o de Apart Horta nunca haviam ido ao cinema e gostaram da iniciativa do CINEB de levar o cinema \u00e0 associa\u00e7\u00e3o de forma gratuita e divertida e j\u00e1 aguardam por uma pr\u00f3xima. Al\u00e9m da exibi\u00e7\u00e3o no Procedu, o filme de Cec\u00edlia tamb\u00e9m foi exibido no domingo, 31 de julho no Canal Brasil as 12h30. No final da apresenta\u00e7\u00e3o o CINEB fez um sorteio de mudas de plantas e camisetas do projeto para o p\u00fablico.<\/p>\n<figure id=\"attachment_8871\" aria-describedby=\"caption-attachment-8871\" style=\"width: 528px\" class=\"wp-caption aligncenter\"><a href=\"http:\/\/projetocineb.com.br\/wp-content\/uploads\/2016\/07\/DSC_0536.jpg\"><img loading=\"lazy\" decoding=\"async\" class=\" wp-image-8871 \" title=\"DSC_0536\" src=\"http:\/\/projetocineb.com.br\/wp-content\/uploads\/2016\/07\/DSC_0536.jpg\" alt=\"\" width=\"528\" height=\"351\" \/><\/a><figcaption id=\"caption-attachment-8871\" class=\"wp-caption-text\">At\u00e9 a pr\u00f3xima sess\u00e3o!<\/figcaption><\/figure>\n<p>O CINEB \u00e9 um circuito itinerante de cinema realizado pelo Sindicato dos Banc\u00e1rios de S\u00e3o Paulo, Osasco e Regi\u00e3o e pela Brazucah Produ\u00e7\u00f5es. Desde 2007, o j\u00e1 atingiu um p\u00fablico superior a 50 mil espectadores em quase 400 sess\u00f5es gratuitas realizadas em comunidades e universidades de S\u00e3o Paulo. A iniciativa busca democratizar o acesso ao cinema nacional e divulgar os filmes produzidos no Brasil. J\u00e1 foram exibidos na tela do CINEB mais de 75 longas-metragens e 50 curtas-metragens, al\u00e9m da realiza\u00e7\u00e3o de pr\u00e9-estreias exclusivas<em>.<\/em><\/p>\n","protected":false},"excerpt":{"rendered":"<p>Texto e fotos: Camila Villa Na \u00faltima sexta-feira, 29 de julho, o CINEB foi pela quarta vez ao Procedu, Projeto[&#8230;]<\/p>\n","protected":false},"author":2,"featured_media":8870,"comment_status":"open","ping_status":"open","sticky":false,"template":"","format":"standard","meta":[],"categories":[2],"tags":[89,154,172,198,237,252,996,1132],"_links":{"self":[{"href":"https:\/\/projetocineb.com.br\/index.php?rest_route=\/wp\/v2\/posts\/8864"}],"collection":[{"href":"https:\/\/projetocineb.com.br\/index.php?rest_route=\/wp\/v2\/posts"}],"about":[{"href":"https:\/\/projetocineb.com.br\/index.php?rest_route=\/wp\/v2\/types\/post"}],"author":[{"embeddable":true,"href":"https:\/\/projetocineb.com.br\/index.php?rest_route=\/wp\/v2\/users\/2"}],"replies":[{"embeddable":true,"href":"https:\/\/projetocineb.com.br\/index.php?rest_route=%2Fwp%2Fv2%2Fcomments&post=8864"}],"version-history":[{"count":0,"href":"https:\/\/projetocineb.com.br\/index.php?rest_route=\/wp\/v2\/posts\/8864\/revisions"}],"wp:featuredmedia":[{"embeddable":true,"href":"https:\/\/projetocineb.com.br\/index.php?rest_route=\/wp\/v2\/media\/8870"}],"wp:attachment":[{"href":"https:\/\/projetocineb.com.br\/index.php?rest_route=%2Fwp%2Fv2%2Fmedia&parent=8864"}],"wp:term":[{"taxonomy":"category","embeddable":true,"href":"https:\/\/projetocineb.com.br\/index.php?rest_route=%2Fwp%2Fv2%2Fcategories&post=8864"},{"taxonomy":"post_tag","embeddable":true,"href":"https:\/\/projetocineb.com.br\/index.php?rest_route=%2Fwp%2Fv2%2Ftags&post=8864"}],"curies":[{"name":"wp","href":"https:\/\/api.w.org\/{rel}","templated":true}]}}