{"id":8879,"date":"2016-07-31T23:56:29","date_gmt":"2016-08-01T02:56:29","guid":{"rendered":"http:\/\/projetocineb.com.br\/?p=8879"},"modified":"2016-07-31T23:56:29","modified_gmt":"2016-08-01T02:56:29","slug":"cinema-ao-ar-livre-na-zona-sul","status":"publish","type":"post","link":"https:\/\/projetocineb.com.br\/?p=8879","title":{"rendered":"Cinema ao ar livre na Zona Sul"},"content":{"rendered":"<p><em>CINEB exibiu Apart Horta no bairro Col\u00f4nia, na regi\u00e3o de Parelheiros, no s\u00e1bado, 30 de julho. Sess\u00e3o ao ar livre aconteceu na Biblioteca Comunit\u00e1ria Caminhos da Leitura.<\/em><\/p>\n<p>O CINEB esteve, no \u00faltimo s\u00e1bado, 30 de julho, na Biblioteca Comunit\u00e1ria Caminhos da Leitura, no bairro Col\u00f4nia, na regi\u00e3o de Parelheiros, Zona Sul de S\u00e3o Paulo. O bairro \u00e9 conhecido por estar dentro de uma cratera formada h\u00e1 milh\u00f5es de anos. O filme exibido ali foi <em>Apart Horta<\/em>, que trata da agricultura urbana nos grandes centros. A sess\u00e3o aconteceu ao ar livre e contou com a presen\u00e7a de moradores do Col\u00f4nia, Vargem Grande e Barragem. Esta \u00e9 a segunda vez o que CINEB vai \u00e0 regi\u00e3o de Parelheiros neste ano. Em 2015 esteve duas vezes na Barragem.<\/p>\n<figure id=\"attachment_8884\" aria-describedby=\"caption-attachment-8884\" style=\"width: 499px\" class=\"wp-caption aligncenter\"><a href=\"http:\/\/projetocineb.com.br\/wp-content\/uploads\/2016\/07\/DSC_0002.jpg\"><img fetchpriority=\"high\" decoding=\"async\" class=\" wp-image-8884 \" title=\"DSC_0002\" src=\"http:\/\/projetocineb.com.br\/wp-content\/uploads\/2016\/07\/DSC_0002.jpg\" alt=\"\" width=\"499\" height=\"331\" \/><\/a><figcaption id=\"caption-attachment-8884\" class=\"wp-caption-text\">Seu Antonio, o pipoqueiro do CNEB com os jovens articuladores da biblioteca.<\/figcaption><\/figure>\n<p>Essa op\u00e7\u00e3o por estar t\u00e3o presente no extremo da Zona Sul se deve ao fato da regi\u00e3o ser das \u00e1reas mais carentes de atividades culturais da cidade e morada de milhares de trabalhadores e estudantes. O cinema mais pr\u00f3ximo do bairro Col\u00f4nia, por exemplo, fica em Santo Amaro, a cerca de duas horas de \u00f4nibus. O espa\u00e7o onde aconteceu a sess\u00e3o ao ar livre fica ao lado do cemit\u00e9rio Col\u00f4nia, num dos poucos espa\u00e7os culturais da regi\u00e3o.<\/p>\n<figure id=\"attachment_8887\" aria-describedby=\"caption-attachment-8887\" style=\"width: 499px\" class=\"wp-caption aligncenter\"><a href=\"http:\/\/projetocineb.com.br\/wp-content\/uploads\/2016\/07\/DSC_0036.jpg\"><img decoding=\"async\" class=\" wp-image-8887 \" title=\"DSC_0036\" src=\"http:\/\/projetocineb.com.br\/wp-content\/uploads\/2016\/07\/DSC_0036.jpg\" alt=\"\" width=\"499\" height=\"331\" \/><\/a><figcaption id=\"caption-attachment-8887\" class=\"wp-caption-text\">O frio t\u00edpico da regi\u00e3o de Parelheiros n\u00e3o assustou o p\u00fablico.<\/figcaption><\/figure>\n<p>A Biblioteca Caminhos da Leitura \u00e9 uma iniciativa do Instituto Brasileiro de Estudo e Apoio Comunit\u00e1rio (IBEAC), e \u00e9 comandada h\u00e1 7 anos por jovens articuladores, que cuidam do espa\u00e7o e organizam atividades. Segundo Sidneia Chagas, articuladora gestora do espa\u00e7o, a ideia foi criar uma biblioteca \u201cque n\u00e3o se tornasse somente um espa\u00e7o de empr\u00e9stimo de livros, mas um espa\u00e7o de di\u00e1logo entre pessoas, um espa\u00e7o de encontro, de realiza\u00e7\u00e3o de ideias\u201d, explica.<\/p>\n<figure id=\"attachment_8888\" aria-describedby=\"caption-attachment-8888\" style=\"width: 499px\" class=\"wp-caption aligncenter\"><a href=\"http:\/\/projetocineb.com.br\/wp-content\/uploads\/2016\/07\/DSC_0015.jpg\"><img decoding=\"async\" class=\" wp-image-8888 \" title=\"DSC_0015\" src=\"http:\/\/projetocineb.com.br\/wp-content\/uploads\/2016\/07\/DSC_0015.jpg\" alt=\"\" width=\"499\" height=\"331\" \/><\/a><figcaption id=\"caption-attachment-8888\" class=\"wp-caption-text\">Juntinhos fica mais gostoso ver o filme.<\/figcaption><\/figure>\n<p>Apart Horta, o filme exibido na sess\u00e3o, foi escrito e dirigido por Cec\u00edlia Engels, jovem cineasta paulista. Conta a hist\u00f3ria da baiana Nazar\u00e9 que vai a S\u00e3o Paulo pela primeira vez para visitar seu irm\u00e3o Natanael, que tem um estilo de vida voltado ao trabalho. Nazar\u00e9 vive uma rela\u00e7\u00e3o saud\u00e1vel com as pessoas, a natureza e a alimenta\u00e7\u00e3o. Aos poucos trazendo seu ax\u00e9 e cultivando alimentos no apartamento, Nazar\u00e9 germina a transforma\u00e7\u00e3o no ambiente da vida de Natanael e do pr\u00e9dio em que ele vive. O filme \u00e9 entrecortado com quatro mini-document\u00e1rios de personagens reais que realizam experi\u00eancias de cultivo de alimentos na cidade de S\u00e3o Paulo.<\/p>\n<figure id=\"attachment_8889\" aria-describedby=\"caption-attachment-8889\" style=\"width: 499px\" class=\"wp-caption aligncenter\"><a href=\"http:\/\/projetocineb.com.br\/wp-content\/uploads\/2016\/07\/DSC_0052.jpg\"><img loading=\"lazy\" decoding=\"async\" class=\" wp-image-8889 \" title=\"DSC_0052\" src=\"http:\/\/projetocineb.com.br\/wp-content\/uploads\/2016\/07\/DSC_0052.jpg\" alt=\"\" width=\"499\" height=\"331\" \/><\/a><figcaption id=\"caption-attachment-8889\" class=\"wp-caption-text\">Cid\u00e1lio entrevista dona Francisca: &quot;\u00e1rvores s\u00e3o presentes dos amigos&quot;.<\/figcaption><\/figure>\n<p>O m\u00e9dia-metragem caiu na gra\u00e7a dos moradores que participaram da sess\u00e3o por abordar uma quest\u00e3o vividas por eles: o plantio de alimentos em casa. Dona Francisca Andrade, moradora da Cratera da Col\u00f4nia conta que na sua casa, em um terreno de 250 metros quadrados, metade da \u00e1rea \u00e9 ocupada por um pomar formado por \u00e1rvores frut\u00edferas, presente dos amigos. \u201cTenho pitanga, lim\u00e3o rosa, que produz o ano todo, carambola, goiabeira, p\u00e9 de jaboticaba, laranja da terra\u201d. J\u00e1 a professora Vania Marques, professora de matem\u00e1tica, lembra que sempre morou na regi\u00e3o, em s\u00edtios e ch\u00e1caras. Atualmente mora em um terreno pequeno, mas mant\u00e9m as pr\u00e1ticas org\u00e2nicas. \u201cSou florista e esse filme s\u00f3 me incentiva a mexer mais com a terra\u201d.<\/p>\n<figure id=\"attachment_8890\" aria-describedby=\"caption-attachment-8890\" style=\"width: 499px\" class=\"wp-caption aligncenter\"><a href=\"http:\/\/projetocineb.com.br\/wp-content\/uploads\/2016\/07\/DSC_0062.jpg\"><img loading=\"lazy\" decoding=\"async\" class=\" wp-image-8890 \" title=\"DSC_0062\" src=\"http:\/\/projetocineb.com.br\/wp-content\/uploads\/2016\/07\/DSC_0062.jpg\" alt=\"\" width=\"499\" height=\"331\" \/><\/a><figcaption id=\"caption-attachment-8890\" class=\"wp-caption-text\">V\u00e2nia com os filhos: &quot;esse filme s\u00f3 me incentiva a mexer mais com a terra&quot;<\/figcaption><\/figure>\n<p>O diretor da Confedera\u00e7\u00e3o Nacional dos Trabalhadores do Ramo Financeiro (Contraf) e idealizador do CINEB, Luiz Cl\u00e1udio Marcolino esteve presente na sess\u00e3o. Lembrou que o projeto, por meio do cinema brasileiro, aborda tem\u00e1ticas importantes para a sociedade. \u201cTem muita gente que produz alimentos em S\u00e3o Paulo. A agricultura familiar \u00e9 uma realidade mesmo na maior cidade da Am\u00e9rica Latina. E o CINEB consegue articular cultura com agricultura\u201d, observa.<\/p>\n<figure id=\"attachment_8901\" aria-describedby=\"caption-attachment-8901\" style=\"width: 499px\" class=\"wp-caption aligncenter\"><a href=\"http:\/\/projetocineb.com.br\/wp-content\/uploads\/2016\/07\/DSC_0055.jpg\"><img loading=\"lazy\" decoding=\"async\" class=\" wp-image-8901 \" title=\"DSC_0055\" src=\"http:\/\/projetocineb.com.br\/wp-content\/uploads\/2016\/07\/DSC_0055.jpg\" alt=\"\" width=\"499\" height=\"331\" \/><\/a><figcaption id=\"caption-attachment-8901\" class=\"wp-caption-text\">Luiz Cl\u00e1udio Marcolino, diretor da Contraf e idealizador do CINEB durante a sess\u00e3o no bairro Col\u00f4nia.<\/figcaption><\/figure>\n<p>Al\u00e9m das tradicionais camisetas sorteadas todas as sess\u00f5es pelo coordenador do projeto, Cid\u00e1lio Vieira Santos, tamb\u00e9m foram sorteadas mudas de plantas produzidas por uma da cond\u00f4minas do pr\u00e9dio em que Cid\u00e1lio mora. \u201cSinal de que \u00e9 realmente poss\u00edvel plantar alimentos em pr\u00e9dios, como mostra o filme\u201d, finaliza.<\/p>\n<figure id=\"attachment_8886\" aria-describedby=\"caption-attachment-8886\" style=\"width: 499px\" class=\"wp-caption aligncenter\"><a href=\"http:\/\/projetocineb.com.br\/wp-content\/uploads\/2016\/07\/DSC_00671.jpg\"><img loading=\"lazy\" decoding=\"async\" class=\" wp-image-8886 \" title=\"DSC_0067\" src=\"http:\/\/projetocineb.com.br\/wp-content\/uploads\/2016\/07\/DSC_00671.jpg\" alt=\"\" width=\"499\" height=\"331\" \/><\/a><figcaption id=\"caption-attachment-8886\" class=\"wp-caption-text\">At\u00e9 a pr\u00f3xima sess\u00e3o!<\/figcaption><\/figure>\n<p>O CINEB \u00e9 um circuito itinerante de cinema realizado pelo Sindicato dos Banc\u00e1rios de S\u00e3o Paulo, Osasco e Regi\u00e3o e pela Brazucah Produ\u00e7\u00f5es. Desde 2007, o j\u00e1 atingiu um p\u00fablico superior a 50 mil espectadores em quase 400 sess\u00f5es gratuitas realizadas em comunidades e universidades de S\u00e3o Paulo. A iniciativa busca democratizar o acesso ao cinema nacional e divulgar os filmes produzidos no Brasil. J\u00e1 foram exibidos na tela do CINEB mais de 75 longas-metragens e 50 curtas-metragens, al\u00e9m da realiza\u00e7\u00e3o de pr\u00e9-estreias exclusivas<em>.<\/em><\/p>\n","protected":false},"excerpt":{"rendered":"<p>CINEB exibiu Apart Horta no bairro Col\u00f4nia, na regi\u00e3o de Parelheiros, no s\u00e1bado, 30 de julho. Sess\u00e3o ao ar livre[&#8230;]<\/p>\n","protected":false},"author":2,"featured_media":8882,"comment_status":"open","ping_status":"open","sticky":false,"template":"","format":"standard","meta":[],"categories":[2],"tags":[89,140,181,237,252,305,926,1132,1252],"_links":{"self":[{"href":"https:\/\/projetocineb.com.br\/index.php?rest_route=\/wp\/v2\/posts\/8879"}],"collection":[{"href":"https:\/\/projetocineb.com.br\/index.php?rest_route=\/wp\/v2\/posts"}],"about":[{"href":"https:\/\/projetocineb.com.br\/index.php?rest_route=\/wp\/v2\/types\/post"}],"author":[{"embeddable":true,"href":"https:\/\/projetocineb.com.br\/index.php?rest_route=\/wp\/v2\/users\/2"}],"replies":[{"embeddable":true,"href":"https:\/\/projetocineb.com.br\/index.php?rest_route=%2Fwp%2Fv2%2Fcomments&post=8879"}],"version-history":[{"count":0,"href":"https:\/\/projetocineb.com.br\/index.php?rest_route=\/wp\/v2\/posts\/8879\/revisions"}],"wp:featuredmedia":[{"embeddable":true,"href":"https:\/\/projetocineb.com.br\/index.php?rest_route=\/wp\/v2\/media\/8882"}],"wp:attachment":[{"href":"https:\/\/projetocineb.com.br\/index.php?rest_route=%2Fwp%2Fv2%2Fmedia&parent=8879"}],"wp:term":[{"taxonomy":"category","embeddable":true,"href":"https:\/\/projetocineb.com.br\/index.php?rest_route=%2Fwp%2Fv2%2Fcategories&post=8879"},{"taxonomy":"post_tag","embeddable":true,"href":"https:\/\/projetocineb.com.br\/index.php?rest_route=%2Fwp%2Fv2%2Ftags&post=8879"}],"curies":[{"name":"wp","href":"https:\/\/api.w.org\/{rel}","templated":true}]}}