{"id":8904,"date":"2016-08-08T12:43:25","date_gmt":"2016-08-08T15:43:25","guid":{"rendered":"http:\/\/projetocineb.com.br\/?p=8904"},"modified":"2016-08-08T12:43:25","modified_gmt":"2016-08-08T15:43:25","slug":"debate-com-ana-muylaert-na-regional-paulista","status":"publish","type":"post","link":"https:\/\/projetocineb.com.br\/?p=8904","title":{"rendered":"Debate com Anna Muylaert na Regional Paulista"},"content":{"rendered":"<p><em>O CINEB exibiu na \u00faltima sexta-feira, 5\/8, na Regional Paulista, o longa <\/em>M\u00e3e S\u00f3 H\u00e1 Uma<em>, que est\u00e1 em cartaz no circuito comercial. Ao final da sess\u00e3o, a diretora do filme, Ana Muylaert participou de um debate com uma plateia bastante interessada.<\/em><\/p>\n<p>O espa\u00e7o cultural Lelia Abramo, que fica na Regional Paulista do Sindicato dos Banc\u00e1rios de S\u00e3o Paulo, Osasco e Regi\u00e3o ficou pequeno, na \u00faltima sexta-feira, 5\/8, para receber as mais de 180 pessoas que compareceram \u00e0 exibi\u00e7\u00e3o do longa metragem <em>M\u00e3e S\u00f3 H\u00e1 Uma<\/em>, da cineasta paulistana Anna Muylaert. Mesmo concorrendo com a abertura das Olimp\u00edadas Rio 2016, a sess\u00e3o foi uma das mais cheias no local em nove anos de projeto.<\/p>\n<figure id=\"attachment_8907\" aria-describedby=\"caption-attachment-8907\" style=\"width: 499px\" class=\"wp-caption aligncenter\"><a href=\"http:\/\/projetocineb.com.br\/wp-content\/uploads\/2016\/08\/DSC_0115.jpg\"><img fetchpriority=\"high\" decoding=\"async\" class=\" wp-image-8907 \" title=\"DSC_0115\" src=\"http:\/\/projetocineb.com.br\/wp-content\/uploads\/2016\/08\/DSC_0115.jpg\" alt=\"\" width=\"499\" height=\"331\" \/><\/a><figcaption id=\"caption-attachment-8907\" class=\"wp-caption-text\">Um dos maiores p\u00fablicos em 9 anos de sess\u00e3o do CINEB na Regional Paulista.<\/figcaption><\/figure>\n<p>O filme, que est\u00e1 em cartaz no circuito comercial em S\u00e3o Paulo, \u00e9 livremente inspirado no caso real do menino Pedrinho, que parou o Brasil em 2002. Conta a hist\u00f3ria de Pierre, um adolescente que, aos 17 anos, descobre que foi roubado, rec\u00e9m-nascido, na maternidade pela mulher que o criou a vida toda e a quem ele chama de m\u00e3e. Ap\u00f3s den\u00fancia an\u00f4nima, o adolescente \u00e9 obrigado a fazer um teste de DNA e a trocar de fam\u00edlia, de nome, de casa, de escola, em meio a seu processo de individua\u00e7\u00e3o.<\/p>\n<figure id=\"attachment_8914\" aria-describedby=\"caption-attachment-8914\" style=\"width: 499px\" class=\"wp-caption aligncenter\"><a href=\"http:\/\/projetocineb.com.br\/wp-content\/uploads\/2016\/08\/DSC_0098.jpg\"><img decoding=\"async\" class=\" wp-image-8914 \" title=\"DSC_0098\" src=\"http:\/\/projetocineb.com.br\/wp-content\/uploads\/2016\/08\/DSC_0098.jpg\" alt=\"\" width=\"499\" height=\"331\" \/><\/a><figcaption id=\"caption-attachment-8914\" class=\"wp-caption-text\">Sess\u00e3o teve transmiss\u00e3o ao vivo pela p\u00e1gina do CINEB no Facebook.<\/figcaption><\/figure>\n<p>\u201cO tema principal do filme \u00e9 identidade, forma\u00e7\u00e3o de identidade&#8230; eu acho que \u00e9 uma met\u00e1fora para todo adolescente, quando ele troca de pele da inf\u00e2ncia para a vida adulta, e \u00e9 nesse momento que h\u00e1 um embate com os pais\u201d explica Anna Muylaert, sobre a situa\u00e7\u00e3o vivida pelo personagem principal. A sess\u00e3o contou com a presen\u00e7a da cineasta e do ator Danilo Botelho, que faz o papel do irm\u00e3o de Pierre, o protagonista do filme. \u201c\u00c9 um projeto incr\u00edvel, porque o circuito comercial \u00e9 muito restrito, s\u00f3 tem <em>blockbuster<\/em>, e as pessoas n\u00e3o t\u00eam tanto acesso ao cinema que reflete, que traz o debate, ent\u00e3o \u00e9 um trabalho de formiguinha, muito importante, o que o CINEB faz\u201d, comentou a cineasta antes do in\u00edcio do debate.<\/p>\n<figure id=\"attachment_8915\" aria-describedby=\"caption-attachment-8915\" style=\"width: 499px\" class=\"wp-caption aligncenter\"><a href=\"http:\/\/projetocineb.com.br\/wp-content\/uploads\/2016\/08\/DSC_00781.jpg\"><img decoding=\"async\" class=\" wp-image-8915 \" title=\"DSC_0078\" src=\"http:\/\/projetocineb.com.br\/wp-content\/uploads\/2016\/08\/DSC_00781.jpg\" alt=\"\" width=\"499\" height=\"331\" \/><\/a><figcaption id=\"caption-attachment-8915\" class=\"wp-caption-text\">EE Herbert Baldus, que fica no Graja\u00fa, fretou \u00f4nibus para levar alunos \u00e0 sess\u00e3o do CINEB: acesso \u00e0 cultura<\/figcaption><\/figure>\n<p>Botelho, contou como foi selecionado para <em>M\u00e3e S\u00f3 H\u00e1 Uma, <\/em>aos 13 anos de idade. \u201cO principal estopim para eu poder ter participado desse longa foi meu trabalho no filme <em>Os Amigos<\/em>, de Lina Chamie, com Dira Paes. A partir da\u00ed, conheci a produtora de elenco do filme, que estava envolvida com o trabalho da Anna, fiz uma demo [grava\u00e7\u00e3o de uma cena] e fui o primeiro ator a ser selecionado\u201d, lembrou o jovem que agora tem 15 anos e mora na Zona Sul com os pais.<\/p>\n<figure id=\"attachment_8916\" aria-describedby=\"caption-attachment-8916\" style=\"width: 499px\" class=\"wp-caption aligncenter\"><a href=\"http:\/\/projetocineb.com.br\/wp-content\/uploads\/2016\/08\/DSC_0085.jpg\"><img loading=\"lazy\" decoding=\"async\" class=\" wp-image-8916 \" title=\"DSC_0085\" src=\"http:\/\/projetocineb.com.br\/wp-content\/uploads\/2016\/08\/DSC_0085.jpg\" alt=\"\" width=\"499\" height=\"331\" \/><\/a><figcaption id=\"caption-attachment-8916\" class=\"wp-caption-text\">N\u00e3o faltou a saborosa pipoca de Seu Antonio, aniversariante do dia.<\/figcaption><\/figure>\n<p>Os alunos do Ensino M\u00e9dio da Escola Estadual Herbert Baldus, que fica no Graja\u00fa, tamb\u00e9m Zona Sul, deixaram sua rotina de sala de aula e participaram da sess\u00e3o e do debate. A escola fretou um \u00f4nibus para leva-los at\u00e9 a regi\u00e3o da Paulista. \u201cOs alunos ter\u00e3o contato com um objeto cultural de extremo valor que \u00e9 o cinema nacional de qualidade. Al\u00e9m disso v\u00e3o poder conhecer a diretora do filme\u201d explicou o professor de hist\u00f3ria, Kleber Oliveira da Natividade. Ele conta que a escola realiza um cine-debate toda semana. Organizado pelo produtor cultural e estudante de cinema, Thiago Pinheiro, tamb\u00e9m presente na sess\u00e3o, o projeto se chama <em>Fa\u00e7a a Coisa Certa<\/em>, nome do longa mais conhecido do cineasta negro norte-americano Spike Lee. \u201cA gente faz reuni\u00f5es, e escolhe a tem\u00e1tica e o filme, para discutir com os estudantes aquilo que normalmente n\u00e3o conseguimos debater na sala de aula\u201d, explica Pinheiro. \u201cN\u00f3s gostamos muito do trabalho que voc\u00eas fazem e queremos ter o CINEB l\u00e1 na escola\u201d, terminou.<\/p>\n<p style=\"text-align: center;\"><a href=\"http:\/\/projetocineb.com.br\/wp-content\/uploads\/2016\/08\/DSC_0139.jpg\"><img loading=\"lazy\" decoding=\"async\" class=\"aligncenter  wp-image-8918\" title=\"DSC_0139\" src=\"http:\/\/projetocineb.com.br\/wp-content\/uploads\/2016\/08\/DSC_0139.jpg\" alt=\"Marcelo Gon\u00e7alves, diretor de Cultura do Sindicato dos Banc\u00e1rios e Cid\u00e1lio Vieira Santos, coordenador do CINEB, fazem a abertura oficial da sess\u00e3o.\" width=\"499\" height=\"331\" \/><\/a><\/p>\n<p>Segundo o coordenador do CINEB, Cid\u00e1lio Vieira Santos, o pedido da escola \u00e9 v\u00e1lido, porque foi a primeira vez que uma escola vem a uma sess\u00e3o no centro com um \u00f4nibus cheio de alunos. \u201cVoc\u00eas vieram at\u00e9 aqui, agora n\u00f3s vamos at\u00e9 voc\u00eas\u201d garantiu.<\/p>\n<p>&nbsp;<\/p>\n<figure id=\"attachment_9397\" aria-describedby=\"caption-attachment-9397\" style=\"width: 499px\" class=\"wp-caption aligncenter\"><a href=\"http:\/\/projetocineb.com.br\/wp-content\/uploads\/2016\/08\/DSC_01531.jpg\"><img loading=\"lazy\" decoding=\"async\" class=\" wp-image-9397 \" title=\"DSC_0153\" src=\"http:\/\/projetocineb.com.br\/wp-content\/uploads\/2016\/08\/DSC_01531.jpg\" alt=\"\" width=\"499\" height=\"331\" \/><\/a><figcaption id=\"caption-attachment-9397\" class=\"wp-caption-text\">O ator Danilo Botelho, o coordenador do Cine B Cid\u00e1lio Vieira Santos e a diretora Anna Muylaert.<\/figcaption><\/figure>\n<p style=\"text-align: center;\"><a href=\"http:\/\/projetocineb.com.br\/wp-content\/uploads\/2016\/08\/DSC_0180.jpg\"><img loading=\"lazy\" decoding=\"async\" class=\"aligncenter  wp-image-9398\" title=\"DSC_0180\" src=\"http:\/\/projetocineb.com.br\/wp-content\/uploads\/2016\/08\/DSC_0180.jpg\" alt=\"Anna Muylaert durante o debate.\" width=\"499\" height=\"331\" \/><\/a><\/p>\n<p>Alunos e professores do Centro de Educa\u00e7\u00e3o de Jovens e Adultos (CIEJA) Aluna J\u00e9ssica Nunes Herculano, no Butant\u00e3, Zona Oeste, tamb\u00e9m participaram da sess\u00e3o. Segundo o professor de hist\u00f3ria S\u00e9rgio Ten\u00f3rio, \u201co astral do CINEB \u00e9 muito bom e a proposta de levar o cinema brasileiro para quem n\u00e3o t\u00eam acesso \u00e9 um diferencial\u201d avaliou.<\/p>\n<p>&nbsp;<\/p>\n<figure id=\"attachment_8923\" aria-describedby=\"caption-attachment-8923\" style=\"width: 497px\" class=\"wp-caption aligncenter\"><a href=\"http:\/\/projetocineb.com.br\/wp-content\/uploads\/2016\/08\/Montagem-perguntas.jpg\"><img loading=\"lazy\" decoding=\"async\" class=\" wp-image-8923 \" title=\"Montagem perguntas\" src=\"http:\/\/projetocineb.com.br\/wp-content\/uploads\/2016\/08\/Montagem-perguntas.jpg\" alt=\"\" width=\"497\" height=\"331\" \/><\/a><figcaption id=\"caption-attachment-8923\" class=\"wp-caption-text\">Por mais de uma hora, p\u00fablico conversou com a diretora do filme M\u00e3e S\u00f3 H\u00e1 Uma.<\/figcaption><\/figure>\n<p>O debate com Anna Muylaert e Danilo Botelho, intermediado por Cid\u00e1lio durou cerca de uma hora. Ana respondeu v\u00e1rias perguntas do p\u00fablico sobre sua trajet\u00f3ria, a repercuss\u00e3o nacional e internacional de seus dois \u00faltimos filmes &#8211;\u00a0 <em>M\u00e3e S\u00f3 H\u00e1 Uma<\/em> e <em>Que Horas Ela Volta?<\/em> \u2013 e o papel da mulher como protagonista do mercado cinematogr\u00e1fico. \u201cS\u00e3o cerca de 15 a 20% de mulheres atr\u00e1s das c\u00e2maras. A gente quer o direito de ser l\u00edder. A mulher cansou desse lugar de assistente\u201d. Em outro momento, Ana lembrou que j\u00e1 sentiu o preconceito do mercado cinematogr\u00e1fico por conta de <em>Que Horas Ela Volta?<\/em> ter feito tanto sucesso. \u201cOs homens de cinema simplesmente n\u00e3o aceitam que uma mulher passe a ter poder, a concorrer com eles\u201d.<\/p>\n<figure id=\"attachment_8920\" aria-describedby=\"caption-attachment-8920\" style=\"width: 499px\" class=\"wp-caption aligncenter\"><a href=\"http:\/\/projetocineb.com.br\/wp-content\/uploads\/2016\/08\/DSC_0229.jpg\"><img loading=\"lazy\" decoding=\"async\" class=\" wp-image-8920 \" title=\"DSC_0229\" src=\"http:\/\/projetocineb.com.br\/wp-content\/uploads\/2016\/08\/DSC_0229.jpg\" alt=\"\" width=\"499\" height=\"331\" \/><\/a><figcaption id=\"caption-attachment-8920\" class=\"wp-caption-text\">Ao final do debate, um momento para a sess\u00e3o de fotos com a diretora.<\/figcaption><\/figure>\n<p>Muitos acompanharam o debate at\u00e9 o fim. Entre eles Sergio Benfica Barbosa Machado, 17 anos, que mant\u00e9m um canal no <em>Youtube<\/em> sobre a s\u00e9tima arte chamado <em>A Vida do Bem<\/em>. \u201cQuero ser cineasta, e estou lan\u00e7ando meu segundo curta metragem no pr\u00f3ximo dia 15. Faz tr\u00eas anos que acompanho o trabalho do CINEB e voc\u00eas est\u00e3o de parab\u00e9ns por trazer a Ana Muylaert para um debate\u201d, finalizou.<\/p>\n<figure id=\"attachment_8921\" aria-describedby=\"caption-attachment-8921\" style=\"width: 499px\" class=\"wp-caption aligncenter\"><a href=\"http:\/\/projetocineb.com.br\/wp-content\/uploads\/2016\/08\/DSC_0232.jpg\"><img loading=\"lazy\" decoding=\"async\" class=\" wp-image-8921 \" title=\"DSC_0232\" src=\"http:\/\/projetocineb.com.br\/wp-content\/uploads\/2016\/08\/DSC_0232.jpg\" alt=\"\" width=\"499\" height=\"331\" \/><\/a><figcaption id=\"caption-attachment-8921\" class=\"wp-caption-text\">Professores e alunos do CIEJA Aluna J\u00e9ssica Nunes, do Butant\u00e3.<\/figcaption><\/figure>\n<p>Para Marcelo Gon\u00e7alves, Diretor de Cultura do Sindicato dos Banc\u00e1rios de S\u00e3o Paulo, Osasco e Regi\u00e3o \u00e9 sempre bom ver a casa cheia, principalmente de jovens. \u201cA cultura tem sido um espa\u00e7o de di\u00e1logo, mobiliza\u00e7\u00e3o e resist\u00eancia contra a amea\u00e7a \u00e0 democracia que vivemos. O debate \u00e9 fundamental para enfrentarmos tantos ataques aos avan\u00e7os sociais desferidos por um governo ileg\u00edtimo como o de Temer\u201d, avalia. A sess\u00e3o contou ainda com a presen\u00e7a de Luiz Cl\u00e1udio Marcolino, diretor da Confedera\u00e7\u00e3o Nacional dos Trabalhadores do Ramo Financeiro (Contraf) e idealizador do CINEB, al\u00e9m de representantes de ONGs e associa\u00e7\u00f5es parceiras do CINEB.<\/p>\n<figure id=\"attachment_8910\" aria-describedby=\"caption-attachment-8910\" style=\"width: 499px\" class=\"wp-caption aligncenter\"><a href=\"http:\/\/projetocineb.com.br\/wp-content\/uploads\/2016\/08\/DSC_02271.jpg\"><img loading=\"lazy\" decoding=\"async\" class=\" wp-image-8910 \" title=\"DSC_0227\" src=\"http:\/\/projetocineb.com.br\/wp-content\/uploads\/2016\/08\/DSC_02271.jpg\" alt=\"\" width=\"499\" height=\"331\" \/><\/a><figcaption id=\"caption-attachment-8910\" class=\"wp-caption-text\">Professores e alunos da EE Herbert Baldus. At\u00e9 a pr\u00f3xima sess\u00e3o!<\/figcaption><\/figure>\n<p>O CINEB \u00e9 um circuito itinerante de cinema realizado pelo Sindicato dos Banc\u00e1rios de S\u00e3o Paulo, Osasco e Regi\u00e3o e pela Brazucah Produ\u00e7\u00f5es. Desde 2007, o j\u00e1 atingiu um p\u00fablico superior a 50 mil espectadores em quase 400 sess\u00f5es gratuitas realizadas em comunidades e universidades de S\u00e3o Paulo. A iniciativa busca democratizar o acesso ao cinema nacional e divulgar os filmes produzidos no Brasil. J\u00e1 foram exibidos na tela do CINEB mais de 75 longas-metragens e 50 curtas-metragens, al\u00e9m da realiza\u00e7\u00e3o de pr\u00e9-estreias exclusivas<em>.<\/em><\/p>\n","protected":false},"excerpt":{"rendered":"<p>O CINEB exibiu na \u00faltima sexta-feira, 5\/8, na Regional Paulista, o longa M\u00e3e S\u00f3 H\u00e1 Uma, que est\u00e1 em cartaz[&#8230;]<\/p>\n","protected":false},"author":2,"featured_media":8905,"comment_status":"open","ping_status":"open","sticky":false,"template":"","format":"standard","meta":[],"categories":[2],"tags":[72,154,181,237,252,367,758,774,781,1048,1132],"_links":{"self":[{"href":"https:\/\/projetocineb.com.br\/index.php?rest_route=\/wp\/v2\/posts\/8904"}],"collection":[{"href":"https:\/\/projetocineb.com.br\/index.php?rest_route=\/wp\/v2\/posts"}],"about":[{"href":"https:\/\/projetocineb.com.br\/index.php?rest_route=\/wp\/v2\/types\/post"}],"author":[{"embeddable":true,"href":"https:\/\/projetocineb.com.br\/index.php?rest_route=\/wp\/v2\/users\/2"}],"replies":[{"embeddable":true,"href":"https:\/\/projetocineb.com.br\/index.php?rest_route=%2Fwp%2Fv2%2Fcomments&post=8904"}],"version-history":[{"count":0,"href":"https:\/\/projetocineb.com.br\/index.php?rest_route=\/wp\/v2\/posts\/8904\/revisions"}],"wp:featuredmedia":[{"embeddable":true,"href":"https:\/\/projetocineb.com.br\/index.php?rest_route=\/wp\/v2\/media\/8905"}],"wp:attachment":[{"href":"https:\/\/projetocineb.com.br\/index.php?rest_route=%2Fwp%2Fv2%2Fmedia&parent=8904"}],"wp:term":[{"taxonomy":"category","embeddable":true,"href":"https:\/\/projetocineb.com.br\/index.php?rest_route=%2Fwp%2Fv2%2Fcategories&post=8904"},{"taxonomy":"post_tag","embeddable":true,"href":"https:\/\/projetocineb.com.br\/index.php?rest_route=%2Fwp%2Fv2%2Ftags&post=8904"}],"curies":[{"name":"wp","href":"https:\/\/api.w.org\/{rel}","templated":true}]}}