{"id":8955,"date":"2016-08-23T09:33:14","date_gmt":"2016-08-23T12:33:14","guid":{"rendered":"http:\/\/projetocineb.com.br\/?p=8955"},"modified":"2016-08-23T09:33:14","modified_gmt":"2016-08-23T12:33:14","slug":"cineb-organiza-debate-com-diretora-e-atriz-de-apart-horta","status":"publish","type":"post","link":"https:\/\/projetocineb.com.br\/?p=8955","title":{"rendered":"CINEB organiza debate com diretora e atriz de Apart Horta"},"content":{"rendered":"<p><em>Cec\u00edlia Engels, diretora do media-metragem Apart Horta e a atriz Let\u00edcia Tomazella participaram de um debate na \u00faltima sexta-feira, 19\/8, no Sal\u00e3o Paroquial da Igreja Nossa Senhora de Lourdes, na Vila Leopoldina, na Zona Oeste. Local recebeu o projeto pela oitava vez em nove anos.<\/em><\/p>\n<p>O CINEB j\u00e1 \u00e9 velho conhecido dos moradores da regi\u00e3o da Vila Leopoldina, na Zona Oeste de S\u00e3o Paulo. Em nove anos de projeto, o CINEB j\u00e1 levou o melhor do lado B do cinema brasileiro por oito vezes ao Sal\u00e3o Paroquial da Igreja Nossa Senhora de Lourdes. Dessa vez, a atividade teve um sabor especial: a diretora do filme exibido, Cec\u00edlia Engels esteve presente, ao lado da atriz Let\u00edcia Tomazella, para conversar com o p\u00fablico presente.<\/p>\n<figure id=\"attachment_8960\" aria-describedby=\"caption-attachment-8960\" style=\"width: 499px\" class=\"wp-caption aligncenter\"><a href=\"http:\/\/projetocineb.com.br\/wp-content\/uploads\/2016\/08\/DSC_0283.jpg\"><img fetchpriority=\"high\" decoding=\"async\" class=\" wp-image-8960 \" title=\"DSC_0283\" src=\"http:\/\/projetocineb.com.br\/wp-content\/uploads\/2016\/08\/DSC_0283.jpg\" alt=\"\" width=\"499\" height=\"331\" \/><\/a><figcaption id=\"caption-attachment-8960\" class=\"wp-caption-text\">Casa cheia para receber o CINEB.<\/figcaption><\/figure>\n<p>Apart Horta trata de um tema cada vez mais importante na vida das pessoas: a agricultura urbana. Foi escrito e dirigido por Cec\u00edlia Engels, jovem cineasta paulistana. Conta a hist\u00f3ria da baiana Nazar\u00e9 que vai a S\u00e3o Paulo pela primeira vez para visitar seu irm\u00e3o Natanael, que tem um estilo de vida voltado ao trabalho. Nazar\u00e9 vive uma rela\u00e7\u00e3o saud\u00e1vel com as pessoas, a natureza e a alimenta\u00e7\u00e3o. Aos poucos trazendo seu ax\u00e9 e cultivando alimentos no apartamento, Nazar\u00e9 germina a transforma\u00e7\u00e3o no ambiente da vida de Natanael e do pr\u00e9dio em que ele vive. O filme \u00e9 entrecortado com quatro mini-document\u00e1rios de personagens reais que realizam experi\u00eancias de cultivo de alimentos na cidade de S\u00e3o Paulo.<\/p>\n<figure id=\"attachment_8962\" aria-describedby=\"caption-attachment-8962\" style=\"width: 499px\" class=\"wp-caption aligncenter\"><a href=\"http:\/\/projetocineb.com.br\/wp-content\/uploads\/2016\/08\/DSC_0303.jpg\"><img decoding=\"async\" class=\" wp-image-8962 \" title=\"DSC_0303\" src=\"http:\/\/projetocineb.com.br\/wp-content\/uploads\/2016\/08\/DSC_0303.jpg\" alt=\"\" width=\"499\" height=\"331\" \/><\/a><figcaption id=\"caption-attachment-8962\" class=\"wp-caption-text\">Nunca pode faltar a pipoca do seu Antonio.<\/figcaption><\/figure>\n<p>O filme est\u00e1 em cartaz pelo CINEB h\u00e1 cinco sess\u00f5es e esta foi a segunda vez que Cec\u00edlia participou de um debate no projeto. A primeira aconteceu no Procedu, Zona Leste. A diretora conta que conheceu o CINEB quando passava em frente \u00e0 Regional Paulista em um dia que estava sendo exibido o filme <em>Chico \u2013 Um Artista Brasileiro<\/em>, em abril deste ano. Na ocasi\u00e3o conheceu o coordenador do projeto, Cid\u00e1lio Vieira Santos que a convidou a exibir seu filme em cinco sess\u00f5es. Impressionada com o trabalho que o CINEB realiza na divulga\u00e7\u00e3o do cinema brasileiro, ela lembrou que muitos filmes produzidos nunca chegam ao p\u00fablico por falta de distribui\u00e7\u00e3o. \u201cO cinema brasileiro precisa de a\u00e7\u00f5es como essa\u201d.<\/p>\n<figure id=\"attachment_8966\" aria-describedby=\"caption-attachment-8966\" style=\"width: 499px\" class=\"wp-caption aligncenter\"><a href=\"http:\/\/projetocineb.com.br\/wp-content\/uploads\/2016\/08\/DSC_0313.jpg\"><img decoding=\"async\" class=\" wp-image-8966 \" title=\"DSC_0313\" src=\"http:\/\/projetocineb.com.br\/wp-content\/uploads\/2016\/08\/DSC_0313.jpg\" alt=\"\" width=\"499\" height=\"331\" \/><\/a><figcaption id=\"caption-attachment-8966\" class=\"wp-caption-text\">Chegando para a sess\u00e3o de Apart Horta.<\/figcaption><\/figure>\n<p>J\u00e1 a atriz Let\u00edcia Tomazella estava estreando no CINEB. Atuando em filmes, pe\u00e7as de teatro e integrante do elenco da novela <em>Terra Prometida<\/em>, da TV Record, Let\u00edcia considera essencial um projeto como o CINEB para democratizar o acesso \u00e0 cultura e a arte brasileira, \u201csen\u00e3o ela fica elitizada. O filme, sobretudo, foi feito para ser exibido\u201d, contemporiza.<\/p>\n<figure id=\"attachment_8969\" aria-describedby=\"caption-attachment-8969\" style=\"width: 499px\" class=\"wp-caption aligncenter\"><a href=\"http:\/\/projetocineb.com.br\/wp-content\/uploads\/2016\/08\/DSC_0314.jpg\"><img loading=\"lazy\" decoding=\"async\" class=\" wp-image-8969 \" title=\"DSC_0314\" src=\"http:\/\/projetocineb.com.br\/wp-content\/uploads\/2016\/08\/DSC_0314.jpg\" alt=\"\" width=\"499\" height=\"331\" \/><\/a><figcaption id=\"caption-attachment-8969\" class=\"wp-caption-text\">Projeto Ecobairro trouxe uma de suas atividades para a sess\u00e3o.<\/figcaption><\/figure>\n<p>A sess\u00e3o contou com atividades do projeto Ecobairro, que desenvolve uma s\u00e9rie de a\u00e7\u00f5es sustent\u00e1veis em bairros da cidade de S\u00e3o Paulo. O projeto organiza sua atua\u00e7\u00e3o a partir de oito dimens\u00f5es denominadas DNA Ecobairro: economia, cultura, educa\u00e7\u00e3o, pol\u00edtica, espiritualidade, sa\u00fade, comunica\u00e7\u00e3o e ecologia. Lara de Freitas, coordenadora do projeto, conta que o papel do DNA \u00e9 \u201cconstruir a sustentabilidade a partir de uma cidadania plena, capaz de encarar os desafios ambientais que as cidades enfrentam\u201d. O Ecobairro levou \u00e0 sess\u00e3o uma das principais atividades de educa\u00e7\u00e3o ambiental realizadas pelo projeto: a bola de semente, que consiste colocar em um saco de papel com terra, sementes de flores para serem soltas nas \u00e1reas verdes da cidade como ruas, terrenos, parque e jardins.<\/p>\n<figure id=\"attachment_8971\" aria-describedby=\"caption-attachment-8971\" style=\"width: 499px\" class=\"wp-caption aligncenter\"><a href=\"http:\/\/projetocineb.com.br\/wp-content\/uploads\/2016\/08\/DSC_0348.jpg\"><img loading=\"lazy\" decoding=\"async\" class=\" wp-image-8971 \" title=\"DSC_0348\" src=\"http:\/\/projetocineb.com.br\/wp-content\/uploads\/2016\/08\/DSC_0348.jpg\" alt=\"\" width=\"499\" height=\"331\" \/><\/a><figcaption id=\"caption-attachment-8971\" class=\"wp-caption-text\">Abertura oficial da sess\u00e3o.<\/figcaption><\/figure>\n<p>Muitas crian\u00e7as presentes montaram sua bola de sementes, entre elas os alunos da Escola Municipal de Ensino Fundamental (EMEF) general \u00c1lvaro da Silva Braga, da Vila Dalva, Zona Oeste, que foram levados \u00e0 sess\u00e3o pelo diretor Leonardo Manini. A escola vai receber uma sess\u00e3o do CINEB no pr\u00f3ximo dia10 de setembro.<\/p>\n<figure id=\"attachment_8973\" aria-describedby=\"caption-attachment-8973\" style=\"width: 499px\" class=\"wp-caption aligncenter\"><a href=\"http:\/\/projetocineb.com.br\/wp-content\/uploads\/2016\/08\/DSC_03601.jpg\"><img loading=\"lazy\" decoding=\"async\" class=\" wp-image-8973 \" title=\"DSC_0360\" src=\"http:\/\/projetocineb.com.br\/wp-content\/uploads\/2016\/08\/DSC_03601.jpg\" alt=\"\" width=\"499\" height=\"331\" \/><\/a><figcaption id=\"caption-attachment-8973\" class=\"wp-caption-text\">O coordenador do CINEB Cid\u00e1lio Vieira Santos e a cineasta Cec\u00edlia Engels.<\/figcaption><\/figure>\n<p>Na abertura oficial, o frei Alcimar Fiorezi, atual padre da igreja, tamb\u00e9m era estreante numa sess\u00e3o do CINEB lembrou o quanto atividades culturais integram a comunidade. \u201c\u00c9 muito importante j\u00e1 que traz o cinema, a cultura, a alegria, a divers\u00e3o para todas as fam\u00edlias. Neste momento que estamos celebrando a Semana Nacional da Fam\u00edlia, conseguimos trazer o cinema para nossa comunidade. \u00c9 muito bom\u201d. J\u00e1 Marcelo Gon\u00e7alves, diretor de cultura do Sindicato dos Banc\u00e1rios de S\u00e3o Paulo, Osasco e Regi\u00e3o lembrou que a entidade est\u00e1 em campanha salarial e a luta dos banc\u00e1rios por garantia de emprego tamb\u00e9m \u00e9 fundamental neste momento de crise e muito lucro dos bancos. \u201cMuitos pais de fam\u00edlias est\u00e3o com seus empregos amea\u00e7ados\u201d, explicou.<\/p>\n<figure id=\"attachment_8977\" aria-describedby=\"caption-attachment-8977\" style=\"width: 499px\" class=\"wp-caption aligncenter\"><a href=\"http:\/\/projetocineb.com.br\/wp-content\/uploads\/2016\/08\/DSC_03931.jpg\"><img loading=\"lazy\" decoding=\"async\" class=\" wp-image-8977 \" title=\"DSC_0393\" src=\"http:\/\/projetocineb.com.br\/wp-content\/uploads\/2016\/08\/DSC_03931.jpg\" alt=\"\" width=\"499\" height=\"331\" \/><\/a><figcaption id=\"caption-attachment-8977\" class=\"wp-caption-text\">Atriz Let\u00edcia Tomazella distribuindo aut\u00f3grafo ap\u00f3s debate.<\/figcaption><\/figure>\n<p>No debate, ap\u00f3s a sess\u00e3o, Cec\u00edlia e Let\u00edcia responderam muitas perguntas relacionadas \u00e0 tem\u00e1tica do filme. Cec\u00edlia explicou, por exemplo, como foi seu trabalho de pesquisa e como chegou \u00e0s entidades e pessoas apresentadas no mini-document\u00e1rio que demonstram como \u00e9 vi\u00e1vel fazer agricultura urbana nas cidades.<\/p>\n<figure id=\"attachment_8978\" aria-describedby=\"caption-attachment-8978\" style=\"width: 499px\" class=\"wp-caption aligncenter\"><a href=\"http:\/\/projetocineb.com.br\/wp-content\/uploads\/2016\/08\/DSC_0398.jpg\"><img loading=\"lazy\" decoding=\"async\" class=\" wp-image-8978 \" title=\"DSC_0398\" src=\"http:\/\/projetocineb.com.br\/wp-content\/uploads\/2016\/08\/DSC_0398.jpg\" alt=\"\" width=\"499\" height=\"331\" \/><\/a><figcaption id=\"caption-attachment-8978\" class=\"wp-caption-text\">Alunos da EMEF \u00c1lvaro da Silva Braga retornam para a Vila Dalva ap\u00f3s sess\u00e3o.<\/figcaption><\/figure>\n<p>Sheila Amaral, professora da rede municipal de educa\u00e7\u00e3o, acompanha o CINEB desde 2011. Ela lembra que quando lecionava na Educa\u00e7\u00e3o de Jovens e Adultos (EJA) da regi\u00e3o estava sempre presente com alunos. \u201cO CINEB \u00e9 maravilhoso, democratiza o cinema, vai at\u00e9 a comunidade, \u00e9 aberto. Vemos, hoje em dia, que a cultura n\u00e3o \u00e9 acess\u00edvel \u00e0 popula\u00e7\u00e3o e o projeto \u00e9 uma forma de dar esse acesso\u201d, explica.<\/p>\n<figure id=\"attachment_8975\" aria-describedby=\"caption-attachment-8975\" style=\"width: 499px\" class=\"wp-caption aligncenter\"><a href=\"http:\/\/projetocineb.com.br\/wp-content\/uploads\/2016\/08\/DSC_0421.jpg\"><img loading=\"lazy\" decoding=\"async\" class=\" wp-image-8975 \" title=\"DSC_0421\" src=\"http:\/\/projetocineb.com.br\/wp-content\/uploads\/2016\/08\/DSC_0421.jpg\" alt=\"\" width=\"499\" height=\"331\" \/><\/a><figcaption id=\"caption-attachment-8975\" class=\"wp-caption-text\">O idealizador do CINEB, Luiz Cl\u00e1udio Marcolino, Let\u00edcia, Cec\u00edlia e Cid\u00e1lio.<\/figcaption><\/figure>\n<p>Andrea Zaretti, da Pastoral da Fam\u00edlia, nunca perdeu uma sess\u00e3o do CINEB na Vila Leopoldina. \u201cA gente at\u00e9 sente falta quando voc\u00eas v\u00e3o embora\u201d, elogia. Tamb\u00e9m marcaram presen\u00e7a na sess\u00e3o Carla Lima, do conselho participativo municipal do bairro Jo\u00e3o XXIII, Zona Oeste, que receber\u00e1 uma sess\u00e3o em setembro, e Luiz Cl\u00e1udio Marcolino, atual diretor da Confedera\u00e7\u00e3o dos Trabalhadores do Ramo Financeiro (Contraf) e idealizador do projeto CINEB quando era presidente do Sindicato dos Banc\u00e1rios de S\u00e3o Paulo Osasco e Regi\u00e3o. O CINEB agradece, ainda, a Bernardete, secret\u00e1ria de igreja pela distribui\u00e7\u00e3o dos convites.<\/p>\n<figure id=\"attachment_8974\" aria-describedby=\"caption-attachment-8974\" style=\"width: 499px\" class=\"wp-caption aligncenter\"><a href=\"http:\/\/projetocineb.com.br\/wp-content\/uploads\/2016\/08\/DSC_0417.jpg\"><img loading=\"lazy\" decoding=\"async\" class=\" wp-image-8974 \" title=\"DSC_0417\" src=\"http:\/\/projetocineb.com.br\/wp-content\/uploads\/2016\/08\/DSC_0417.jpg\" alt=\"\" width=\"499\" height=\"331\" \/><\/a><figcaption id=\"caption-attachment-8974\" class=\"wp-caption-text\">At\u00e9 a pr\u00f3xima sess\u00e3o!<\/figcaption><\/figure>\n<p>O CINEB \u00e9 um circuito itinerante de cinema realizado pelo Sindicato dos Banc\u00e1rios de S\u00e3o Paulo, Osasco e Regi\u00e3o e pela Brazucah Produ\u00e7\u00f5es. Desde 2007, o j\u00e1 atingiu um p\u00fablico superior a 50 mil espectadores em quase 400 sess\u00f5es gratuitas realizadas em comunidades e universidades de S\u00e3o Paulo. A iniciativa busca democratizar o acesso ao cinema nacional e divulgar os filmes produzidos no Brasil. J\u00e1 foram exibidos na tela do CINEB mais de 75 longas-metragens e 50 curtas-metragens, al\u00e9m da realiza\u00e7\u00e3o de pr\u00e9-estreias exclusivas<em>.<\/em><\/p>\n","protected":false},"excerpt":{"rendered":"<p>Cec\u00edlia Engels, diretora do media-metragem Apart Horta e a atriz Let\u00edcia Tomazella participaram de um debate na \u00faltima sexta-feira, 19\/8,[&#8230;]<\/p>\n","protected":false},"author":2,"featured_media":8958,"comment_status":"open","ping_status":"open","sticky":false,"template":"","format":"standard","meta":[],"categories":[2],"tags":[],"_links":{"self":[{"href":"https:\/\/projetocineb.com.br\/index.php?rest_route=\/wp\/v2\/posts\/8955"}],"collection":[{"href":"https:\/\/projetocineb.com.br\/index.php?rest_route=\/wp\/v2\/posts"}],"about":[{"href":"https:\/\/projetocineb.com.br\/index.php?rest_route=\/wp\/v2\/types\/post"}],"author":[{"embeddable":true,"href":"https:\/\/projetocineb.com.br\/index.php?rest_route=\/wp\/v2\/users\/2"}],"replies":[{"embeddable":true,"href":"https:\/\/projetocineb.com.br\/index.php?rest_route=%2Fwp%2Fv2%2Fcomments&post=8955"}],"version-history":[{"count":0,"href":"https:\/\/projetocineb.com.br\/index.php?rest_route=\/wp\/v2\/posts\/8955\/revisions"}],"wp:featuredmedia":[{"embeddable":true,"href":"https:\/\/projetocineb.com.br\/index.php?rest_route=\/wp\/v2\/media\/8958"}],"wp:attachment":[{"href":"https:\/\/projetocineb.com.br\/index.php?rest_route=%2Fwp%2Fv2%2Fmedia&parent=8955"}],"wp:term":[{"taxonomy":"category","embeddable":true,"href":"https:\/\/projetocineb.com.br\/index.php?rest_route=%2Fwp%2Fv2%2Fcategories&post=8955"},{"taxonomy":"post_tag","embeddable":true,"href":"https:\/\/projetocineb.com.br\/index.php?rest_route=%2Fwp%2Fv2%2Ftags&post=8955"}],"curies":[{"name":"wp","href":"https:\/\/api.w.org\/{rel}","templated":true}]}}