{"id":8982,"date":"2016-08-26T12:40:39","date_gmt":"2016-08-26T15:40:39","guid":{"rendered":"http:\/\/projetocineb.com.br\/?p=8982"},"modified":"2016-08-26T12:40:39","modified_gmt":"2016-08-26T15:40:39","slug":"cineb-encerra-temporada-de-apart-horta-na-vila-anglo","status":"publish","type":"post","link":"https:\/\/projetocineb.com.br\/?p=8982","title":{"rendered":"CINEB encerra temporada de Apart Horta na Vila Anglo"},"content":{"rendered":"<p><em>A Vila Anglo-Brasileira, na Zona Oeste, teve a oportunidade de encerrar, no \u00faltimo s\u00e1bado, dia 20 de agosto, a temporada do filme Apart Horta, que faz uma reflex\u00e3o sobre a agricultura urbana. O filme foi exibido em cinco sess\u00f5es no CINEB com um p\u00fablico de cerca de 500 pessoas.<\/em><\/p>\n<p>A cada ano que passa, o Projeto CINEB cria novos la\u00e7os de amizade como novas comunidades. Os moradores da Vila Anglo-Brasileira s\u00e3o um exemplo. Ano passado, o CINEB estreou no bairro ao levar, pela primeira vez, uma sess\u00e3o com o filme <em>Irm\u00e3 Dulce<\/em>. O enorme sucesso garantiu o retorno ao Sal\u00e3o Paroquial da Igreja Nossa Senhora Aparecida. Dessa vez o local foi escolhido para encerrar a temporada do m\u00e9dia-metragem <em>Apart Horta<\/em>, que aborda um tema cada vez mais importante na vida das pessoas: a agricultura urbana.Durante as cinco sess\u00f5es em que o filme foi exibido, cerca de 500 pessoas aprenderam t\u00e9cnica de agricultura urbana e puderam compartilhar com os presentes nas sess\u00f5es o gosto por plantas.<\/p>\n<figure id=\"attachment_9021\" aria-describedby=\"caption-attachment-9021\" style=\"width: 499px\" class=\"wp-caption aligncenter\"><a href=\"http:\/\/projetocineb.com.br\/wp-content\/uploads\/2016\/08\/DSC_04331.jpg\"><img fetchpriority=\"high\" decoding=\"async\" class=\" wp-image-9021 \" title=\"DSC_0433\" src=\"http:\/\/projetocineb.com.br\/wp-content\/uploads\/2016\/08\/DSC_04331.jpg\" alt=\"\" width=\"499\" height=\"331\" \/><\/a><figcaption id=\"caption-attachment-9021\" class=\"wp-caption-text\">Padre H\u00e9lio Vigo, que j\u00e1 foi banc\u00e1rio, e p\u00fablico aguardam in\u00edcio da sess\u00e3o<\/figcaption><\/figure>\n<p>O m\u00e9dia-metragem foi escrito e dirigido por Cec\u00edlia Engels, jovem cineasta paulistana. Conta a hist\u00f3ria da baiana Nazar\u00e9 que vai a S\u00e3o Paulo pela primeira vez para visitar seu irm\u00e3o Natanael, que tem um estilo de vida voltado ao trabalho. Nazar\u00e9 vive uma rela\u00e7\u00e3o saud\u00e1vel com as pessoas, a natureza e a alimenta\u00e7\u00e3o. Aos poucos trazendo seu ax\u00e9 e cultivando alimentos no apartamento, Nazar\u00e9 germina a transforma\u00e7\u00e3o no ambiente da vida de Natanael e do pr\u00e9dio em que ele vive. O filme \u00e9 entrecortado com quatro mini-document\u00e1rios de personagens reais que realizam experi\u00eancias de cultivo de alimentos na cidade de S\u00e3o Paulo.<\/p>\n<figure id=\"attachment_9022\" aria-describedby=\"caption-attachment-9022\" style=\"width: 499px\" class=\"wp-caption aligncenter\"><a href=\"http:\/\/projetocineb.com.br\/wp-content\/uploads\/2016\/08\/DSC_0494.jpg\"><img decoding=\"async\" class=\" wp-image-9022 \" title=\"DSC_0494\" src=\"http:\/\/projetocineb.com.br\/wp-content\/uploads\/2016\/08\/DSC_0494.jpg\" alt=\"\" width=\"499\" height=\"331\" \/><\/a><figcaption id=\"caption-attachment-9022\" class=\"wp-caption-text\">Cid\u00e1lio Vieira Santos, coordenador do CINEB, faz transmiss\u00e3o ao vivo da sess\u00e3o pelo facebook.<\/figcaption><\/figure>\n<p>Mesmo com a sess\u00e3o concorrendo com Brasil e Alemanha disputando a final do futebol nas Olimp\u00edadas Rio 2016, a Vila Anglo j\u00e1 conta com um p\u00fablico cativo e que gosta de cinema. \u00c9 o caso do historiador Leandro Antonio Gatti, que levou \u00e0 sess\u00e3o um curta-metragem com imagens da cidade de S\u00e3o Paulo e da Vila Anglo nos anos 1950. Gatti narrou durante os quatro minutos os detalhes das imagens. \u201cUma carro descendo a rua Ciridi\u00e3o Buarque. As pessoas andavam nas ruas porque n\u00e3o era comum ver um carro circulando\u201d, explicou. Ela explicou que filme pertence \u00e0 fam\u00edlia de Wanderley Monteiro, de 89 anos, presente na sess\u00e3o. Wanderley come\u00e7ou a trabalhar como balconista de farm\u00e1cia em 1939 e trabalhou por 66 anos no bairro e fez imagens do bairro, dos filhos e amigos.<\/p>\n<figure id=\"attachment_9023\" aria-describedby=\"caption-attachment-9023\" style=\"width: 499px\" class=\"wp-caption aligncenter\"><a href=\"http:\/\/projetocineb.com.br\/wp-content\/uploads\/2016\/08\/DSC_0592.jpg\"><img decoding=\"async\" class=\" wp-image-9023 \" title=\"DSC_0592\" src=\"http:\/\/projetocineb.com.br\/wp-content\/uploads\/2016\/08\/DSC_0592.jpg\" alt=\"\" width=\"499\" height=\"331\" \/><\/a><figcaption id=\"caption-attachment-9023\" class=\"wp-caption-text\">Historiador Leandro Gatti, Wanderley Monteiro e sua esposa, Alberto Monteiro e padre Helio.<\/figcaption><\/figure>\n<p>Outro amante do cinema presente na sess\u00e3o foi Alberto Monteiro, colega de Wanderley. Ele organizava sess\u00f5es de cinema na Pra\u00e7a Ara\u00e7ariguama na d\u00e9cada de 1950. \u201cExib\u00edamos os filmes do Gordo e o Magro, Charles Chaplin, entre outros, na parede de uma casa. O jardim da pra\u00e7a enchia de crian\u00e7as sentadas no ch\u00e3o para ver as hist\u00f3rias\u201d, recorda. Gatti juntou mem\u00f3rias como a de Alberto e a de Wanderley no livro <em>Hist\u00f3rias da Vila Anglo-Brasileira<\/em> e no blog historiasdavilaanglo.wordpress.com. No site \u00e9 poss\u00edvel assistir ao filme exibido no CINEB.<\/p>\n<p>&nbsp;<\/p>\n<figure id=\"attachment_9028\" aria-describedby=\"caption-attachment-9028\" style=\"width: 499px\" class=\"wp-caption aligncenter\"><a href=\"http:\/\/projetocineb.com.br\/wp-content\/uploads\/2016\/08\/DSC_05201.jpg\"><img loading=\"lazy\" decoding=\"async\" class=\" wp-image-9028 \" title=\"DSC_0520\" src=\"http:\/\/projetocineb.com.br\/wp-content\/uploads\/2016\/08\/DSC_05201.jpg\" alt=\"\" width=\"499\" height=\"331\" \/><\/a><figcaption id=\"caption-attachment-9028\" class=\"wp-caption-text\">Luiz Claudio Marcolino, idealizador do CINEB, Marcelo Gon\u00e7alves, diretor de Cultura do Sindicato dos Banc\u00e1rio e Cid\u00e1lio, coordenador do CINEB.<\/figcaption><\/figure>\n<p>A abertura oficial da sess\u00e3o contou com a presen\u00e7a do padre Helio Vigo, p\u00e1roco da igreja, que tamb\u00e9m foi banc\u00e1rio antes do celibato. Ele elogiou a iniciativa do Sindicato dos Banc\u00e1rios em parceria com a Brazucah Produ\u00e7\u00f5es e brincou: \u201cno ano passado o ch\u00e3o do sal\u00e3o ficou todo molhado tanto foi a emo\u00e7\u00e3o ao assistir o filme da Irm\u00e3 Dulce\u201d. Marcelo Gon\u00e7alves, diretor de cultura do Sindicato dos Banc\u00e1rios de S\u00e3o Paulo, Osasco e Regi\u00e3o lembrou que a categoria est\u00e1 em campanha salarial e lutando para garantir o emprego dos funcion\u00e1rios do Bradesco e Ita\u00fa. \u201cOs bancos est\u00e3o lucrando muito e querem demitir pais e m\u00e3es de fam\u00edlia. N\u00e3o podemos deixar isso acontecer\u201d, ponderou.<\/p>\n<figure id=\"attachment_9030\" aria-describedby=\"caption-attachment-9030\" style=\"width: 499px\" class=\"wp-caption aligncenter\"><a href=\"http:\/\/projetocineb.com.br\/wp-content\/uploads\/2016\/08\/DSC_04241.jpg\"><img loading=\"lazy\" decoding=\"async\" class=\" wp-image-9030 \" title=\"DSC_0424\" src=\"http:\/\/projetocineb.com.br\/wp-content\/uploads\/2016\/08\/DSC_04241.jpg\" alt=\"\" width=\"499\" height=\"331\" \/><\/a><figcaption id=\"caption-attachment-9030\" class=\"wp-caption-text\">As banc\u00e1rias Karen Criatina e Fernanda Mieko, moradoras da regi\u00e3o, aproveitaram a sess\u00e3o do CINEB.<\/figcaption><\/figure>\n<p>Ap\u00f3s a sess\u00e3o, o coordenador do CINEB, Cid\u00e1lio Vieira Santos conversou com muitos dos presentes para saber se algu\u00e9m cultivava alimentos em casa.Terezinha Cavenaghi contou que planta hortali\u00e7as como salsinha, coentro e muitas flores. \u201cSou do interior, de Lind\u00f3ia, e cresci no meio de plantas, por isso adoro cultivar\u201d. Am\u00e9lia Milani sempre gostou de plantar e o gosto passou para o filho, banc\u00e1rio do Ita\u00fa, que cultiva seus alimentos na varanda do apartamento. \u201cEle colocou uma horta na parede. Tem salsa, coentro, alface, piment\u00e3o\u201d.<\/p>\n<figure id=\"attachment_9031\" aria-describedby=\"caption-attachment-9031\" style=\"width: 499px\" class=\"wp-caption aligncenter\"><a href=\"http:\/\/projetocineb.com.br\/wp-content\/uploads\/2016\/08\/DSC_0566.jpg\"><img loading=\"lazy\" decoding=\"async\" class=\" wp-image-9031 \" title=\"DSC_0566\" src=\"http:\/\/projetocineb.com.br\/wp-content\/uploads\/2016\/08\/DSC_0566.jpg\" alt=\"\" width=\"499\" height=\"331\" \/><\/a><figcaption id=\"caption-attachment-9031\" class=\"wp-caption-text\">A horta no quintal da par\u00f3quia. Verduras, hortali\u00e7as e at\u00e9 um p\u00e9 de caf\u00e9.<\/figcaption><\/figure>\n<p>Na sess\u00e3o estavam presentes duas banc\u00e1rias moradoras da regi\u00e3o. Fernanda Mieko, funcion\u00e1ria do Banco do Brasil e Karen Cristina de Souza, do HSBC. Fernanda disse que tamb\u00e9m cultiva ervas medicinais e flores. \u201cTenho boldo e lavanda em casa\u201d. Ela explicou que descobriu as lutas do Sindicato dos Banc\u00e1rios recentemente. \u201cEu vivia a realidade do banco, mas adoeci e percebi que n\u00f3s somos apenas pe\u00e7as que s\u00e3o trocadas. Quando conheci como o Sindicato defende os direitos dos trabalhadores, dos cidad\u00e3os, percebi que h\u00e1 uma outra perspectiva na minha vida profissional. Hoje quero ajudar quem est\u00e1 l\u00e1 no banco sendo perseguido, prejudicado\u201d.<\/p>\n<figure id=\"attachment_9032\" aria-describedby=\"caption-attachment-9032\" style=\"width: 499px\" class=\"wp-caption aligncenter\"><a href=\"http:\/\/projetocineb.com.br\/wp-content\/uploads\/2016\/08\/DSC_0577.jpg\"><img loading=\"lazy\" decoding=\"async\" class=\" wp-image-9032 \" title=\"DSC_0577\" src=\"http:\/\/projetocineb.com.br\/wp-content\/uploads\/2016\/08\/DSC_0577.jpg\" alt=\"\" width=\"499\" height=\"331\" \/><\/a><figcaption id=\"caption-attachment-9032\" class=\"wp-caption-text\">Camiseta do CINEB foi um dos brindes sorteados.<\/figcaption><\/figure>\n<p>O diretor da Confedera\u00e7\u00e3o dos Trabalhadores do Ramo Financeiro (Contraf), Luiz Cl\u00e1udio Marcolino, idealizador do Projeto CINEB quando era presidente do Sindicato dos Banc\u00e1rios de S\u00e3o Paulo, Osasco e Regi\u00e3o, tamb\u00e9m participou da sess\u00e3o.<\/p>\n<figure id=\"attachment_9024\" aria-describedby=\"caption-attachment-9024\" style=\"width: 499px\" class=\"wp-caption aligncenter\"><a href=\"http:\/\/projetocineb.com.br\/wp-content\/uploads\/2016\/08\/DSC_0589.jpg\"><img loading=\"lazy\" decoding=\"async\" class=\" wp-image-9024 \" title=\"DSC_0589\" src=\"http:\/\/projetocineb.com.br\/wp-content\/uploads\/2016\/08\/DSC_0589.jpg\" alt=\"\" width=\"499\" height=\"331\" \/><\/a><figcaption id=\"caption-attachment-9024\" class=\"wp-caption-text\">At\u00e9 a pr\u00f3xima sess\u00e3o!<\/figcaption><\/figure>\n<p>O CINEB \u00e9 um circuito itinerante de cinema realizado pelo Sindicato dos Banc\u00e1rios de S\u00e3o Paulo, Osasco e Regi\u00e3o e pela Brazucah Produ\u00e7\u00f5es. Desde 2007, o j\u00e1 atingiu um p\u00fablico superior a 50 mil espectadores em quase 400 sess\u00f5es gratuitas realizadas em comunidades e universidades de S\u00e3o Paulo. A iniciativa busca democratizar o acesso ao cinema nacional e divulgar os filmes produzidos no Brasil. J\u00e1 foram exibidos na tela do CINEB mais de 75 longas-metragens e 50 curtas-metragens, al\u00e9m da realiza\u00e7\u00e3o de pr\u00e9-estreias exclusivas<em>.<\/em><\/p>\n","protected":false},"excerpt":{"rendered":"<p>A Vila Anglo-Brasileira, na Zona Oeste, teve a oportunidade de encerrar, no \u00faltimo s\u00e1bado, dia 20 de agosto, a temporada[&#8230;]<\/p>\n","protected":false},"author":2,"featured_media":8985,"comment_status":"open","ping_status":"open","sticky":false,"template":"","format":"standard","meta":[],"categories":[2],"tags":[],"_links":{"self":[{"href":"https:\/\/projetocineb.com.br\/index.php?rest_route=\/wp\/v2\/posts\/8982"}],"collection":[{"href":"https:\/\/projetocineb.com.br\/index.php?rest_route=\/wp\/v2\/posts"}],"about":[{"href":"https:\/\/projetocineb.com.br\/index.php?rest_route=\/wp\/v2\/types\/post"}],"author":[{"embeddable":true,"href":"https:\/\/projetocineb.com.br\/index.php?rest_route=\/wp\/v2\/users\/2"}],"replies":[{"embeddable":true,"href":"https:\/\/projetocineb.com.br\/index.php?rest_route=%2Fwp%2Fv2%2Fcomments&post=8982"}],"version-history":[{"count":0,"href":"https:\/\/projetocineb.com.br\/index.php?rest_route=\/wp\/v2\/posts\/8982\/revisions"}],"wp:featuredmedia":[{"embeddable":true,"href":"https:\/\/projetocineb.com.br\/index.php?rest_route=\/wp\/v2\/media\/8985"}],"wp:attachment":[{"href":"https:\/\/projetocineb.com.br\/index.php?rest_route=%2Fwp%2Fv2%2Fmedia&parent=8982"}],"wp:term":[{"taxonomy":"category","embeddable":true,"href":"https:\/\/projetocineb.com.br\/index.php?rest_route=%2Fwp%2Fv2%2Fcategories&post=8982"},{"taxonomy":"post_tag","embeddable":true,"href":"https:\/\/projetocineb.com.br\/index.php?rest_route=%2Fwp%2Fv2%2Ftags&post=8982"}],"curies":[{"name":"wp","href":"https:\/\/api.w.org\/{rel}","templated":true}]}}