{"id":8988,"date":"2016-09-05T00:40:54","date_gmt":"2016-09-05T03:40:54","guid":{"rendered":"http:\/\/projetocineb.com.br\/?p=8988"},"modified":"2016-09-05T00:40:54","modified_gmt":"2016-09-05T03:40:54","slug":"cineb-exibe-luiz-gonzaga-no-jardim-angela","status":"publish","type":"post","link":"https:\/\/projetocineb.com.br\/?p=8988","title":{"rendered":"CINEB exibe Luiz Gonzaga no Jardim \u00c2ngela"},"content":{"rendered":"<p><em>O CINEB retornou ao Jardim \u00c2ngela, pela segunda vez no ano, para estrear a temporada do filme <\/em>Gonzaga, De Pai Pra Filho<em>, de Breno Silveira. A sess\u00e3o aconteceu no \u00faltimo s\u00e1bado, 27\/8, no sal\u00e3o paroquial da Igreja dos Santos M\u00e1rites e integrou a programa\u00e7\u00e3o da 13\u00aa Mostra de Artes Decalogo Jalc.<\/em><\/p>\n<p>O CINEB estreou, no \u00faltimo s\u00e1bado, 27\/8, a temporada de um novo filme, o longa-metragem <em>Gonzaga, De Pai Pra Filho<\/em>, de Breno Silveira, que conta a tumultuada hist\u00f3ria de Luiz Gonzaga, o Rei do Bai\u00e3o, com seu filho Gonzaguinha. Os dois foram artistas de enorme sucesso. O pai, vindo do sert\u00e3o pernambucano para o Rio de janeiro nos anos 1940, inventou o bai\u00e3o, o mais popular ritmo musical nordestino. O filho, carioca, do Morro de S\u00e3o Carlos, soube como ningu\u00e9m traduzir a m\u00fasica do morro em sambas que emocionaram o Brasil nos anos 1980. Entre o pai e o filho, um abismo que foi al\u00e9m dos conflitos de gera\u00e7\u00e3o, venceu o medo e\u00a0o preconceito e resistiu \u00e0 dist\u00e2ncia e ao esquecimento.<\/p>\n<figure id=\"attachment_8990\" aria-describedby=\"caption-attachment-8990\" style=\"width: 499px\" class=\"wp-caption aligncenter\"><a href=\"http:\/\/projetocineb.com.br\/wp-content\/uploads\/2016\/09\/DSC_0655.jpg\"><img fetchpriority=\"high\" decoding=\"async\" class=\" wp-image-8990 \" title=\"DSC_0655\" src=\"http:\/\/projetocineb.com.br\/wp-content\/uploads\/2016\/09\/DSC_0655.jpg\" alt=\"\" width=\"499\" height=\"331\" \/><\/a><figcaption id=\"caption-attachment-8990\" class=\"wp-caption-text\">Cid\u00e1lio Vieira Santos, coordenador do CINEB apresenta o filme Gonzaga de Pai Para Filho<\/figcaption><\/figure>\n<p>O local para a estreia da temporada n\u00e3o poderia ser melhor: o Jardim \u00c2ngela, bairro da Zona Sul de S\u00e3o Paulo, reduto de muitos nordestinos que se aventuraram na cidade grande nos anos 1970 e 1980 e que enfrentaram toda a sorte de problemas para sobreviver num local que foi considerado dos mais violentos do mundo nos anos 1990. O palco foi mais uma vez o sal\u00e3o da Igreja Santos M\u00e1rtires, que tem esse nome em homenagem ao oper\u00e1rio Santos Dias, metal\u00fargico morador da Zona Sul, assassinado em 1979, durante repress\u00e3o a uma manifesta\u00e7\u00e3o dos trabalhadores.<\/p>\n<figure id=\"attachment_8991\" aria-describedby=\"caption-attachment-8991\" style=\"width: 499px\" class=\"wp-caption aligncenter\"><a href=\"http:\/\/projetocineb.com.br\/wp-content\/uploads\/2016\/09\/DSC_0628.jpg\"><img decoding=\"async\" class=\" wp-image-8991 \" title=\"DSC_0628\" src=\"http:\/\/projetocineb.com.br\/wp-content\/uploads\/2016\/09\/DSC_0628.jpg\" alt=\"\" width=\"499\" height=\"331\" \/><\/a><figcaption id=\"caption-attachment-8991\" class=\"wp-caption-text\">Sempre presente: a pipoca do seu Antonio.<\/figcaption><\/figure>\n<p>Doni Ara\u00fajo, integrante da Companhia de Artes Dec\u00e1logo Jalc, foi quem contatou, mais uma vez, o coordenador do CINEB, Cid\u00e1lio Vieira Santos, para organizar a sess\u00e3o do CINEB no dia em que aconteceu a 13\u00aa Mostra de Artes Dec\u00e1logo Jalc, um encontro cooperativo de grupos culturais e artistas da regi\u00e3o do Jardim \u00c2ngela para a expor e divulgar a arte produzida na regi\u00e3o. \u00a0\u201cProcuramos trazer um representante de cada manifesta\u00e7\u00e3o art\u00edstica. Um grupo de m\u00fasica, teatro, bal\u00e9, dan\u00e7a, conta\u00e7\u00e3o de hist\u00f3ria, exposi\u00e7\u00e3o de artes pl\u00e1sticas, oficina de fanzine e o cinema, com o CINEB\u201d. Comentou Doni.<\/p>\n<figure id=\"attachment_8992\" aria-describedby=\"caption-attachment-8992\" style=\"width: 499px\" class=\"wp-caption aligncenter\"><a href=\"http:\/\/projetocineb.com.br\/wp-content\/uploads\/2016\/09\/DSC_0647.jpg\"><img decoding=\"async\" class=\" wp-image-8992 \" title=\"DSC_0647\" src=\"http:\/\/projetocineb.com.br\/wp-content\/uploads\/2016\/09\/DSC_0647.jpg\" alt=\"\" width=\"499\" height=\"331\" \/><\/a><figcaption id=\"caption-attachment-8992\" class=\"wp-caption-text\">Marcelo Gon\u00e7alves, diretor do Sindicato, na abertura oficial da sess\u00e3o.<\/figcaption><\/figure>\n<p>Para ele o projeto \u00e9 um exemplo de acesso e democratiza\u00e7\u00e3o do cinema brasileiro. \u201c\u00c9 muito importante sensibilizar as pessoas\u201d. Mari de Brito, tamb\u00e9m integrante do grupo Jalc lembra que o cinema \u00e9 muito caro para as fam\u00edlias brasileiras. \u201cNa periferia, as pessoas s\u00f3 v\u00e3o no cinema quando crescem. Por isso a import\u00e2ncia do CINEB. Aqui \u00e9 poss\u00edvel ver fam\u00edlias inteiras na sess\u00e3o. Isso n\u00e3o aconteceria no cinema convencional para essas pessoas daqui\u201d, reflete.<\/p>\n<figure id=\"attachment_8994\" aria-describedby=\"caption-attachment-8994\" style=\"width: 499px\" class=\"wp-caption aligncenter\"><a href=\"http:\/\/projetocineb.com.br\/wp-content\/uploads\/2016\/09\/DSC_0671.jpg\"><img loading=\"lazy\" decoding=\"async\" class=\" wp-image-8994 \" title=\"DSC_0671\" src=\"http:\/\/projetocineb.com.br\/wp-content\/uploads\/2016\/09\/DSC_0671.jpg\" alt=\"\" width=\"499\" height=\"331\" \/><\/a><figcaption id=\"caption-attachment-8994\" class=\"wp-caption-text\">Maria Flausina, pela primeira vez numa sess\u00e3o de cinema, ao lado dos netos.<\/figcaption><\/figure>\n<p>\u00c9 o que acontece com a fam\u00edlia de Maria Flausina da Cruz, que estava pela primeira vez numa sess\u00e3o de cinema, acompanhada da neta Yasmin, 9 anos e do neto Anderson,\u00a0 7 anos. \u00a0Ela conta que a filha sempre vai ao cinema, mas ela nunca teve a oportunidade de ir a uma sess\u00e3o. \u201cDessa vez, como minha filha foi trabalhar, meus netos insistiram para eu vir com eles, eu vim e gostei\u201d, confessa.<\/p>\n<figure id=\"attachment_8996\" aria-describedby=\"caption-attachment-8996\" style=\"width: 499px\" class=\"wp-caption aligncenter\"><a href=\"http:\/\/projetocineb.com.br\/wp-content\/uploads\/2016\/09\/DSC_0638.jpg\"><img loading=\"lazy\" decoding=\"async\" class=\" wp-image-8996 \" title=\"DSC_0638\" src=\"http:\/\/projetocineb.com.br\/wp-content\/uploads\/2016\/09\/DSC_0638.jpg\" alt=\"\" width=\"499\" height=\"331\" \/><\/a><figcaption id=\"caption-attachment-8996\" class=\"wp-caption-text\">Muitas fam\u00edlias presentes no CINEB.<\/figcaption><\/figure>\n<p>Para Marcelo Gon\u00e7alves, diretor de cultura do Sindicato dos Banc\u00e1rios de S\u00e3o Paulo, Osasco e Regi\u00e3o, os banc\u00e1rios apostam no projeto. \u201cO CINEB, assim como o projeto Travessia que atende menores de rua, est\u00e3o para al\u00e9m das pautas sindicais, de emprego e melhores sal\u00e1rios, porque a gente acredita que \u00e9 necess\u00e1rio a categoria banc\u00e1ria dialogar com as comunidades da nossa cidade\u201d, avalia. Na sess\u00e3o, tamb\u00e9m estavam presentes o gerente do CCA S\u00e3o Jos\u00e9, Fl\u00e1vio Vicente de Souza e Luiz Cl\u00e1udio Marcolino, atual diretor da Confedera\u00e7\u00e3o Nacional dos Trabalhadores do Ramo Financeiro (Contraf) e idealizador do projeto CINEB quando era presidente do Sindicato dos Banc\u00e1rios de S\u00e3o Paulo, Osasco e Regi\u00e3o.<\/p>\n<figure id=\"attachment_8993\" aria-describedby=\"caption-attachment-8993\" style=\"width: 499px\" class=\"wp-caption aligncenter\"><a href=\"http:\/\/projetocineb.com.br\/wp-content\/uploads\/2016\/09\/DSC_06801.jpg\"><img loading=\"lazy\" decoding=\"async\" class=\" wp-image-8993 \" title=\"DSC_0680\" src=\"http:\/\/projetocineb.com.br\/wp-content\/uploads\/2016\/09\/DSC_06801.jpg\" alt=\"\" width=\"499\" height=\"331\" \/><\/a><figcaption id=\"caption-attachment-8993\" class=\"wp-caption-text\">At\u00e9 a pr\u00f3xima sess\u00e3o!<\/figcaption><\/figure>\n<p>O CINEB \u00e9 um circuito itinerante de cinema realizado pelo Sindicato dos Banc\u00e1rios de S\u00e3o Paulo, Osasco e Regi\u00e3o e pela Brazucah Produ\u00e7\u00f5es. Desde 2007, o j\u00e1 atingiu um p\u00fablico superior a 50 mil espectadores em quase 400 sess\u00f5es gratuitas realizadas em comunidades e universidades de S\u00e3o Paulo. A iniciativa busca democratizar o acesso ao cinema nacional e divulgar os filmes produzidos no Brasil. J\u00e1 foram exibidos na tela do CINEB mais de 75 longas-metragens e 50 curtas-metragens, al\u00e9m da realiza\u00e7\u00e3o de pr\u00e9-estreias exclusivas<em>.<\/em><\/p>\n","protected":false},"excerpt":{"rendered":"<p>O CINEB retornou ao Jardim \u00c2ngela, pela segunda vez no ano, para estrear a temporada do filme Gonzaga, De Pai[&#8230;]<\/p>\n","protected":false},"author":2,"featured_media":8997,"comment_status":"open","ping_status":"open","sticky":false,"template":"","format":"standard","meta":[],"categories":[2],"tags":[],"_links":{"self":[{"href":"https:\/\/projetocineb.com.br\/index.php?rest_route=\/wp\/v2\/posts\/8988"}],"collection":[{"href":"https:\/\/projetocineb.com.br\/index.php?rest_route=\/wp\/v2\/posts"}],"about":[{"href":"https:\/\/projetocineb.com.br\/index.php?rest_route=\/wp\/v2\/types\/post"}],"author":[{"embeddable":true,"href":"https:\/\/projetocineb.com.br\/index.php?rest_route=\/wp\/v2\/users\/2"}],"replies":[{"embeddable":true,"href":"https:\/\/projetocineb.com.br\/index.php?rest_route=%2Fwp%2Fv2%2Fcomments&post=8988"}],"version-history":[{"count":0,"href":"https:\/\/projetocineb.com.br\/index.php?rest_route=\/wp\/v2\/posts\/8988\/revisions"}],"wp:featuredmedia":[{"embeddable":true,"href":"https:\/\/projetocineb.com.br\/index.php?rest_route=\/wp\/v2\/media\/8997"}],"wp:attachment":[{"href":"https:\/\/projetocineb.com.br\/index.php?rest_route=%2Fwp%2Fv2%2Fmedia&parent=8988"}],"wp:term":[{"taxonomy":"category","embeddable":true,"href":"https:\/\/projetocineb.com.br\/index.php?rest_route=%2Fwp%2Fv2%2Fcategories&post=8988"},{"taxonomy":"post_tag","embeddable":true,"href":"https:\/\/projetocineb.com.br\/index.php?rest_route=%2Fwp%2Fv2%2Ftags&post=8988"}],"curies":[{"name":"wp","href":"https:\/\/api.w.org\/{rel}","templated":true}]}}