{"id":9000,"date":"2016-09-05T00:56:29","date_gmt":"2016-09-05T03:56:29","guid":{"rendered":"http:\/\/projetocineb.com.br\/?p=9000"},"modified":"2016-09-05T00:56:29","modified_gmt":"2016-09-05T03:56:29","slug":"comer-o-que-e-exibido-na-fiam-faam","status":"publish","type":"post","link":"https:\/\/projetocineb.com.br\/?p=9000","title":{"rendered":"Comer o Qu\u00ea? em debate na FIAM-FAAM"},"content":{"rendered":"<p><em>A FIAM-FAAM Vergueiro recebeu o CINEB na \u00faltima segunda-feira, 29\/8, para uma sess\u00e3o do document\u00e1rio <\/em>Comer o Qu\u00ea?<em> de Leonardo Brant. A faculdade \u00e9 parceira de longa data do projeto, que organizou um debate com a atriz e nutricionista Graziela Mantoanelli, entrevistadora do document\u00e1rio.<\/em><\/p>\n<p>Em um m\u00eas de intensa atividade, o CINEB organizou, na \u00faltima segunda-feira, 27\/8, mais uma sess\u00e3o de cinema. Dessa vez, o CINEB Universidade, na unidade Vergueiro da FIAM-FAAM. A faculdade \u00e9 parceira de longa data do projeto e j\u00e1 recebeu, de bra\u00e7os abertos, outras sess\u00f5es do CINEB possibilitando que seus alunos de comunica\u00e7\u00e3o tenham contato com a recente produ\u00e7\u00e3o cinematogr\u00e1fica brasileira. Na sess\u00e3o em que foi exibido o document\u00e1rio <em>Comer o Qu\u00ea?<\/em> de Leonardo Brant, alunos de R\u00e1dio e TV, Rela\u00e7\u00f5es P\u00fablicas e Jornalismo participaram de um debate com a atriz e nutricionista Graziela Mantoanelli, que conduziu as entrevistas no document\u00e1rio.<\/p>\n<figure id=\"attachment_9002\" aria-describedby=\"caption-attachment-9002\" style=\"width: 499px\" class=\"wp-caption aligncenter\"><a href=\"http:\/\/projetocineb.com.br\/wp-content\/uploads\/2016\/09\/DSC_0727.jpg\"><img fetchpriority=\"high\" decoding=\"async\" class=\" wp-image-9002 \" title=\"DSC_0727\" src=\"http:\/\/projetocineb.com.br\/wp-content\/uploads\/2016\/09\/DSC_0727.jpg\" alt=\"\" width=\"499\" height=\"331\" \/><\/a><figcaption id=\"caption-attachment-9002\" class=\"wp-caption-text\">Casa cheia para receber o CINEB<\/figcaption><\/figure>\n<p><em>Comer o Qu\u00ea?<\/em> \u00e9 uma produ\u00e7\u00e3o lan\u00e7ada em 2016 que apresenta o cotidiano de uma serie de personagens ligados ao mundo da alimenta\u00e7\u00e3o, de chefs consagrados a produtores rurais, passando por especialistas em nutri\u00e7\u00e3o, economia e gastronomia. Alex Atala, Bela Gil, Helena Rizzo, Marcos Palmeira, Marcio Atalla entre outros apresentam \u00e0 Graziela as diversas dimens\u00f5es e possibilidades da boa alimenta\u00e7\u00e3o.<\/p>\n<figure id=\"attachment_9005\" aria-describedby=\"caption-attachment-9005\" style=\"width: 499px\" class=\"wp-caption aligncenter\"><a href=\"http:\/\/projetocineb.com.br\/wp-content\/uploads\/2016\/09\/DSC_0702.jpg\"><img decoding=\"async\" class=\" wp-image-9005 \" title=\"DSC_0702\" src=\"http:\/\/projetocineb.com.br\/wp-content\/uploads\/2016\/09\/DSC_0702.jpg\" alt=\"\" width=\"499\" height=\"331\" \/><\/a><figcaption id=\"caption-attachment-9005\" class=\"wp-caption-text\">Alunos de Rela\u00e7\u00f5es P\u00fablicas, Jornalismo e R\u00e1dio e TV acompanharam a sess\u00e3o do filme Comer O Qu\u00ea?<\/figcaption><\/figure>\n<p>Para o coordenador do curso de jornalismo da FIAM-FAAM, Vicente Darde, a parceria \u00e9 importante porque pode divulgar o cinema brasileiro para os alunos e professores de forma que \u201ca comunidade escolar possa ter acesso, usufruir e refletir a produ\u00e7\u00e3o recente brasileira. \u00c9 importante essa valoriza\u00e7\u00e3o da produ\u00e7\u00e3o do conte\u00fado nacional\u201d, comenta.<\/p>\n<figure id=\"attachment_9006\" aria-describedby=\"caption-attachment-9006\" style=\"width: 499px\" class=\"wp-caption aligncenter\"><a href=\"http:\/\/projetocineb.com.br\/wp-content\/uploads\/2016\/09\/DSC_0741.jpg\"><img decoding=\"async\" class=\" wp-image-9006 \" title=\"DSC_0741\" src=\"http:\/\/projetocineb.com.br\/wp-content\/uploads\/2016\/09\/DSC_0741.jpg\" alt=\"\" width=\"499\" height=\"331\" \/><\/a><figcaption id=\"caption-attachment-9006\" class=\"wp-caption-text\">Ap\u00f3s a sess\u00e3o, alunos acompanharam debate com a nutricionista e atriz Graziella Mantoanelli.<\/figcaption><\/figure>\n<p>Para a professora do curso de r\u00e1dio e TV, Cintia Gomes Calhardo, \u201co Cine Universidade tem uma papel fundamental na forma\u00e7\u00e3o do aluno, porque o coloca em contato com quem est\u00e1 envolvido diretamente com a produ\u00e7\u00e3o\u201d, reflete.<\/p>\n<figure id=\"attachment_9007\" aria-describedby=\"caption-attachment-9007\" style=\"width: 499px\" class=\"wp-caption aligncenter\"><a href=\"http:\/\/projetocineb.com.br\/wp-content\/uploads\/2016\/09\/DSC_0735.jpg\"><img loading=\"lazy\" decoding=\"async\" class=\" wp-image-9007 \" title=\"DSC_0735\" src=\"http:\/\/projetocineb.com.br\/wp-content\/uploads\/2016\/09\/DSC_0735.jpg\" alt=\"\" width=\"499\" height=\"331\" \/><\/a><figcaption id=\"caption-attachment-9007\" class=\"wp-caption-text\">Debate atraiu a aten\u00e7\u00e3o dos alunos por mais de uma hora.<\/figcaption><\/figure>\n<p>Ao final da sess\u00e3o, o coordenador do CINEB Cid\u00e1lio Vieira Santos mediou um debate de cerca de uma hora entre Graziela e os alunos. A atriz e nutricionista respondeu muitas perguntas sobre alimenta\u00e7\u00e3o saud\u00e1vel e contou como foi a produ\u00e7\u00e3o do document\u00e1rio. \u201cA nossa inten\u00e7\u00e3o foi apresentar toda a complexidade que existe por tr\u00e1s da alimenta\u00e7\u00e3o. N\u00e3o quer\u00edamos responder nada, quer\u00edamos levantar perguntas\u201d, comentou durante o debate.\u00a0 Graziela n\u00e3o conhecia o trabalho desenvolvido pelo CINEB. Para ela, o projeto \u00e9 fant\u00e1stico. \u201cD\u00e1 acesso, \u00e9 um trabalho de cidadania, de informa\u00e7\u00e3o, e tem que ser estimulado porque a gente tem que levar o cinema para toda a popula\u00e7\u00e3o\u201d, finalizou.<\/p>\n<figure id=\"attachment_9004\" aria-describedby=\"caption-attachment-9004\" style=\"width: 499px\" class=\"wp-caption aligncenter\"><a href=\"http:\/\/projetocineb.com.br\/wp-content\/uploads\/2016\/09\/DSC_0739.jpg\"><img loading=\"lazy\" decoding=\"async\" class=\" wp-image-9004 \" title=\"DSC_0739\" src=\"http:\/\/projetocineb.com.br\/wp-content\/uploads\/2016\/09\/DSC_0739.jpg\" alt=\"\" width=\"499\" height=\"331\" \/><\/a><figcaption id=\"caption-attachment-9004\" class=\"wp-caption-text\">Alunos da FIAM-FAAM aproveitaram e fizeram in\u00fameras perguntas \u00e0 Graziela.<\/figcaption><\/figure>\n<p>Ao final da sess\u00e3o, os alunos aproveitaram para conversar com Graziela sobre novos projetos e o mercado do cinema documental. Michele Vieira, aluna do 8\u00ba semestre de jornalismo, foi a \u00faltima aluna a sair da sess\u00e3o. \u201cApresentei a ela meu projeto de conclus\u00e3o do curso, que \u00e9 um document\u00e1rio. Eu gostei muito do filme e do debate. Foi bem informativo\u201d, ponderou.<\/p>\n<figure id=\"attachment_9003\" aria-describedby=\"caption-attachment-9003\" style=\"width: 499px\" class=\"wp-caption aligncenter\"><a href=\"http:\/\/projetocineb.com.br\/wp-content\/uploads\/2016\/09\/DSC_0762.jpg\"><img loading=\"lazy\" decoding=\"async\" class=\" wp-image-9003\" title=\"DSC_0762\" src=\"http:\/\/projetocineb.com.br\/wp-content\/uploads\/2016\/09\/DSC_0762.jpg\" alt=\"\" width=\"499\" height=\"331\" \/><\/a><figcaption id=\"caption-attachment-9003\" class=\"wp-caption-text\">At\u00e9 a pr\u00f3xima sess\u00e3o!<\/figcaption><\/figure>\n<p>O CINEB \u00e9 um circuito itinerante de cinema realizado pelo Sindicato dos Banc\u00e1rios de S\u00e3o Paulo, Osasco e Regi\u00e3o e pela Brazucah Produ\u00e7\u00f5es. Desde 2007, o j\u00e1 atingiu um p\u00fablico superior a 50 mil espectadores em quase 400 sess\u00f5es gratuitas realizadas em comunidades e universidades de S\u00e3o Paulo. A iniciativa busca democratizar o acesso ao cinema nacional e divulgar os filmes produzidos no Brasil. J\u00e1 foram exibidos na tela do CINEB mais de 75 longas-metragens e 50 curtas-metragens, al\u00e9m da realiza\u00e7\u00e3o de pr\u00e9-estreias exclusivas<em>.<\/em><\/p>\n","protected":false},"excerpt":{"rendered":"<p>A FIAM-FAAM Vergueiro recebeu o CINEB na \u00faltima segunda-feira, 29\/8, para uma sess\u00e3o do document\u00e1rio Comer o Qu\u00ea? de Leonardo[&#8230;]<\/p>\n","protected":false},"author":2,"featured_media":9001,"comment_status":"open","ping_status":"open","sticky":false,"template":"","format":"standard","meta":[],"categories":[2],"tags":[],"_links":{"self":[{"href":"https:\/\/projetocineb.com.br\/index.php?rest_route=\/wp\/v2\/posts\/9000"}],"collection":[{"href":"https:\/\/projetocineb.com.br\/index.php?rest_route=\/wp\/v2\/posts"}],"about":[{"href":"https:\/\/projetocineb.com.br\/index.php?rest_route=\/wp\/v2\/types\/post"}],"author":[{"embeddable":true,"href":"https:\/\/projetocineb.com.br\/index.php?rest_route=\/wp\/v2\/users\/2"}],"replies":[{"embeddable":true,"href":"https:\/\/projetocineb.com.br\/index.php?rest_route=%2Fwp%2Fv2%2Fcomments&post=9000"}],"version-history":[{"count":0,"href":"https:\/\/projetocineb.com.br\/index.php?rest_route=\/wp\/v2\/posts\/9000\/revisions"}],"wp:featuredmedia":[{"embeddable":true,"href":"https:\/\/projetocineb.com.br\/index.php?rest_route=\/wp\/v2\/media\/9001"}],"wp:attachment":[{"href":"https:\/\/projetocineb.com.br\/index.php?rest_route=%2Fwp%2Fv2%2Fmedia&parent=9000"}],"wp:term":[{"taxonomy":"category","embeddable":true,"href":"https:\/\/projetocineb.com.br\/index.php?rest_route=%2Fwp%2Fv2%2Fcategories&post=9000"},{"taxonomy":"post_tag","embeddable":true,"href":"https:\/\/projetocineb.com.br\/index.php?rest_route=%2Fwp%2Fv2%2Ftags&post=9000"}],"curies":[{"name":"wp","href":"https:\/\/api.w.org\/{rel}","templated":true}]}}