{"id":9054,"date":"2016-09-15T13:41:56","date_gmt":"2016-09-15T16:41:56","guid":{"rendered":"http:\/\/projetocineb.com.br\/?p=9054"},"modified":"2016-09-15T13:41:56","modified_gmt":"2016-09-15T16:41:56","slug":"emef-da-vila-dalva-recebe-cineb","status":"publish","type":"post","link":"https:\/\/projetocineb.com.br\/?p=9054","title":{"rendered":"EMEF da Vila Dalva recebe CINEB"},"content":{"rendered":"<p><em>A EMEF Gal. Alvaro Silva Braga que fica na Vila Dalva, na Zona Oeste da capital, recebeu pela primeira vez, no \u00faltimo s\u00e1bado, 10\/9, o projeto CINE B que exibiu o filme Gonzaga de Pai para Filho, de Breno Silveira<\/em><em>.<\/em><\/p>\n<p>Pela segunda vez neste ano, uma escola que enviou seus alunos a uma sess\u00e3o do CINEB recebeu, cerca de um m\u00eas depois, a visita do projeto. Dessa vez, foi a Escola Municipal de Educa\u00e7\u00e3o Infantil (EMEF) General Alvaro Silva Braga. Os alunos da escola que fica na Vila Dalva, regi\u00e3o do Rio Pequeno, Zona Oeste, participaram da sess\u00e3o na Vila Leopoldina, em 19 de agosto, quando assistiram ao filme Apart Horta e a um debate com a diretora do filme, Cec\u00edlia Engels. J\u00e1 o retorno do CINEB aconteceu no \u00faltimo s\u00e1bado (10\/9), quando o CINEB levou cadeiras, tel\u00e3o, pipoca, o filme <em>Gonzaga, De Pai para Filho<\/em> de Breno Silveira e muitos brindes para a regi\u00e3o da Zona Oeste.<\/p>\n<p>O longa-metragem conta a tumultuada hist\u00f3ria de Luiz Gonzaga, o Rei do Bai\u00e3o, com seu filho Gonzaguinha. Os dois foram artistas de enorme sucesso. O pai, vindo do sert\u00e3o pernambucano para o Rio de janeiro nos anos 1940, inventou o bai\u00e3o, o mais popular ritmo musical nordestino. O filho, carioca, do Morro de S\u00e3o Carlos, soube como ningu\u00e9m traduzir a m\u00fasica do morro em sambas que emocionaram o Brasil nos anos 1980. Entre o pai e o filho, um abismo que foi al\u00e9m dos conflitos de gera\u00e7\u00e3o, mas que venceu o medo e\u00a0o preconceito e resistiu \u00e0 dist\u00e2ncia e ao esquecimento.<\/p>\n<p>Na sess\u00e3o, tamb\u00e9m foi exibido o curta-metragem <em>Annoni: 30 anos<\/em>, que faz uma homenagem \u00e0 hist\u00f3rica ocupa\u00e7\u00e3o da Fazenda Annoni no dia 29 de outubro de 1985, que marcou a primeira grande a\u00e7\u00e3o do Movimento Sem Terra (MST).<\/p>\n<p>Para Leonardo Manini, diretor da escola, o CINEB dissemina os filmes brasileiros \u201cque passam pouco na televis\u00e3o e s\u00e3o filmes bons. N\u00f3s assistimos Apart Horta, que leva a mensagem da produ\u00e7\u00e3o de hortas em casa, e aqui o CINEB traz a hist\u00f3ria de Luiz Gonzaga e Gonzaguinha dois dos grandes artistas brasileiros. Uma oportunidade para trazer as crian\u00e7as e as fam\u00edlias para um lazer, coisa que eles quase n\u00e3o t\u00eam aqui na comunidade\u201d, avalia.<\/p>\n<p>Entre as cerca de 60 pessoas presentes na sess\u00e3o, contava-se quatro integrantes do grupo da horta da Unidade B\u00e1sica de Sa\u00fade (UBS) da Vila Dalva. O grupo \u00e9 formado por 12 usu\u00e1rias da sa\u00fade e existe h\u00e1 cerca de 6 anos. \u201cAli plantamos ervas medicinais como poejo, hortel\u00e3, cavalinha, novalgina, maracuj\u00e1\u201d, explica Clarice Tomisawa. O grupo se re\u00fane uma vez por semana, geralmente \u00e0s sexta-feiras, para cuidar da horta e praticar atividades f\u00edsicas. \u201cE tamb\u00e9m se re\u00fane nos eventos que acontecem na regi\u00e3o, como \u00e9 o caso da sess\u00e3o de hoje\u201d.<\/p>\n<p>O casal Paulo Rodrigues e Maria dos Rem\u00e9dios soube da sess\u00e3o tamb\u00e9m por conta da UBS. \u201cEu vou frequentemente ao posto de sa\u00fade e ali recebi o convite\u201d, comenta Paulo. Moradores da Vila Dalva h\u00e1 40 anos, eles contam que a regi\u00e3o recebe poucas atividades culturais, por isso n\u00e3o perderam a oportunidade. Ao chegar \u00e0 sess\u00e3o, tiveram uma grata surpresa: o reencontro com o coordenador do projeto CINEB, Cid\u00e1lio Vieira Santos. \u201cEu o conhe\u00e7o desde adolescente, quando ele militava aqui na regi\u00e3o\u201d, conta dona Maria. Cid\u00e1lio explica que morou na regi\u00e3o e frequentava as reuni\u00f5es partid\u00e1rias que aconteciam na resid\u00eancia do casal. \u201cO filme foi bom, mas melhor ainda foi reencontrar um velho amigo\u201d, explicou Paulo.<\/p>\n<p>Ao final da sess\u00e3o, enquanto os presentes aguardavam o sorteio de camisetas, alguns alunos e professores transformaram o p\u00e1tio da escola num sal\u00e3o, e dan\u00e7aram ao som de Luiz Gonzaga.<\/p>\n<p>O CINEB \u00e9 um circuito itinerante de cinema realizado pelo Sindicato dos Banc\u00e1rios de S\u00e3o Paulo, Osasco e Regi\u00e3o e pela Brazucah Produ\u00e7\u00f5es. Desde 2007, o j\u00e1 atingiu um p\u00fablico superior a 50 mil espectadores em quase 400 sess\u00f5es gratuitas realizadas em comunidades e universidades de S\u00e3o Paulo. A iniciativa busca democratizar o acesso ao cinema nacional e divulgar os filmes produzidos no Brasil. J\u00e1 foram exibidos na tela do CINEB mais de 75 longas-metragens e 50 curtas-metragens, al\u00e9m da realiza\u00e7\u00e3o de pr\u00e9-estreias exclusivas.<\/p>\n","protected":false},"excerpt":{"rendered":"<p>A EMEF Gal. Alvaro Silva Braga que fica na Vila Dalva, na Zona Oeste da capital, recebeu pela primeira vez,[&#8230;]<\/p>\n","protected":false},"author":2,"featured_media":9057,"comment_status":"open","ping_status":"open","sticky":false,"template":"","format":"standard","meta":[],"categories":[2],"tags":[],"_links":{"self":[{"href":"https:\/\/projetocineb.com.br\/index.php?rest_route=\/wp\/v2\/posts\/9054"}],"collection":[{"href":"https:\/\/projetocineb.com.br\/index.php?rest_route=\/wp\/v2\/posts"}],"about":[{"href":"https:\/\/projetocineb.com.br\/index.php?rest_route=\/wp\/v2\/types\/post"}],"author":[{"embeddable":true,"href":"https:\/\/projetocineb.com.br\/index.php?rest_route=\/wp\/v2\/users\/2"}],"replies":[{"embeddable":true,"href":"https:\/\/projetocineb.com.br\/index.php?rest_route=%2Fwp%2Fv2%2Fcomments&post=9054"}],"version-history":[{"count":0,"href":"https:\/\/projetocineb.com.br\/index.php?rest_route=\/wp\/v2\/posts\/9054\/revisions"}],"wp:featuredmedia":[{"embeddable":true,"href":"https:\/\/projetocineb.com.br\/index.php?rest_route=\/wp\/v2\/media\/9057"}],"wp:attachment":[{"href":"https:\/\/projetocineb.com.br\/index.php?rest_route=%2Fwp%2Fv2%2Fmedia&parent=9054"}],"wp:term":[{"taxonomy":"category","embeddable":true,"href":"https:\/\/projetocineb.com.br\/index.php?rest_route=%2Fwp%2Fv2%2Fcategories&post=9054"},{"taxonomy":"post_tag","embeddable":true,"href":"https:\/\/projetocineb.com.br\/index.php?rest_route=%2Fwp%2Fv2%2Ftags&post=9054"}],"curies":[{"name":"wp","href":"https:\/\/api.w.org\/{rel}","templated":true}]}}