{"id":9060,"date":"2016-09-21T12:47:38","date_gmt":"2016-09-21T15:47:38","guid":{"rendered":"http:\/\/projetocineb.com.br\/?p=9060"},"modified":"2016-09-21T12:47:38","modified_gmt":"2016-09-21T15:47:38","slug":"tarja-branca-e-exibido-no-parque-cocaia","status":"publish","type":"post","link":"https:\/\/projetocineb.com.br\/?p=9060","title":{"rendered":"Tarja Branca \u00e9 exibido no Parque Cocaia"},"content":{"rendered":"<p><em>O CINEB esteve, na \u00faltima sexta-feira, 16\/9, na Zona Sul de S\u00e3o Paulo para exibir o document\u00e1rio Tarja Branca, de Cacau Rhoden. A sess\u00e3o aconteceu na Associa\u00e7\u00e3o<\/em><em> dos Moradores do Parque Cocaia, na regi\u00e3o do Graja\u00fa.<\/em><\/p>\n<p>Foi uma das mais animadas sess\u00f5es do ano. Na tela, o document\u00e1rio <em>Tarja Branca<\/em>, de Cacau Rhoden. Na plateia, mais de 150 alunos do Ensino M\u00e9dio da Escola Estadual (EE) Irm\u00e3 Chalita, que fica no Parque Cocaia, regi\u00e3o no Graja\u00fa, na Zona Sul de S\u00e3o Paulo. A sess\u00e3o aconteceu na Associa\u00e7\u00e3o dos Moradores do Parque Cocaia, que fica ao lado da escola.<\/p>\n<figure id=\"attachment_9063\" aria-describedby=\"caption-attachment-9063\" style=\"width: 499px\" class=\"wp-caption aligncenter\"><a href=\"http:\/\/projetocineb.com.br\/wp-content\/uploads\/2016\/09\/DSC_0321.jpg\"><img fetchpriority=\"high\" decoding=\"async\" class=\" wp-image-9063 \" title=\"DSC_0321\" src=\"http:\/\/projetocineb.com.br\/wp-content\/uploads\/2016\/09\/DSC_0321.jpg\" alt=\"\" width=\"499\" height=\"331\" \/><\/a><figcaption id=\"caption-attachment-9063\" class=\"wp-caption-text\">Empenho das professoras da EE Irm\u00e3 Chalita foi fundamental para o sucesso da sess\u00e3o no Parque Cocaia.<\/figcaption><\/figure>\n<p>O document\u00e1rio produzido pela Maria Farinha Produ\u00e7\u00f5es foi exibido pela primeira vez no CINEB. Explora a pluralidade do universo do brincar a partir dos depoimentos de adultos de gera\u00e7\u00f5es, origens e profiss\u00f5es diferentes, e como o homem pode se relacionar com a crian\u00e7a que mora dentro dele. Por meio de reflex\u00f5es, o filme mostra as diferentes formas de como a brincadeira, a\u00e7\u00e3o t\u00e3o primordial \u00e0 natureza humana, pode estar interligada com o comportamento do homem contempor\u00e2neo e seu &#8220;esp\u00edrito l\u00fadico&#8221;.<\/p>\n<figure id=\"attachment_9069\" aria-describedby=\"caption-attachment-9069\" style=\"width: 499px\" class=\"wp-caption aligncenter\"><a href=\"http:\/\/projetocineb.com.br\/wp-content\/uploads\/2016\/09\/DSC_0359.jpg\"><img decoding=\"async\" class=\" wp-image-9069 \" title=\"DSC_0359\" src=\"http:\/\/projetocineb.com.br\/wp-content\/uploads\/2016\/09\/DSC_0359.jpg\" alt=\"\" width=\"499\" height=\"331\" \/><\/a><figcaption id=\"caption-attachment-9069\" class=\"wp-caption-text\">Na abertura oficial, o ex-presidente do Sindicato dos Banc\u00e1rios e idealizador do CINEB, Luiz Cl\u00e1udio Marcolino, o coordenador do projeto, Cid\u00e1lio Vieira Santos e as professoras Andrea Boaventura Prado e Verenice Ferreira da Silva.<\/figcaption><\/figure>\n<p>O filme agradou quem compareceu \u00e0 sess\u00e3o. A secretaria da associa\u00e7\u00e3o, Rosilene de Oliveira, lembrou que o CINEB j\u00e1 esteve no espa\u00e7o em anos anteriores, quando o pai Jo\u00e3o Neves de Oliveira comandava a entidade. \u201cAqui foi onde tudo come\u00e7ou nesse bairro. Vem desde 1979. Foi atrav\u00e9s da associa\u00e7\u00e3o que conseguimos a escola Irm\u00e3 Chalita, a pavimenta\u00e7\u00e3o das ruas, o transporte coletivo. A associa\u00e7\u00e3o representa a luta da comunidade. E realizar uma sess\u00e3o aqui \u00e9 muito emocionante, ver a casa cheia novamente com uma atividade cultural\u201d, comemora.<\/p>\n<figure id=\"attachment_9070\" aria-describedby=\"caption-attachment-9070\" style=\"width: 499px\" class=\"wp-caption aligncenter\"><a href=\"http:\/\/projetocineb.com.br\/wp-content\/uploads\/2016\/09\/DSC_0399.jpg\"><img decoding=\"async\" class=\" wp-image-9070 \" title=\"DSC_0399\" src=\"http:\/\/projetocineb.com.br\/wp-content\/uploads\/2016\/09\/DSC_0399.jpg\" alt=\"\" width=\"499\" height=\"331\" \/><\/a><figcaption id=\"caption-attachment-9070\" class=\"wp-caption-text\">Cid\u00e1lio, a secret\u00e1ria da Associa\u00e7\u00e3o do Parque Cocaia, Rosilene de Oliveira e a lideran\u00e7a comunit\u00e1ria e ativista cultural Dorothy<\/figcaption><\/figure>\n<p>Para a professora de portugu\u00eas, Andrea Boaventura Prado, uma das respons\u00e1veis pela organiza\u00e7\u00e3o da sess\u00e3o do CINEB na Associa\u00e7\u00e3o, oferecer uma atividade cultural aos alunos \u00e9 muito importante. \u201cA proposta da escola \u00e9 sempre trabalhar a cultura, principalmente para o aluno da periferia, que tem essa necessidade\u201d, explica. Ela lembra que os alunos da escola participaram em junho de uma sess\u00e3o do CINEB na EE Samuel Weiner onde foi exibido o filme <em>Tudo que Aprendemos Juntos<\/em>, de S\u00e9rgio Machado. \u201cEstavam todos aguardando com muita expectativa essa sess\u00e3o\u201d, comentou.<\/p>\n<figure id=\"attachment_9068\" aria-describedby=\"caption-attachment-9068\" style=\"width: 499px\" class=\"wp-caption aligncenter\"><a href=\"http:\/\/projetocineb.com.br\/wp-content\/uploads\/2016\/09\/DSC_0415.jpg\"><img loading=\"lazy\" decoding=\"async\" class=\" wp-image-9068 \" title=\"DSC_0415\" src=\"http:\/\/projetocineb.com.br\/wp-content\/uploads\/2016\/09\/DSC_0415.jpg\" alt=\"\" width=\"499\" height=\"331\" \/><\/a><figcaption id=\"caption-attachment-9068\" class=\"wp-caption-text\">Alunos do Gr\u00eamio Estudantil Voz Ativa.<\/figcaption><\/figure>\n<p>Para Dorotea de Souza, Dorothy, lideran\u00e7a comunit\u00e1ria e ativista cultural da regi\u00e3o do Graja\u00fa, a exist\u00eancia do CINEB \u201c\u00e9 maravilhosa para a periferia de S\u00e3o Paulo\u201d. Dorothy participou do filme <em>Sabotage, Maestro do Can\u00e3o<\/em>, que foi exibido no CINEB ano passado e j\u00e1 acompanhou v\u00e1rias sess\u00f5es do projeto. \u201cAs pessoas gostam do CINEB, elas se sentem importante por se envolver com o projeto\u201d. J\u00e1 para o presidente do Gr\u00eamio Estudantil da EE Irm\u00e3 Chalita, Vinicius Pereira Nunes, aluno do 2\u00ba ano do Ensino M\u00e9dio, o document\u00e1rio exibido pelo CINEB \u201cmostra como \u00e9 importante brincar e ser feliz\u201d.<\/p>\n<figure id=\"attachment_9066\" aria-describedby=\"caption-attachment-9066\" style=\"width: 499px\" class=\"wp-caption aligncenter\"><a href=\"http:\/\/projetocineb.com.br\/wp-content\/uploads\/2016\/09\/DSC_04231.jpg\"><img loading=\"lazy\" decoding=\"async\" class=\" wp-image-9066 \" title=\"DSC_0423\" src=\"http:\/\/projetocineb.com.br\/wp-content\/uploads\/2016\/09\/DSC_04231.jpg\" alt=\"\" width=\"499\" height=\"331\" \/><\/a><figcaption id=\"caption-attachment-9066\" class=\"wp-caption-text\">Muitos brindes distribu\u00eddos ao final da sess\u00e3o.<\/figcaption><\/figure>\n<figure id=\"attachment_9067\" aria-describedby=\"caption-attachment-9067\" style=\"width: 499px\" class=\"wp-caption aligncenter\"><a href=\"http:\/\/projetocineb.com.br\/wp-content\/uploads\/2016\/09\/DSC_0431.jpg\"><img loading=\"lazy\" decoding=\"async\" class=\" wp-image-9067 \" title=\"DSC_0431\" src=\"http:\/\/projetocineb.com.br\/wp-content\/uploads\/2016\/09\/DSC_0431.jpg\" alt=\"\" width=\"499\" height=\"331\" \/><\/a><figcaption id=\"caption-attachment-9067\" class=\"wp-caption-text\">Produtos de beleza org\u00e2nico da Surya Brasil.<\/figcaption><\/figure>\n<p>A sess\u00e3o contou com a presen\u00e7a de Luiz Cl\u00e1udio Marcolino, diretor da Confedera\u00e7\u00e3o dos Trabalhadores do Ramo Financeiro (Contraf-CUT) e idealizador do projeto CINEB quando era presidente do Sindicato dos Banc\u00e1rios de S\u00e3o Paulo, Osasco e Regi\u00e3o. Na abertura oficial da sess\u00e3o, Marcolino lembrou que na escola p\u00fablica em que estudou, na Zona Sul, tamb\u00e9m aconteciam muitas atividades culturais. \u201cA cultura ajuda o estudante a construir uma consci\u00eancia cr\u00edtica, as artes formam o cidad\u00e3o, que passa a ter consci\u00eancia de seus direitos\u201d, finaliza.<\/p>\n<figure id=\"attachment_9064\" aria-describedby=\"caption-attachment-9064\" style=\"width: 499px\" class=\"wp-caption aligncenter\"><a href=\"http:\/\/projetocineb.com.br\/wp-content\/uploads\/2016\/09\/DSC_0438.jpg\"><img loading=\"lazy\" decoding=\"async\" class=\" wp-image-9064 \" title=\"DSC_0438\" src=\"http:\/\/projetocineb.com.br\/wp-content\/uploads\/2016\/09\/DSC_0438.jpg\" alt=\"\" width=\"499\" height=\"331\" \/><\/a><figcaption id=\"caption-attachment-9064\" class=\"wp-caption-text\">At\u00e9 a pr\u00f3xima sess\u00e3o do CINEB!<\/figcaption><\/figure>\n<p>O CINEB \u00e9 um circuito itinerante de cinema realizado pelo Sindicato dos Banc\u00e1rios de S\u00e3o Paulo, Osasco e Regi\u00e3o e pela Brazucah Produ\u00e7\u00f5es. Desde 2007, o j\u00e1 atingiu um p\u00fablico superior a 54 mil espectadores em mais de 400 sess\u00f5es gratuitas realizadas em comunidades e universidades de S\u00e3o Paulo. A iniciativa busca democratizar o acesso ao cinema nacional e divulgar os filmes produzidos no Brasil. J\u00e1 foram exibidos na tela do CINEB mais de 75 longas-metragens e 50 curtas-metragens, al\u00e9m da realiza\u00e7\u00e3o de pr\u00e9-estreias exclusivas.<\/p>\n","protected":false},"excerpt":{"rendered":"<p>O CINEB esteve, na \u00faltima sexta-feira, 16\/9, na Zona Sul de S\u00e3o Paulo para exibir o document\u00e1rio Tarja Branca, de[&#8230;]<\/p>\n","protected":false},"author":2,"featured_media":9062,"comment_status":"open","ping_status":"open","sticky":false,"template":"","format":"standard","meta":[],"categories":[2],"tags":[],"_links":{"self":[{"href":"https:\/\/projetocineb.com.br\/index.php?rest_route=\/wp\/v2\/posts\/9060"}],"collection":[{"href":"https:\/\/projetocineb.com.br\/index.php?rest_route=\/wp\/v2\/posts"}],"about":[{"href":"https:\/\/projetocineb.com.br\/index.php?rest_route=\/wp\/v2\/types\/post"}],"author":[{"embeddable":true,"href":"https:\/\/projetocineb.com.br\/index.php?rest_route=\/wp\/v2\/users\/2"}],"replies":[{"embeddable":true,"href":"https:\/\/projetocineb.com.br\/index.php?rest_route=%2Fwp%2Fv2%2Fcomments&post=9060"}],"version-history":[{"count":0,"href":"https:\/\/projetocineb.com.br\/index.php?rest_route=\/wp\/v2\/posts\/9060\/revisions"}],"wp:featuredmedia":[{"embeddable":true,"href":"https:\/\/projetocineb.com.br\/index.php?rest_route=\/wp\/v2\/media\/9062"}],"wp:attachment":[{"href":"https:\/\/projetocineb.com.br\/index.php?rest_route=%2Fwp%2Fv2%2Fmedia&parent=9060"}],"wp:term":[{"taxonomy":"category","embeddable":true,"href":"https:\/\/projetocineb.com.br\/index.php?rest_route=%2Fwp%2Fv2%2Fcategories&post=9060"},{"taxonomy":"post_tag","embeddable":true,"href":"https:\/\/projetocineb.com.br\/index.php?rest_route=%2Fwp%2Fv2%2Ftags&post=9060"}],"curies":[{"name":"wp","href":"https:\/\/api.w.org\/{rel}","templated":true}]}}