{"id":9074,"date":"2016-09-21T13:18:30","date_gmt":"2016-09-21T16:18:30","guid":{"rendered":"http:\/\/projetocineb.com.br\/?p=9074"},"modified":"2016-09-21T13:18:30","modified_gmt":"2016-09-21T16:18:30","slug":"jardim-ipe-lota-sessao-para-ver-gonzaga","status":"publish","type":"post","link":"https:\/\/projetocineb.com.br\/?p=9074","title":{"rendered":"Jardim Ip\u00ea lota sess\u00e3o para ver Gonzaga"},"content":{"rendered":"<p><em>Moradores do Jardim Ip\u00ea marcaram presen\u00e7a no sal\u00e3o da Par\u00f3quia Senhor dos Passos e Nossa Senhora das Dores no \u00faltimo s\u00e1bado (17\/9) e se emocionaram com o filme Gonzaga, De Pai para Filho, de Breno Silveira, que tem no elenco o ator Domingos Montagner.<\/em><\/p>\n<p>Foi a primeira vez que o CINEB esteve no Jardim Ip\u00ea, na regi\u00e3o do Campo Limpo, Zona Sul de S\u00e3o Paulo. E foi muito bem recebido pela comunidade da Par\u00f3quia Senhor dos Passos e Nossa Senhora das Dores. No por\u00e3o da pequena igreja no alto do morro, surge um espa\u00e7o enorme reservado para as festas e atividades da comunidade. O local foi transformado pela produ\u00e7\u00e3o do CINEB numa ampla sala de cinema em que se acomodaram mais de 150 pessoas. E o p\u00fablico retribuiu todo o esfor\u00e7o da produ\u00e7\u00e3o e emocionado, vibrou com o filme.<\/p>\n<figure id=\"attachment_9077\" aria-describedby=\"caption-attachment-9077\" style=\"width: 499px\" class=\"wp-caption aligncenter\"><a href=\"http:\/\/projetocineb.com.br\/wp-content\/uploads\/2016\/09\/DSC_0468.jpg\"><img fetchpriority=\"high\" decoding=\"async\" class=\" wp-image-9077 \" title=\"DSC_0468\" src=\"http:\/\/projetocineb.com.br\/wp-content\/uploads\/2016\/09\/DSC_0468.jpg\" alt=\"\" width=\"499\" height=\"331\" \/><\/a><figcaption id=\"caption-attachment-9077\" class=\"wp-caption-text\">Muitas crian\u00e7as e fam\u00edlias acompanharam a sess\u00e3o.<\/figcaption><\/figure>\n<p>Em cartaz, o filme <em>Gonzaga, De Pai para Filho<\/em> de Breno Silveira. O longa-metragem conta a tumultuada hist\u00f3ria de Luiz Gonzaga, o Rei do Bai\u00e3o, com seu filho Gonzaguinha. Os dois foram artistas de enorme sucesso. O pai, vindo do sert\u00e3o pernambucano para o Rio de janeiro nos anos 1940, inventou o bai\u00e3o, o mais popular ritmo musical nordestino. O filho, carioca, do Morro de S\u00e3o Carlos, soube como ningu\u00e9m traduzir a m\u00fasica do morro em sambas que emocionaram o Brasil nos anos 1980. Entre o pai e o filho, um abismo que foi al\u00e9m dos conflitos de gera\u00e7\u00e3o, mas que venceu o medo e\u00a0o preconceito e resistiu \u00e0 dist\u00e2ncia e ao esquecimento. O filme tem no elenco o ator Domingos Montagner, protagonista da novela <em>Velho Chico<\/em> da Rede Globo, que morreu afogado no <em>Rio S\u00e3o Francisco<\/em> no \u00faltimo dia 15\/9. Na pel\u00edcula, ele faz o papel de um coronel.<\/p>\n<figure id=\"attachment_9079\" aria-describedby=\"caption-attachment-9079\" style=\"width: 499px\" class=\"wp-caption aligncenter\"><a href=\"http:\/\/projetocineb.com.br\/wp-content\/uploads\/2016\/09\/DSC_0517.jpg\"><img decoding=\"async\" class=\" wp-image-9079 \" title=\"DSC_0517\" src=\"http:\/\/projetocineb.com.br\/wp-content\/uploads\/2016\/09\/DSC_0517.jpg\" alt=\"\" width=\"499\" height=\"331\" \/><\/a><figcaption id=\"caption-attachment-9079\" class=\"wp-caption-text\">No elenco do filme, o ator Domingos Montagner, que recentemente se afogou no Rio S\u00e3o Francisco.<\/figcaption><\/figure>\n<p>Ainda na sess\u00e3o, tamb\u00e9m foi exibido o curta-metragem <em>Annoni: 30 anos<\/em>, que faz uma homenagem \u00e0 hist\u00f3rica ocupa\u00e7\u00e3o da Fazenda Annoni no dia 29 de outubro de 1985, que marcou a primeira grande a\u00e7\u00e3o do Movimento Sem Terra (MST).<\/p>\n<figure id=\"attachment_9080\" aria-describedby=\"caption-attachment-9080\" style=\"width: 499px\" class=\"wp-caption aligncenter\"><a href=\"http:\/\/projetocineb.com.br\/wp-content\/uploads\/2016\/09\/DSC_0536.jpg\"><img decoding=\"async\" class=\" wp-image-9080 \" title=\"DSC_0536\" src=\"http:\/\/projetocineb.com.br\/wp-content\/uploads\/2016\/09\/DSC_0536.jpg\" alt=\"\" width=\"499\" height=\"331\" \/><\/a><figcaption id=\"caption-attachment-9080\" class=\"wp-caption-text\">Cid\u00e1lio Vieira Santos, coordenador do CINEB brinca com o p\u00fablico<\/figcaption><\/figure>\n<p>Para o padre Jo\u00e3o Bonif\u00e1cio, que atua na par\u00f3quia h\u00e1 seis anos, poder contar com o CINEB \u00e9 algo muito bom. \u201cA cultura enobrece a vida humana. O que seria de n\u00f3s, seres humanos sem cultura\u201d, questiona. Para ele, levar o cinema para quem n\u00e3o tem acesso, seja pela dist\u00e2ncia, seja pelo custo que o cinema tem hoje em dia, \u00e9 algo muito valoroso.<\/p>\n<figure id=\"attachment_9082\" aria-describedby=\"caption-attachment-9082\" style=\"width: 499px\" class=\"wp-caption aligncenter\"><a href=\"http:\/\/projetocineb.com.br\/wp-content\/uploads\/2016\/09\/DSC_04911.jpg\"><img loading=\"lazy\" decoding=\"async\" class=\" wp-image-9082 \" title=\"DSC_0491\" src=\"http:\/\/projetocineb.com.br\/wp-content\/uploads\/2016\/09\/DSC_04911.jpg\" alt=\"\" width=\"499\" height=\"331\" \/><\/a><figcaption id=\"caption-attachment-9082\" class=\"wp-caption-text\">Na abertura oficial da sess\u00e3o, a coordenadora de eventos da par\u00f3quis, Ver\u00f4nica Barros, Cid\u00e1lio, o padre Jo\u00e3o Bonif\u00e1cio, o designer Odair Nascimento e o funcion\u00e1rio do Sindicato dos Banc\u00e1rios, Donizeti.<\/figcaption><\/figure>\n<p>J\u00e1 para Odair Jos\u00e9 Rocha Nascimento, designer gr\u00e1fico e atuante na par\u00f3quia, o CINEB representa um momento de lazer para a comunidade. \u201c\u00c9 uma parceria boa, que espero que se fortale\u00e7a\u201d, analisa. Opini\u00e3o semelhante tem Veronica Barros Medeiros Lima, professora do Movimento de Alfabetiza\u00e7\u00e3o (MOVA) na igreja e respons\u00e1vel pelos eventos da par\u00f3quia: \u201co CINEB abre um leque de conhecimento e cultura para a comunidade. Aqui tem uma senhora que me contou que faz 25 anos que n\u00e3o vai ao cinema. Mas \u00e9 diferente o cinema vir at\u00e9 voc\u00ea, dentro da comunidade. Causa uma emo\u00e7\u00e3o, uma alegria na gente, \u00e9 algo novo que precisa permanecer\u201d, avalia.<\/p>\n<figure id=\"attachment_9083\" aria-describedby=\"caption-attachment-9083\" style=\"width: 499px\" class=\"wp-caption aligncenter\"><a href=\"http:\/\/projetocineb.com.br\/wp-content\/uploads\/2016\/09\/DSC_0498.jpg\"><img loading=\"lazy\" decoding=\"async\" class=\" wp-image-9083 \" title=\"DSC_0498\" src=\"http:\/\/projetocineb.com.br\/wp-content\/uploads\/2016\/09\/DSC_0498.jpg\" alt=\"\" width=\"499\" height=\"331\" \/><\/a><figcaption id=\"caption-attachment-9083\" class=\"wp-caption-text\">O diretor da Contraf e idealizador do projeto CINEB, Luiz Cl\u00e1udio Marcolino: &quot;levar a cultura aonde o povo est\u00e1&quot;.<\/figcaption><\/figure>\n<p>Alguns dos presentes na sess\u00e3o nunca tinham frequentaram uma sess\u00e3o de cinema antes. Caso de Denise Ferreira, que recebeu o convite dos filhos Jo\u00e3o e Alfredo e resolver ver como \u00e9. Tamb\u00e9m Dona Antonio de Ara\u00fajo Neto, de 74 anos, estava em uma sess\u00e3o pela primeira vez. Acompanhada da filha Francisca Chaves Rodrigues da Costa, ela conta que morou por muitos anos em Itau\u00e1, no interior do Cear\u00e1 e l\u00e1 nunca teve oportunidade de assistir a uma sess\u00e3o de cinema. \u201cMeu marido n\u00e3o ia, ent\u00e3o eu tamb\u00e9m n\u00e3o ia\u201d, comenta.<\/p>\n<figure id=\"attachment_9084\" aria-describedby=\"caption-attachment-9084\" style=\"width: 499px\" class=\"wp-caption aligncenter\"><a href=\"http:\/\/projetocineb.com.br\/wp-content\/uploads\/2016\/09\/DSC_0540.jpg\"><img loading=\"lazy\" decoding=\"async\" class=\" wp-image-9084 \" title=\"DSC_0540\" src=\"http:\/\/projetocineb.com.br\/wp-content\/uploads\/2016\/09\/DSC_0540.jpg\" alt=\"\" width=\"499\" height=\"331\" \/><\/a><figcaption id=\"caption-attachment-9084\" class=\"wp-caption-text\">No final da sess\u00e3o o forr\u00f3 continuou.<\/figcaption><\/figure>\n<p>Tamb\u00e9m estiveram presentes na sess\u00e3o Luiz Cl\u00e1udio Marcolino, diretor da Confedera\u00e7\u00e3o dos Trabalhadores do Ramo Financeiro (Contraf) e idealizador do Projeto CINEB quando foi presidente do Sindicato dos Banc\u00e1rios de S\u00e3o Paulo, Osasco e Regi\u00e3o, e a atual diretora do Sindicato dos Banc\u00e1rios, Fernanda Reis.<\/p>\n<figure id=\"attachment_9078\" aria-describedby=\"caption-attachment-9078\" style=\"width: 499px\" class=\"wp-caption aligncenter\"><a href=\"http:\/\/projetocineb.com.br\/wp-content\/uploads\/2016\/09\/DSC_0463.jpg\"><img loading=\"lazy\" decoding=\"async\" class=\" wp-image-9078 \" title=\"DSC_0463\" src=\"http:\/\/projetocineb.com.br\/wp-content\/uploads\/2016\/09\/DSC_0463.jpg\" alt=\"\" width=\"499\" height=\"331\" \/><\/a><figcaption id=\"caption-attachment-9078\" class=\"wp-caption-text\">Foram distribu\u00eddos muitos brindes para quem acompanhou o filme at\u00e9 o fim.<\/figcaption><\/figure>\n<figure id=\"attachment_9076\" aria-describedby=\"caption-attachment-9076\" style=\"width: 499px\" class=\"wp-caption aligncenter\"><a href=\"http:\/\/projetocineb.com.br\/wp-content\/uploads\/2016\/09\/DSC_0556.jpg\"><img loading=\"lazy\" decoding=\"async\" class=\" wp-image-9076 \" title=\"DSC_0556\" src=\"http:\/\/projetocineb.com.br\/wp-content\/uploads\/2016\/09\/DSC_0556.jpg\" alt=\"\" width=\"499\" height=\"331\" \/><\/a><figcaption id=\"caption-attachment-9076\" class=\"wp-caption-text\">At\u00e9 a pr\u00f3xima sess\u00e3o do CINEB!<\/figcaption><\/figure>\n<p>O CINEB \u00e9 um circuito itinerante de cinema realizado pelo Sindicato dos Banc\u00e1rios de S\u00e3o Paulo, Osasco e Regi\u00e3o e pela Brazucah Produ\u00e7\u00f5es. Desde 2007, o j\u00e1 atingiu um p\u00fablico superior a 54 mil espectadores em mais de 400 sess\u00f5es gratuitas realizadas em comunidades e universidades de S\u00e3o Paulo. A iniciativa busca democratizar o acesso ao cinema nacional e divulgar os filmes produzidos no Brasil. J\u00e1 foram exibidos na tela do CINEB mais de 75 longas-metragens e 50 curtas-metragens, al\u00e9m da realiza\u00e7\u00e3o de pr\u00e9-estreias exclusivas.<\/p>\n","protected":false},"excerpt":{"rendered":"<p>Moradores do Jardim Ip\u00ea marcaram presen\u00e7a no sal\u00e3o da Par\u00f3quia Senhor dos Passos e Nossa Senhora das Dores no \u00faltimo[&#8230;]<\/p>\n","protected":false},"author":2,"featured_media":9089,"comment_status":"open","ping_status":"open","sticky":false,"template":"","format":"standard","meta":[],"categories":[2],"tags":[],"_links":{"self":[{"href":"https:\/\/projetocineb.com.br\/index.php?rest_route=\/wp\/v2\/posts\/9074"}],"collection":[{"href":"https:\/\/projetocineb.com.br\/index.php?rest_route=\/wp\/v2\/posts"}],"about":[{"href":"https:\/\/projetocineb.com.br\/index.php?rest_route=\/wp\/v2\/types\/post"}],"author":[{"embeddable":true,"href":"https:\/\/projetocineb.com.br\/index.php?rest_route=\/wp\/v2\/users\/2"}],"replies":[{"embeddable":true,"href":"https:\/\/projetocineb.com.br\/index.php?rest_route=%2Fwp%2Fv2%2Fcomments&post=9074"}],"version-history":[{"count":0,"href":"https:\/\/projetocineb.com.br\/index.php?rest_route=\/wp\/v2\/posts\/9074\/revisions"}],"wp:featuredmedia":[{"embeddable":true,"href":"https:\/\/projetocineb.com.br\/index.php?rest_route=\/wp\/v2\/media\/9089"}],"wp:attachment":[{"href":"https:\/\/projetocineb.com.br\/index.php?rest_route=%2Fwp%2Fv2%2Fmedia&parent=9074"}],"wp:term":[{"taxonomy":"category","embeddable":true,"href":"https:\/\/projetocineb.com.br\/index.php?rest_route=%2Fwp%2Fv2%2Fcategories&post=9074"},{"taxonomy":"post_tag","embeddable":true,"href":"https:\/\/projetocineb.com.br\/index.php?rest_route=%2Fwp%2Fv2%2Ftags&post=9074"}],"curies":[{"name":"wp","href":"https:\/\/api.w.org\/{rel}","templated":true}]}}