{"id":9091,"date":"2016-09-28T10:09:20","date_gmt":"2016-09-28T13:09:20","guid":{"rendered":"http:\/\/projetocineb.com.br\/?p=9091"},"modified":"2016-09-28T10:09:20","modified_gmt":"2016-09-28T13:09:20","slug":"jaguare-recebe-cineb-pela-nona-vez","status":"publish","type":"post","link":"https:\/\/projetocineb.com.br\/?p=9091","title":{"rendered":"Jaguar\u00e9 recebe CINEB pela nona vez"},"content":{"rendered":"<p>&nbsp;<\/p>\n<p><em>O CINEB esteve na Par\u00f3quia S\u00e3o Jos\u00e9 de Jaguar\u00e9, na Zona Oeste de S\u00e3o Paulo, na \u00faltima quinta-feira (22\/9), para exibir o filme Gonzaga \u2013 De Pai para Filho, de Breno Silveira. Foi a nona vez que o projeto esteve na igreja do Jaguar\u00e9, um dos primeiros locais a receber uma sess\u00e3o do CINEB.<\/em><\/p>\n<figure id=\"attachment_9094\" aria-describedby=\"caption-attachment-9094\" style=\"width: 499px\" class=\"wp-caption aligncenter\"><a href=\"http:\/\/projetocineb.com.br\/wp-content\/uploads\/2016\/09\/DSC_0013.jpg\"><img fetchpriority=\"high\" decoding=\"async\" class=\" wp-image-9094 \" title=\"DSC_0013\" src=\"http:\/\/projetocineb.com.br\/wp-content\/uploads\/2016\/09\/DSC_0013.jpg\" alt=\"\" width=\"499\" height=\"331\" \/><\/a><figcaption id=\"caption-attachment-9094\" class=\"wp-caption-text\">Pronto para come\u00e7ar a sess\u00e3o!<\/figcaption><\/figure>\n<p>A Par\u00f3quia S\u00e3o Jos\u00e9 do Jaguar\u00e9, na Zona Oeste de S\u00e3o Paulo, \u00e9 um dos mais antigos espa\u00e7os que abrem suas portas para receber o projeto CINEB e n\u00e3o foi diferente na \u00faltima quinta-feira, 22\/9, quando o sal\u00e3o paroquial foi o palco de mais uma exibi\u00e7\u00e3o do filme <em>Gonzaga \u2013 De Pai para Filho<\/em>, de Breno Silveira.<\/p>\n<figure id=\"attachment_9095\" aria-describedby=\"caption-attachment-9095\" style=\"width: 499px\" class=\"wp-caption aligncenter\"><a href=\"http:\/\/projetocineb.com.br\/wp-content\/uploads\/2016\/09\/DSC_00721.jpg\"><img decoding=\"async\" class=\" wp-image-9095 \" title=\"DSC_0072\" src=\"http:\/\/projetocineb.com.br\/wp-content\/uploads\/2016\/09\/DSC_00721.jpg\" alt=\"\" width=\"499\" height=\"331\" \/><\/a><figcaption id=\"caption-attachment-9095\" class=\"wp-caption-text\">Em pouco tempo o sal\u00e3o paroquial da Igreja S\u00e3o Jos\u00e9 do Jaguar\u00e9 lotou!<\/figcaption><\/figure>\n<p>O longa-metragem conta a tumultuada hist\u00f3ria de Luiz Gonzaga, o Rei do Bai\u00e3o, com seu filho Gonzaguinha. Os dois foram artistas de enorme sucesso. O pai, vindo do sert\u00e3o pernambucano para o Rio de janeiro nos anos 1940, inventou o bai\u00e3o, o mais popular ritmo musical nordestino. O filho, carioca, do Morro de S\u00e3o Carlos, soube como ningu\u00e9m traduzir a m\u00fasica do morro em sambas que emocionaram o Brasil nos anos 1980. Entre o pai e o filho, um abismo que foi al\u00e9m dos conflitos de gera\u00e7\u00e3o, mas que venceu o medo e\u00a0o preconceito e resistiu \u00e0 dist\u00e2ncia e ao esquecimento. O filme tem no elenco o ator Domingos Montagner, protagonista da novela <em>Velho Chico<\/em> da Rede Globo, que morreu afogado no <em>Rio S\u00e3o Francisco<\/em> no \u00faltimo dia 15\/9. Na pel\u00edcula, ele faz o papel de um coronel.<\/p>\n<figure id=\"attachment_9096\" aria-describedby=\"caption-attachment-9096\" style=\"width: 499px\" class=\"wp-caption aligncenter\"><a href=\"http:\/\/projetocineb.com.br\/wp-content\/uploads\/2016\/09\/DSC_0020.jpg\"><img decoding=\"async\" class=\" wp-image-9096 \" title=\"DSC_0020\" src=\"http:\/\/projetocineb.com.br\/wp-content\/uploads\/2016\/09\/DSC_0020.jpg\" alt=\"\" width=\"499\" height=\"331\" \/><\/a><figcaption id=\"caption-attachment-9096\" class=\"wp-caption-text\">N\u00e3o faltou a &quot;pipoca por nossa conta!&quot;<\/figcaption><\/figure>\n<figure id=\"attachment_9097\" aria-describedby=\"caption-attachment-9097\" style=\"width: 499px\" class=\"wp-caption aligncenter\"><a href=\"http:\/\/projetocineb.com.br\/wp-content\/uploads\/2016\/09\/DSC_0025.jpg\"><img loading=\"lazy\" decoding=\"async\" class=\" wp-image-9097 \" title=\"DSC_0025\" src=\"http:\/\/projetocineb.com.br\/wp-content\/uploads\/2016\/09\/DSC_0025.jpg\" alt=\"\" width=\"499\" height=\"331\" \/><\/a><figcaption id=\"caption-attachment-9097\" class=\"wp-caption-text\">Que o p\u00fablico aguardou ansioso.<\/figcaption><\/figure>\n<p>Al\u00e9m dos moradores da regi\u00e3o, a sess\u00e3o contou com a presen\u00e7a de alunos e professores da Escola Estadual (EE) Prof\u00aa Maria Jos\u00e9 Martins e da EE Prof. Architiclino Santos. Para Jeane Ventura, coordenadora pedag\u00f3gica da EE Prof\u00aa Maria Jos\u00e9 e professora de ingl\u00eas da (EE) Prof. Architilino, o CINEB \u201c\u00e9 extremamente importante, porque conseguimos, atrav\u00e9s do filme, realizar debates, conversar com alunos, fazer trabalhos interdisciplinares na sala de aula, entre outras atividades\u201d, explica.<\/p>\n<figure id=\"attachment_9098\" aria-describedby=\"caption-attachment-9098\" style=\"width: 499px\" class=\"wp-caption aligncenter\"><a href=\"http:\/\/projetocineb.com.br\/wp-content\/uploads\/2016\/09\/DSC_0033.jpg\"><img loading=\"lazy\" decoding=\"async\" class=\" wp-image-9098 \" title=\"DSC_0033\" src=\"http:\/\/projetocineb.com.br\/wp-content\/uploads\/2016\/09\/DSC_0033.jpg\" alt=\"\" width=\"499\" height=\"331\" \/><\/a><figcaption id=\"caption-attachment-9098\" class=\"wp-caption-text\">Antonio Rog\u00e9rio pela terceira vez na sess\u00e3o, trouxe, dessa vez a fam\u00edlia: Maria Liliane, L\u00eddia Naiane e Antonio Samuel<\/figcaption><\/figure>\n<p>Jeane \u00e9 grande entusiasta dessa parceria entre a escola e o CINEB e contagia outros professores. O professor Guilherme Augusto que d\u00e1 aulas de matem\u00e1tica e f\u00edsica na EE Prof\u00aa Maria Eug\u00eania estava pela primeira vez numa sess\u00e3o do CINEB, e elogiou a iniciativa: \u201c\u00e9 um projeto bem legal porque entrosa o pessoal da comunidade e traz o cinema nacional para o debate dentro da sala de aula, que \u00e9 bem escassa de recursos. Mostrar a vida de Luiz Gonzaga, um personagem importante da cultura brasileira, \u00e9 fundamental para nossos alunos\u201d, considera.<\/p>\n<figure id=\"attachment_9101\" aria-describedby=\"caption-attachment-9101\" style=\"width: 499px\" class=\"wp-caption aligncenter\"><a href=\"http:\/\/projetocineb.com.br\/wp-content\/uploads\/2016\/09\/DSC_0060.jpg\"><img loading=\"lazy\" decoding=\"async\" class=\" wp-image-9101 \" title=\"DSC_0060\" src=\"http:\/\/projetocineb.com.br\/wp-content\/uploads\/2016\/09\/DSC_0060.jpg\" alt=\"\" width=\"499\" height=\"331\" \/><\/a><figcaption id=\"caption-attachment-9101\" class=\"wp-caption-text\">Professores da EE Prof\u00aa Maria Jos\u00e9.<\/figcaption><\/figure>\n<p>De fato, o estudante Gabriel Martins de Barros, aluno do segundo ano do ensino m\u00e9dio na EE Prof. Artichino, n\u00e3o conhecia a hist\u00f3ria de Luiz Gonzaga, apesar de conhecer a m\u00fasica do rei do bai\u00e3o: \u201c\u00e9 uma vida de supera\u00e7\u00e3o. Ele correu atr\u00e1s do sonho dele que era simplesmente tocar\u201d. Foi a segunda vez que Gabriel acompanhou uma sess\u00e3o do CINEB. Ano passado ele esteve na sess\u00e3o da par\u00f3quia, quando o projeto exibiu o longa <em>Irm\u00e3 Dulce<\/em>. \u201cEu recebi uma carta em casa com a divulga\u00e7\u00e3o do filme e resolvi vir aqui assistir. Foi muito bom\u201d, finaliza.<\/p>\n<figure id=\"attachment_9102\" aria-describedby=\"caption-attachment-9102\" style=\"width: 499px\" class=\"wp-caption aligncenter\"><a href=\"http:\/\/projetocineb.com.br\/wp-content\/uploads\/2016\/09\/DSC_0096.jpg\"><img loading=\"lazy\" decoding=\"async\" class=\" wp-image-9102 \" title=\"DSC_0096\" src=\"http:\/\/projetocineb.com.br\/wp-content\/uploads\/2016\/09\/DSC_0096.jpg\" alt=\"\" width=\"499\" height=\"331\" \/><\/a><figcaption id=\"caption-attachment-9102\" class=\"wp-caption-text\">Abertura oficial da sess\u00e3o com o padre Roberto Grandmaison e o coordenador do CINEB Cid\u00e1lio Vieira Santos<\/figcaption><\/figure>\n<figure id=\"attachment_9103\" aria-describedby=\"caption-attachment-9103\" style=\"width: 499px\" class=\"wp-caption aligncenter\"><a href=\"http:\/\/projetocineb.com.br\/wp-content\/uploads\/2016\/09\/DSC_0113.jpg\"><img loading=\"lazy\" decoding=\"async\" class=\" wp-image-9103 \" title=\"DSC_0113\" src=\"http:\/\/projetocineb.com.br\/wp-content\/uploads\/2016\/09\/DSC_0113.jpg\" alt=\"\" width=\"499\" height=\"331\" \/><\/a><figcaption id=\"caption-attachment-9103\" class=\"wp-caption-text\">A sess\u00e3o tamb\u00e9m contou com a presen\u00e7a do idealizador do CINEB, Luiz Cl\u00e1udio Marcolino.<\/figcaption><\/figure>\n<p>Outro que est\u00e1 sempre presente na sess\u00e3o \u00e9 Antonio Rog\u00e9rio do Nascimento. Foi a terceira vez que ele acompanhou uma sess\u00e3o, mas dessa vez trouxe a fam\u00edlia. Antonio, veio do Cear\u00e1 para trabalhar em S\u00e3o Paulo h\u00e1 20 anos e neste ano casou com Maria Liliane Mota Moraes, que morava Moba\u00e7a, cidade do interior do Cear\u00e1 que fica a 320 km da capital Fortaleza, e trouxe a esposa e os filhos para acompanhar a sess\u00e3o.<\/p>\n<figure id=\"attachment_9104\" aria-describedby=\"caption-attachment-9104\" style=\"width: 499px\" class=\"wp-caption aligncenter\"><a href=\"http:\/\/projetocineb.com.br\/wp-content\/uploads\/2016\/09\/DSC_0131.jpg\"><img loading=\"lazy\" decoding=\"async\" class=\" wp-image-9104 \" title=\"DSC_0131\" src=\"http:\/\/projetocineb.com.br\/wp-content\/uploads\/2016\/09\/DSC_0131.jpg\" alt=\"\" width=\"499\" height=\"331\" \/><\/a><figcaption id=\"caption-attachment-9104\" class=\"wp-caption-text\">Sueli da Silva: &quot;vi a divulga\u00e7\u00e3o da sess\u00e3o de cinema no Centro Profissionalizante em frente de casa&quot;.<\/figcaption><\/figure>\n<p>Para o padre Roberto Grandmaison, a par\u00f3quia est\u00e1 sempre aberta \u00e0 popula\u00e7\u00e3o. Na abertura oficial, o padre elogiou iniciativas que valorizam a a\u00e7\u00e3o comunit\u00e1ria e em sociedade. \u201cVoc\u00eas tem que dar valor \u00e0 cultura e ao conhecimento, para que isso produza algo novo, algo que rejuvenes\u00e7a esse pa\u00eds que passa por uma grande turbul\u00eancia\u201d, comentou.<\/p>\n<figure id=\"attachment_9105\" aria-describedby=\"caption-attachment-9105\" style=\"width: 499px\" class=\"wp-caption aligncenter\"><a href=\"http:\/\/projetocineb.com.br\/wp-content\/uploads\/2016\/09\/DSC_0099.jpg\"><img loading=\"lazy\" decoding=\"async\" class=\" wp-image-9105\" title=\"DSC_0099\" src=\"http:\/\/projetocineb.com.br\/wp-content\/uploads\/2016\/09\/DSC_0099.jpg\" alt=\"\" width=\"499\" height=\"331\" \/><\/a><figcaption id=\"caption-attachment-9105\" class=\"wp-caption-text\">O p\u00fablico vibra e se emociona com a hist\u00f3ria de Luiz Gonzaga.<\/figcaption><\/figure>\n<p>Na sess\u00e3o, antes do longa, foi exibido o curta-metragem <em>Annoni: 30 anos<\/em>, que faz uma homenagem \u00e0 hist\u00f3rica ocupa\u00e7\u00e3o da Fazenda Annoni no dia 29 de outubro de 1985, que marcou a primeira grande a\u00e7\u00e3o do Movimento Sem Terra (MST).<\/p>\n<figure id=\"attachment_9106\" aria-describedby=\"caption-attachment-9106\" style=\"width: 499px\" class=\"wp-caption aligncenter\"><a href=\"http:\/\/projetocineb.com.br\/wp-content\/uploads\/2016\/09\/DSC_0073.jpg\"><img loading=\"lazy\" decoding=\"async\" class=\" wp-image-9106 \" title=\"DSC_0073\" src=\"http:\/\/projetocineb.com.br\/wp-content\/uploads\/2016\/09\/DSC_0073.jpg\" alt=\"\" width=\"499\" height=\"331\" \/><\/a><figcaption id=\"caption-attachment-9106\" class=\"wp-caption-text\">Muitos fam\u00edlias presentes.<\/figcaption><\/figure>\n<p>Luiz Cl\u00e1udio Marcolino, diretor da Confedera\u00e7\u00e3o dos Trabalhadores do Ramo Financeiro (Contraf) e idealizador do Projeto CINEB quando foi presidente do Sindicato dos Banc\u00e1rios de S\u00e3o Paulo, Osasco e Regi\u00e3o, tamb\u00e9m acompanhou a sess\u00e3o e lembrou que projetos como o CINEB buscam oferecer cultura a quem n\u00e3o tem acesso: \u201cUm sindicato cidad\u00e3o n\u00e3o pensa somente nas pautas econ\u00f4micas, apesar delas serem fundamentais para melhorar a vida dos trabalhadores. N\u00f3s tamb\u00e9m queremos dialogar com a sociedade, e o CINEB, que \u00e9 uma parceria entre o Sindicato e a Brazucah, tem esse papel, de levar o debate e a cultura brasileira para muitos lugares\u201d.<\/p>\n<figure id=\"attachment_9100\" aria-describedby=\"caption-attachment-9100\" style=\"width: 499px\" class=\"wp-caption aligncenter\"><a href=\"http:\/\/projetocineb.com.br\/wp-content\/uploads\/2016\/09\/DSC_0056.jpg\"><img loading=\"lazy\" decoding=\"async\" class=\" wp-image-9100 \" title=\"DSC_0056\" src=\"http:\/\/projetocineb.com.br\/wp-content\/uploads\/2016\/09\/DSC_0056.jpg\" alt=\"\" width=\"499\" height=\"331\" \/><\/a><figcaption id=\"caption-attachment-9100\" class=\"wp-caption-text\">Soteio de produtos de beleza org\u00e2nicos da Surya Brasil...<\/figcaption><\/figure>\n<figure id=\"attachment_9099\" aria-describedby=\"caption-attachment-9099\" style=\"width: 499px\" class=\"wp-caption aligncenter\"><a href=\"http:\/\/projetocineb.com.br\/wp-content\/uploads\/2016\/09\/DSC_0125.jpg\"><img loading=\"lazy\" decoding=\"async\" class=\" wp-image-9099 \" title=\"DSC_0125\" src=\"http:\/\/projetocineb.com.br\/wp-content\/uploads\/2016\/09\/DSC_0125.jpg\" alt=\"\" width=\"499\" height=\"331\" \/><\/a><figcaption id=\"caption-attachment-9099\" class=\"wp-caption-text\">... e de camisetas. At\u00e9 a pr\u00f3xima sess\u00e3o!<\/figcaption><\/figure>\n<p>O CINEB \u00e9 um circuito itinerante de cinema realizado pelo Sindicato dos Banc\u00e1rios de S\u00e3o Paulo, Osasco e Regi\u00e3o e pela Brazucah Produ\u00e7\u00f5es. Desde 2007, o j\u00e1 atingiu um p\u00fablico superior a 54 mil espectadores em mais de 400 sess\u00f5es gratuitas realizadas em comunidades e universidades de S\u00e3o Paulo. A iniciativa busca democratizar o acesso ao cinema nacional e divulgar os filmes produzidos no Brasil. J\u00e1 foram exibidos na tela do CINEB mais de 75 longas-metragens e 50 curtas-metragens, al\u00e9m da realiza\u00e7\u00e3o de pr\u00e9-estreias exclusivas.<\/p>\n","protected":false},"excerpt":{"rendered":"<p>&nbsp; O CINEB esteve na Par\u00f3quia S\u00e3o Jos\u00e9 de Jaguar\u00e9, na Zona Oeste de S\u00e3o Paulo, na \u00faltima quinta-feira (22\/9),[&#8230;]<\/p>\n","protected":false},"author":2,"featured_media":9092,"comment_status":"open","ping_status":"open","sticky":false,"template":"","format":"standard","meta":[],"categories":[2],"tags":[],"_links":{"self":[{"href":"https:\/\/projetocineb.com.br\/index.php?rest_route=\/wp\/v2\/posts\/9091"}],"collection":[{"href":"https:\/\/projetocineb.com.br\/index.php?rest_route=\/wp\/v2\/posts"}],"about":[{"href":"https:\/\/projetocineb.com.br\/index.php?rest_route=\/wp\/v2\/types\/post"}],"author":[{"embeddable":true,"href":"https:\/\/projetocineb.com.br\/index.php?rest_route=\/wp\/v2\/users\/2"}],"replies":[{"embeddable":true,"href":"https:\/\/projetocineb.com.br\/index.php?rest_route=%2Fwp%2Fv2%2Fcomments&post=9091"}],"version-history":[{"count":0,"href":"https:\/\/projetocineb.com.br\/index.php?rest_route=\/wp\/v2\/posts\/9091\/revisions"}],"wp:featuredmedia":[{"embeddable":true,"href":"https:\/\/projetocineb.com.br\/index.php?rest_route=\/wp\/v2\/media\/9092"}],"wp:attachment":[{"href":"https:\/\/projetocineb.com.br\/index.php?rest_route=%2Fwp%2Fv2%2Fmedia&parent=9091"}],"wp:term":[{"taxonomy":"category","embeddable":true,"href":"https:\/\/projetocineb.com.br\/index.php?rest_route=%2Fwp%2Fv2%2Fcategories&post=9091"},{"taxonomy":"post_tag","embeddable":true,"href":"https:\/\/projetocineb.com.br\/index.php?rest_route=%2Fwp%2Fv2%2Ftags&post=9091"}],"curies":[{"name":"wp","href":"https:\/\/api.w.org\/{rel}","templated":true}]}}