{"id":9110,"date":"2016-09-28T10:32:35","date_gmt":"2016-09-28T13:32:35","guid":{"rendered":"http:\/\/projetocineb.com.br\/?p=9110"},"modified":"2016-09-28T10:32:35","modified_gmt":"2016-09-28T13:32:35","slug":"assis-chateuabriand-exibe-tarja-branca","status":"publish","type":"post","link":"https:\/\/projetocineb.com.br\/?p=9110","title":{"rendered":"Assis Chateuabriand exibe Tarja Branca"},"content":{"rendered":"<p><em>Escola Estadual Assis Chateraubriand, que fica no Jardim Maria Luiza, regi\u00e3o de Cidade Ademar, na Zona Sul de S\u00e3o Paulo, exibiu no \u00faltimo s\u00e1bado, 24\/9, o document\u00e1rio Tarja Branca, de Cacau Rhoden.<\/em><\/p>\n<figure id=\"attachment_9122\" aria-describedby=\"caption-attachment-9122\" style=\"width: 499px\" class=\"wp-caption aligncenter\"><a href=\"http:\/\/projetocineb.com.br\/wp-content\/uploads\/2016\/09\/DSC_0012.jpg\"><img fetchpriority=\"high\" decoding=\"async\" class=\" wp-image-9122 \" title=\"DSC_0012\" src=\"http:\/\/projetocineb.com.br\/wp-content\/uploads\/2016\/09\/DSC_0012.jpg\" alt=\"\" width=\"499\" height=\"331\" \/><\/a><figcaption id=\"caption-attachment-9122\" class=\"wp-caption-text\">A sess\u00e3o recebeu muitos alunos da escola.<\/figcaption><\/figure>\n<p>&nbsp;<\/p>\n<figure id=\"attachment_9123\" aria-describedby=\"caption-attachment-9123\" style=\"width: 499px\" class=\"wp-caption aligncenter\"><a href=\"http:\/\/projetocineb.com.br\/wp-content\/uploads\/2016\/09\/DSC_0005.jpg\"><img decoding=\"async\" class=\" wp-image-9123 \" title=\"DSC_0005\" src=\"http:\/\/projetocineb.com.br\/wp-content\/uploads\/2016\/09\/DSC_0005.jpg\" alt=\"\" width=\"499\" height=\"331\" \/><\/a><figcaption id=\"caption-attachment-9123\" class=\"wp-caption-text\">Que puderam acompanhar um curta e um longa que tratam da cultura popular e formas de brincar.<\/figcaption><\/figure>\n<p>Quem compareceu \u00e0 sess\u00e3o do CINEB na Escola Estadual (EE) Assis Chateaubriand, no \u00faltimo s\u00e1bado, 24\/9, mesmo com o friozinho \u201catempor\u00e3o\u201d que chegava em S\u00e3o Paulo justamento no in\u00edcio da primavera, pode se divertir com um curta e um longa dedicados \u00e0s crian\u00e7as, \u00e0 cultura popular e \u00e0s brincadeiras tipicamente brasileiras.<\/p>\n<figure id=\"attachment_9115\" aria-describedby=\"caption-attachment-9115\" style=\"width: 499px\" class=\"wp-caption aligncenter\"><a href=\"http:\/\/projetocineb.com.br\/wp-content\/uploads\/2016\/09\/DSC_00201.jpg\"><img decoding=\"async\" class=\" wp-image-9115 \" title=\"DSC_0020\" src=\"http:\/\/projetocineb.com.br\/wp-content\/uploads\/2016\/09\/DSC_00201.jpg\" alt=\"\" width=\"499\" height=\"331\" \/><\/a><figcaption id=\"caption-attachment-9115\" class=\"wp-caption-text\">N\u00e3o faltou a pipoca do Seu Antonio.<\/figcaption><\/figure>\n<p>O primeiro filme a ser exibido foi o curta <em>A Casa do Mestre Andr\u00e9<\/em>, de Leo Sykes, produ\u00e7\u00e3o de 2016, que conta a hist\u00f3ria de dois palha\u00e7os que tentam tocar m\u00fasica em uma pra\u00e7a para animar as crian\u00e7as, mas s\u00e3o impedidos pelo guarda do local que leva seus instrumentos. Uma das crian\u00e7as conduz os palha\u00e7os at\u00e9 a Casa do Mestre Andr\u00e9, um inventor de instrumentos feitos de material reciclado. Munidos de novos instrumentos, os palha\u00e7os voltam \u00e0 pra\u00e7a e envolvem todos na brincadeira.<\/p>\n<figure id=\"attachment_9116\" aria-describedby=\"caption-attachment-9116\" style=\"width: 499px\" class=\"wp-caption aligncenter\"><a href=\"http:\/\/projetocineb.com.br\/wp-content\/uploads\/2016\/09\/DSC_0039.jpg\"><img loading=\"lazy\" decoding=\"async\" class=\" wp-image-9116 \" title=\"DSC_0039\" src=\"http:\/\/projetocineb.com.br\/wp-content\/uploads\/2016\/09\/DSC_0039.jpg\" alt=\"\" width=\"499\" height=\"331\" \/><\/a><figcaption id=\"caption-attachment-9116\" class=\"wp-caption-text\">Aparecida estava acompanha dos netos, familiares e filhos de vizinhas.<\/figcaption><\/figure>\n<p>Na sequ\u00eancia, os 120 moradores do Jardim Maria Luiza, regi\u00e3o de Cidade Ademar, na Zona Sul, acompanharam o document\u00e1rio <em>Tarja Branca<\/em>, de Cacau Rhoden que explora a pluralidade do universo do brincar a partir dos depoimentos de adultos de gera\u00e7\u00f5es, origens e profiss\u00f5es diferentes. Por meio de reflex\u00f5es, o filme mostra as diferentes formas de como a brincadeira, a\u00e7\u00e3o t\u00e3o primordial \u00e0 natureza humana, pode estar interligada com o comportamento do homem contempor\u00e2neo e seu &#8220;esp\u00edrito l\u00fadico&#8221;.<\/p>\n<figure id=\"attachment_9118\" aria-describedby=\"caption-attachment-9118\" style=\"width: 499px\" class=\"wp-caption aligncenter\"><a href=\"http:\/\/projetocineb.com.br\/wp-content\/uploads\/2016\/09\/DSC_0029.jpg\"><img loading=\"lazy\" decoding=\"async\" class=\" wp-image-9118 \" title=\"DSC_0029\" src=\"http:\/\/projetocineb.com.br\/wp-content\/uploads\/2016\/09\/DSC_0029.jpg\" alt=\"\" width=\"499\" height=\"331\" \/><\/a><figcaption id=\"caption-attachment-9118\" class=\"wp-caption-text\">O casal Jos\u00e9 Antonio e Creuza Freitas: &quot;queremos acompanhar outras sess\u00f5es do CINEB&quot;.<\/figcaption><\/figure>\n<figure id=\"attachment_9119\" aria-describedby=\"caption-attachment-9119\" style=\"width: 499px\" class=\"wp-caption aligncenter\"><a href=\"http:\/\/projetocineb.com.br\/wp-content\/uploads\/2016\/09\/DSC_0105.jpg\"><img loading=\"lazy\" decoding=\"async\" class=\" wp-image-9119 \" title=\"DSC_0105\" src=\"http:\/\/projetocineb.com.br\/wp-content\/uploads\/2016\/09\/DSC_0105.jpg\" alt=\"\" width=\"499\" height=\"331\" \/><\/a><figcaption id=\"caption-attachment-9119\" class=\"wp-caption-text\">Al\u00f4 galera do CINEB!<\/figcaption><\/figure>\n<p>Foi a segunda vez que o CINEB esteve na escola, segundo o diretor J\u00falio Rizzo. \u201c\u00c9 muito bom porque est\u00e1 trazendo cultura, lazer e entretenimento para a comunidade que \u00e9 sempre carente de arte. Ent\u00e3o \u00e9 muito v\u00e1lido. \u00c9 um projeto perfeito, as pessoas gostam, as pessoas participam\u201d, comentou. Rizzo lembrou, ainda, que o idealizador do CINEB, Luiz Cl\u00e1udio Marcolino, quando foi deputado estadual (2011-2014), beneficiou a escola com uma emenda para constru\u00e7\u00e3o de uma quadra coberta.<\/p>\n<figure id=\"attachment_9117\" aria-describedby=\"caption-attachment-9117\" style=\"width: 499px\" class=\"wp-caption aligncenter\"><a href=\"http:\/\/projetocineb.com.br\/wp-content\/uploads\/2016\/09\/DSC_0050.jpg\"><img loading=\"lazy\" decoding=\"async\" class=\" wp-image-9117 \" title=\"DSC_0050\" src=\"http:\/\/projetocineb.com.br\/wp-content\/uploads\/2016\/09\/DSC_0050.jpg\" alt=\"\" width=\"499\" height=\"331\" \/><\/a><figcaption id=\"caption-attachment-9117\" class=\"wp-caption-text\">O coordenador do CINEB, Cid\u00e1lio Veira Santos e o diretor da EE Assis Chataubriand, J\u00falio Rizzo.<\/figcaption><\/figure>\n<p>O p\u00fablico presente, tamb\u00e9m elogiou o projeto. Aparecida Maria Delmindo, moradora da regi\u00e3o, estava novamente na sess\u00e3o. Na \u00faltima vez, em 2014, ela esteve acompanha de 12 crian\u00e7as. \u201cEu gostei muito da outra vez, ent\u00e3o trouxe todo mundo de novo\u201d, explica, ao lado dos netos, netos da irm\u00e3 e filhos de vizinhas.<\/p>\n<figure id=\"attachment_9121\" aria-describedby=\"caption-attachment-9121\" style=\"width: 499px\" class=\"wp-caption aligncenter\"><a href=\"http:\/\/projetocineb.com.br\/wp-content\/uploads\/2016\/09\/DSC_0095.jpg\"><img loading=\"lazy\" decoding=\"async\" class=\" wp-image-9121 \" title=\"DSC_0095\" src=\"http:\/\/projetocineb.com.br\/wp-content\/uploads\/2016\/09\/DSC_0095.jpg\" alt=\"\" width=\"499\" height=\"331\" \/><\/a><figcaption id=\"caption-attachment-9121\" class=\"wp-caption-text\">O ator Domingos Montagner participa do document\u00e1rio &quot;Tarja Branca&quot;.<\/figcaption><\/figure>\n<p>Diferente do chileno Jos\u00e9 Antonio Gomes que estava pela primeira vez numa sess\u00e3o do CINEB. Ao lado da esposa Creuza de Freitas, professora da primeira fase do ensino fundamental na EE Assis Chateaubriand, e das netas da companheira, ele conta que h\u00e1 tempos n\u00e3o frequenta uma sala de cinema. \u201c[Ia] quando era crian\u00e7a, em Santiago. Mas depois, com a chegada da televis\u00e3o, acabaram as salas de cinema l\u00e1 e nunca mais pude ir\u201d, explica. Ao final da sess\u00e3o, fez quest\u00e3o de cumprimentar toda a produ\u00e7\u00e3o do CINEB, desde o coordenador do projeto Cid\u00e1lio Vieira Santos at\u00e9 o pipoqueiro, seu Antonio. \u201cO filme me fez lembrar que antigamente n\u00f3s mont\u00e1vamos os nossos brinquedos. N\u00e3o tinha essa coisa de ir comprar n\u00e3o\u201d, ao comentar o document\u00e1rio <em>Tarja Branca.<\/em><\/p>\n<figure id=\"attachment_9114\" aria-describedby=\"caption-attachment-9114\" style=\"width: 499px\" class=\"wp-caption aligncenter\"><a href=\"http:\/\/projetocineb.com.br\/wp-content\/uploads\/2016\/09\/DSC_0107.jpg\"><img loading=\"lazy\" decoding=\"async\" class=\" wp-image-9114 \" title=\"DSC_0107\" src=\"http:\/\/projetocineb.com.br\/wp-content\/uploads\/2016\/09\/DSC_0107.jpg\" alt=\"\" width=\"499\" height=\"331\" \/><\/a><figcaption id=\"caption-attachment-9114\" class=\"wp-caption-text\">Sorteio de camisetas para as crian\u00e7as...<\/figcaption><\/figure>\n<figure id=\"attachment_9113\" aria-describedby=\"caption-attachment-9113\" style=\"width: 499px\" class=\"wp-caption aligncenter\"><a href=\"http:\/\/projetocineb.com.br\/wp-content\/uploads\/2016\/09\/DSC_0109.jpg\"><img loading=\"lazy\" decoding=\"async\" class=\" wp-image-9113 \" title=\"DSC_0109\" src=\"http:\/\/projetocineb.com.br\/wp-content\/uploads\/2016\/09\/DSC_0109.jpg\" alt=\"\" width=\"499\" height=\"331\" \/><\/a><figcaption id=\"caption-attachment-9113\" class=\"wp-caption-text\">... e tamb\u00e9m para os adultos. At\u00e9 a pr\u00f3xima sess\u00e3o!<\/figcaption><\/figure>\n<p>O CINEB \u00e9 um circuito itinerante de cinema realizado pelo Sindicato dos Banc\u00e1rios de S\u00e3o Paulo, Osasco e Regi\u00e3o e pela Brazucah Produ\u00e7\u00f5es. Desde 2007, o j\u00e1 atingiu um p\u00fablico superior a 54 mil espectadores em mais de 400 sess\u00f5es gratuitas realizadas em comunidades e universidades de S\u00e3o Paulo. A iniciativa busca democratizar o acesso ao cinema nacional e divulgar os filmes produzidos no Brasil. J\u00e1 foram exibidos na tela do CINEB mais de 75 longas-metragens e 50 curtas-metragens, al\u00e9m da realiza\u00e7\u00e3o de pr\u00e9-estreias exclusivas.<\/p>\n","protected":false},"excerpt":{"rendered":"<p>Escola Estadual Assis Chateraubriand, que fica no Jardim Maria Luiza, regi\u00e3o de Cidade Ademar, na Zona Sul de S\u00e3o Paulo,[&#8230;]<\/p>\n","protected":false},"author":2,"featured_media":9111,"comment_status":"open","ping_status":"open","sticky":false,"template":"","format":"standard","meta":[],"categories":[2],"tags":[],"_links":{"self":[{"href":"https:\/\/projetocineb.com.br\/index.php?rest_route=\/wp\/v2\/posts\/9110"}],"collection":[{"href":"https:\/\/projetocineb.com.br\/index.php?rest_route=\/wp\/v2\/posts"}],"about":[{"href":"https:\/\/projetocineb.com.br\/index.php?rest_route=\/wp\/v2\/types\/post"}],"author":[{"embeddable":true,"href":"https:\/\/projetocineb.com.br\/index.php?rest_route=\/wp\/v2\/users\/2"}],"replies":[{"embeddable":true,"href":"https:\/\/projetocineb.com.br\/index.php?rest_route=%2Fwp%2Fv2%2Fcomments&post=9110"}],"version-history":[{"count":0,"href":"https:\/\/projetocineb.com.br\/index.php?rest_route=\/wp\/v2\/posts\/9110\/revisions"}],"wp:featuredmedia":[{"embeddable":true,"href":"https:\/\/projetocineb.com.br\/index.php?rest_route=\/wp\/v2\/media\/9111"}],"wp:attachment":[{"href":"https:\/\/projetocineb.com.br\/index.php?rest_route=%2Fwp%2Fv2%2Fmedia&parent=9110"}],"wp:term":[{"taxonomy":"category","embeddable":true,"href":"https:\/\/projetocineb.com.br\/index.php?rest_route=%2Fwp%2Fv2%2Fcategories&post=9110"},{"taxonomy":"post_tag","embeddable":true,"href":"https:\/\/projetocineb.com.br\/index.php?rest_route=%2Fwp%2Fv2%2Ftags&post=9110"}],"curies":[{"name":"wp","href":"https:\/\/api.w.org\/{rel}","templated":true}]}}