{"id":9127,"date":"2016-09-28T17:57:46","date_gmt":"2016-09-28T20:57:46","guid":{"rendered":"http:\/\/projetocineb.com.br\/?p=9127"},"modified":"2016-09-28T17:57:46","modified_gmt":"2016-09-28T20:57:46","slug":"marcolino-vai-defender-a-cultura-na-camara-de-sao-paulo","status":"publish","type":"post","link":"https:\/\/projetocineb.com.br\/?p=9127","title":{"rendered":"Marcolino vai defender a cultura na C\u00e2mara de S\u00e3o Paulo"},"content":{"rendered":"<p><em>Luiz Claudio Marcolino, idealizador do CINEB quando era presidente do Sindicato dos Banc\u00e1rios de S\u00e3o Paulo, Osasco e regi\u00e3o \u00e9 candidato a vereador e tem em sua plataforma propostas para defesa da cultura e educa\u00e7\u00e3o na cidade de S\u00e3o Paulo.<\/em><\/p>\n<p>Imagine um projeto que j\u00e1 levou o melhor do cinema brasileiro para mais de 53 mil espectadores, em 410 sess\u00f5es, tendo como principal objetivo oferecer cinema de qualidade para quem n\u00e3o tem condi\u00e7\u00f5es de frequentar com regularidade uma sala de cinema? Se voc\u00ea pensou no CINEB est\u00e1 correto. Hoje n\u00f3s somos um dos maiores projetos de democratiza\u00e7\u00e3o do cinema brasileiro e valoriza\u00e7\u00e3o da cultura nacional.<\/p>\n<figure id=\"attachment_9131\" aria-describedby=\"caption-attachment-9131\" style=\"width: 532px\" class=\"wp-caption aligncenter\"><a href=\"http:\/\/projetocineb.com.br\/wp-content\/uploads\/2016\/09\/montagem.jpg\"><img fetchpriority=\"high\" decoding=\"async\" class=\" wp-image-9131 \" title=\"montagem\" src=\"http:\/\/projetocineb.com.br\/wp-content\/uploads\/2016\/09\/montagem.jpg\" alt=\"\" width=\"532\" height=\"355\" \/><\/a><figcaption id=\"caption-attachment-9131\" class=\"wp-caption-text\">Um dos idealizadores do CINEB, Marcolino acompanha muitas das sess\u00f5es todo ano.<\/figcaption><\/figure>\n<p>O CINEB surgiu h\u00e1 exatos 9 anos porque o ent\u00e3o presidente do Sindicato dos Banc\u00e1rios de S\u00e3o Paulo, Osasco e regi\u00e3o, Luiz Claudio Marcolino acreditou que a cultura do nosso pa\u00eds precisava ir aonde o povo est\u00e1. Desde ent\u00e3o o CINEB j\u00e1 esteve em escolas, igrejas, centros comunit\u00e1rios, casas de cultura, ONGs, pra\u00e7as e parques, sempre levando divers\u00e3o e reflex\u00e3o para milhares de pessoas que nunca pisaram em um cinema convencional.<\/p>\n<figure id=\"attachment_9132\" aria-describedby=\"caption-attachment-9132\" style=\"width: 497px\" class=\"wp-caption aligncenter\"><a href=\"http:\/\/projetocineb.com.br\/wp-content\/uploads\/2016\/09\/IMG_6792.jpg\"><img decoding=\"async\" class=\" wp-image-9132 \" title=\"IMG_6792\" src=\"http:\/\/projetocineb.com.br\/wp-content\/uploads\/2016\/09\/IMG_6792.jpg\" alt=\"\" width=\"497\" height=\"331\" \/><\/a><figcaption id=\"caption-attachment-9132\" class=\"wp-caption-text\">CINEB est\u00e1 h\u00e1 9 anos exibindo longas e curtas-metragens nas pra\u00e7as da cidade. Na foto, sess\u00e3o na Pra\u00e7a do Patriarca, em 2015.<\/figcaption><\/figure>\n<figure id=\"attachment_9139\" aria-describedby=\"caption-attachment-9139\" style=\"width: 432px\" class=\"wp-caption aligncenter\"><a href=\"http:\/\/projetocineb.com.br\/wp-content\/uploads\/2016\/09\/262839_259006914113307_100000120025061_1226604_3917854_n.jpg\"><img decoding=\"async\" class=\" wp-image-9139 \" title=\"262839_259006914113307_100000120025061_1226604_3917854_n\" src=\"http:\/\/projetocineb.com.br\/wp-content\/uploads\/2016\/09\/262839_259006914113307_100000120025061_1226604_3917854_n.jpg\" alt=\"\" width=\"432\" height=\"287\" \/><\/a><figcaption id=\"caption-attachment-9139\" class=\"wp-caption-text\">Marcolino apoia, desde 2009, o fortalecimento do cinema brasileiro.<\/figcaption><\/figure>\n<p>O apoio do Sindicado dos Banc\u00e1rios de S\u00e3o Paulo, Osasco e regi\u00e3o por meio da atual presidenta, Juv\u00e2ndia Moreira \u00e9 fundamental para a continuidade do projeto, mas a vis\u00e3o inclusiva e cidad\u00e3 de Luiz Claudio Marcolino garantiu que o CINEB se tornasse um dos principais projetos culturais da principal cidade e do pa\u00eds.<\/p>\n<figure id=\"attachment_9134\" aria-describedby=\"caption-attachment-9134\" style=\"width: 497px\" class=\"wp-caption aligncenter\"><a href=\"http:\/\/projetocineb.com.br\/wp-content\/uploads\/2016\/09\/IMG_94082.jpg\"><img loading=\"lazy\" decoding=\"async\" class=\" wp-image-9134 \" title=\"IMG_94082\" src=\"http:\/\/projetocineb.com.br\/wp-content\/uploads\/2016\/09\/IMG_94082.jpg\" alt=\"\" width=\"497\" height=\"331\" \/><\/a><figcaption id=\"caption-attachment-9134\" class=\"wp-caption-text\">Uma das mais marcantes sess\u00f5es da hist\u00f3ria do projeto foi a exibi\u00e7\u00e3o do filme Sabotage na regi\u00e3o conhecida como Cracol\u00e2ndia, numa parceria do CINEB com a Prefeitura para levar cultura e reflex\u00e3o para a popula\u00e7\u00e3o circulante da regi\u00e3o.<\/figcaption><\/figure>\n<figure id=\"attachment_9140\" aria-describedby=\"caption-attachment-9140\" style=\"width: 480px\" class=\"wp-caption aligncenter\"><a href=\"http:\/\/projetocineb.com.br\/wp-content\/uploads\/2016\/09\/IMG_1920.jpg\"><img loading=\"lazy\" decoding=\"async\" class=\" wp-image-9140 \" title=\"IMG_1920\" src=\"http:\/\/projetocineb.com.br\/wp-content\/uploads\/2016\/09\/IMG_1920.jpg\" alt=\"\" width=\"480\" height=\"320\" \/><\/a><figcaption id=\"caption-attachment-9140\" class=\"wp-caption-text\">Marcolino ao lado do coordenador do CINEB, Cid\u00e1lio Vieira Santos, dando apoio ao CINE COMUNIDADE.<\/figcaption><\/figure>\n<p>Luiz Claudio Marcolino j\u00e1 possibilitou, inclusive que o projeto de democratiza\u00e7\u00e3o do cinema se expandisse para todo o Estado de S\u00e3o Paulo com o Cine Comunidade, resultado da indica\u00e7\u00e3o de recursos feita ao or\u00e7amento atrav\u00e9s das chamadas emendas parlamentares, quando foi deputado estadual. O projeto alcan\u00e7ou mais de 3,3 mil pessoas em 12 cidades entre 2012 e 2014. Essas duas iniciativas refletem sua preocupa\u00e7\u00e3o com a cultura brasileira, com aqueles que trabalham com cultura. (Conhe\u00e7a o Cine Comunidade em facebook.com\/cinecomunidade).<\/p>\n<figure id=\"attachment_9135\" aria-describedby=\"caption-attachment-9135\" style=\"width: 497px\" class=\"wp-caption aligncenter\"><a href=\"http:\/\/projetocineb.com.br\/wp-content\/uploads\/2016\/09\/IMG_9438.jpg\"><img loading=\"lazy\" decoding=\"async\" class=\" wp-image-9135 \" title=\"IMG_9438\" src=\"http:\/\/projetocineb.com.br\/wp-content\/uploads\/2016\/09\/IMG_9438.jpg\" alt=\"\" width=\"497\" height=\"331\" \/><\/a><figcaption id=\"caption-attachment-9135\" class=\"wp-caption-text\">Na Barragem, extremo Sul de S\u00e3o Paulo, CINEB foi uma atra\u00e7\u00e3o para quem est\u00e1 a duas horas e meia de uma sala de cinema.<\/figcaption><\/figure>\n<p><strong>Agora LUIZ CLAUDIO MARCOLINO est\u00e1 se candidatando ao cargo de VEREADOR na cidade de S\u00e3o Paulo e pretende trabalhar para valorizar a cultura, educa\u00e7\u00e3o \u00a0e os profissionais dessas \u00e1reas. Tamb\u00e9m tem propostas para gera\u00e7\u00e3o de trabalho e renda e o desenvolvimento da cidade.\u00a0<\/strong>Seguem abaixo as principais bandeiras do seu mandato:<\/p>\n<figure id=\"attachment_9136\" aria-describedby=\"caption-attachment-9136\" style=\"width: 500px\" class=\"wp-caption aligncenter\"><a href=\"http:\/\/projetocineb.com.br\/wp-content\/uploads\/2016\/09\/FB_IMG_1473702123302.jpg\"><img loading=\"lazy\" decoding=\"async\" class=\"size-full wp-image-9136\" title=\"FB_IMG_1473702123302\" src=\"http:\/\/projetocineb.com.br\/wp-content\/uploads\/2016\/09\/FB_IMG_1473702123302.jpg\" alt=\"\" width=\"500\" height=\"500\" \/><\/a><figcaption id=\"caption-attachment-9136\" class=\"wp-caption-text\">As propostas de Luiz Claudio Marcolino.<\/figcaption><\/figure>\n<p><strong>Creche at\u00e9 as 20 horas:<\/strong> O projeto prev\u00ea que pais trabalhadores tenham o direito de buscar seus filhos na creche at\u00e9 as 20hs. A proposi\u00e7\u00e3o pede um segundo turno de trabalho para os profissionais da creche de maneira que assegure aos pais tranquilidade de buscar suas crian\u00e7as depois de um dia de trabalho.<\/p>\n<p><strong>Gera\u00e7\u00e3o de Trabalho e Renda:<\/strong> O Projeto pretende assegurar que um percentual de vagas, proporcional ao n\u00famero de desempregados, seja destinado aos Jovens e tamb\u00e9m a quem tem mais de 40 anos. Marcolino 13310 quer chamar os jovens para o debate, encontrar e propor solu\u00e7\u00f5es para a qualifica\u00e7\u00e3o desde o primeiro emprego.<\/p>\n<p><strong>\u00a0Universidade Livre de Cultura e Arte:<\/strong> A proposta \u00e9 uma universidade que promova cursos, inicialmente voltados para a juventude, que traga conhecimento com a perspectiva de cria\u00e7\u00e3o de emprego e renda voltado para economia criativa e empreendedorismo da pr\u00f3pria juventude.<\/p>\n<p><strong>\u00a0Transporte 24 horas:<\/strong> Este \u00e9 um dos temas de maior relev\u00e2ncia para Marcolino 13310, por isso, desde 2011 ele mant\u00e9m esse debate tendo conseguido implementar as primeiras linhas de transporte noturno. O Projeto foi constru\u00eddo com a ajuda de trabalhadores e estudantes que n\u00e3o tinham como voltar para casa ap\u00f3s o hor\u00e1rio de termino de suas atividades.<\/p>\n<p><strong>\u00a0Ag\u00eancias Banc\u00e1rias:<\/strong> Em bairros com mais de 20 mil habitantes Marcolino 13310 prop\u00f5e a instala\u00e7\u00e3o de bancos para contribur para o desenvolvimento local, visto que o trabalhador ter\u00e1 mais facilidade para comprar no pr\u00f3prio bairro, isso gera emprego e desenvolvimento, al\u00e9m de poupar o tempo de deslocamento at\u00e9 os bancos em funcionamento hoje.<\/p>\n","protected":false},"excerpt":{"rendered":"<p>Luiz Claudio Marcolino, idealizador do CINEB quando era presidente do Sindicato dos Banc\u00e1rios de S\u00e3o Paulo, Osasco e regi\u00e3o \u00e9[&#8230;]<\/p>\n","protected":false},"author":2,"featured_media":9130,"comment_status":"open","ping_status":"open","sticky":false,"template":"","format":"standard","meta":[],"categories":[2],"tags":[],"_links":{"self":[{"href":"https:\/\/projetocineb.com.br\/index.php?rest_route=\/wp\/v2\/posts\/9127"}],"collection":[{"href":"https:\/\/projetocineb.com.br\/index.php?rest_route=\/wp\/v2\/posts"}],"about":[{"href":"https:\/\/projetocineb.com.br\/index.php?rest_route=\/wp\/v2\/types\/post"}],"author":[{"embeddable":true,"href":"https:\/\/projetocineb.com.br\/index.php?rest_route=\/wp\/v2\/users\/2"}],"replies":[{"embeddable":true,"href":"https:\/\/projetocineb.com.br\/index.php?rest_route=%2Fwp%2Fv2%2Fcomments&post=9127"}],"version-history":[{"count":0,"href":"https:\/\/projetocineb.com.br\/index.php?rest_route=\/wp\/v2\/posts\/9127\/revisions"}],"wp:featuredmedia":[{"embeddable":true,"href":"https:\/\/projetocineb.com.br\/index.php?rest_route=\/wp\/v2\/media\/9130"}],"wp:attachment":[{"href":"https:\/\/projetocineb.com.br\/index.php?rest_route=%2Fwp%2Fv2%2Fmedia&parent=9127"}],"wp:term":[{"taxonomy":"category","embeddable":true,"href":"https:\/\/projetocineb.com.br\/index.php?rest_route=%2Fwp%2Fv2%2Fcategories&post=9127"},{"taxonomy":"post_tag","embeddable":true,"href":"https:\/\/projetocineb.com.br\/index.php?rest_route=%2Fwp%2Fv2%2Ftags&post=9127"}],"curies":[{"name":"wp","href":"https:\/\/api.w.org\/{rel}","templated":true}]}}