{"id":9143,"date":"2016-10-11T10:40:37","date_gmt":"2016-10-11T13:40:37","guid":{"rendered":"http:\/\/projetocineb.com.br\/?p=9143"},"modified":"2016-10-11T10:40:37","modified_gmt":"2016-10-11T13:40:37","slug":"cineb-retorna-no-joao-xxiii","status":"publish","type":"post","link":"https:\/\/projetocineb.com.br\/?p=9143","title":{"rendered":"CINEB retorna no Jo\u00e3o XXIII"},"content":{"rendered":"<p><em>O CINEB foi mais uma vez na EE Jo\u00e3o XXIII, na regi\u00e3o do Butant\u00e3, Zona Leste, no dia 29\/9, para exibir o filme <\/em>Gonzaga \u2013 De Pai para Filho<em>, de Breno Silveira.<\/em><\/p>\n<p>O CINEB retornou, na quinta-feira, 29\/9, a Escola Estadual (EE) Jo\u00e3o XXIII na regi\u00e3o do Butant\u00e3, Zona Oeste de S\u00e3o Paulo, dessa vez para exibir o filme Gonzaga \u2013 De Pai Para Filho do diretor Breno Silveira. Foi a segunda vez no ano que o projeto esteve na escola. Na primeira vez, a sess\u00e3o aconteceu em junho, e ocupou a quadra coberta, para exibir <em>Tudo que Aprendemos Juntos<\/em>, de S\u00e9rgio Machado, que conta a hist\u00f3ria de um professor de m\u00fasica que transformou a vida de uma comunidade em S\u00e3o Paulo.<\/p>\n<figure id=\"attachment_9149\" aria-describedby=\"caption-attachment-9149\" style=\"width: 499px\" class=\"wp-caption aligncenter\"><a href=\"http:\/\/projetocineb.com.br\/wp-content\/uploads\/2016\/10\/DSC_00271.jpg\"><img fetchpriority=\"high\" decoding=\"async\" class=\" wp-image-9149 \" title=\"DSC_0027\" src=\"http:\/\/projetocineb.com.br\/wp-content\/uploads\/2016\/10\/DSC_00271.jpg\" alt=\"\" width=\"499\" height=\"331\" \/><\/a><figcaption id=\"caption-attachment-9149\" class=\"wp-caption-text\">Sess\u00e3o na EE Jo\u00e3o XXIII reuniu alunos e comunidade do entorno da escola.<\/figcaption><\/figure>\n<p style=\"text-align: center;\">\n<p>Dessa vez, o longa-metragem conta a tumultuada hist\u00f3ria de Luiz Gonzaga, o Rei do Bai\u00e3o, com seu filho Gonzaguinha. Os dois foram artistas de enorme sucesso. O pai, vindo do sert\u00e3o pernambucano para o Rio de janeiro nos anos 1940, inventou o bai\u00e3o, o mais popular ritmo musical nordestino. O filho, carioca, do Morro de S\u00e3o Carlos, soube como ningu\u00e9m traduzir a m\u00fasica do morro em sambas que emocionaram o Brasil nos anos 1980. Entre o pai e o filho, um abismo que foi al\u00e9m dos conflitos de gera\u00e7\u00e3o, mas que venceu o medo e\u00a0o preconceito e resistiu \u00e0 dist\u00e2ncia e ao esquecimento. O filme tem no elenco o ator Domingos Montagner, protagonista da novela <em>Velho Chico<\/em> da Rede Globo, que morreu afogado no <em>Rio S\u00e3o Francisco<\/em> no \u00faltimo dia 15\/9. Na pel\u00edcula, ele faz o papel de um coronel. Foi a \u00faltima sess\u00e3o do filme de Silveira, que ficou em cartaz durante todo o m\u00eas de setembro.<\/p>\n<figure id=\"attachment_9150\" aria-describedby=\"caption-attachment-9150\" style=\"width: 499px\" class=\"wp-caption aligncenter\"><a href=\"http:\/\/projetocineb.com.br\/wp-content\/uploads\/2016\/10\/DSC_0013.jpg\"><img decoding=\"async\" class=\" wp-image-9150 \" title=\"DSC_0013\" src=\"http:\/\/projetocineb.com.br\/wp-content\/uploads\/2016\/10\/DSC_0013.jpg\" alt=\"\" width=\"499\" height=\"331\" \/><\/a><figcaption id=\"caption-attachment-9150\" class=\"wp-caption-text\">No CINEB, a pipoca \u00e9 por nossa conta!<\/figcaption><\/figure>\n<p>Para o Prof. Luiz Carlos de Oliveira, diretor da EE Jo\u00e3o XXIII, o CINEB \u201ctraz para nossa comunidade escolar a import\u00e2ncia da valoriza\u00e7\u00e3o da cultura brasileira, da m\u00fasica brasileira, do filme brasileiro\u201d.\u00a0 E ele lembra que o projeto ajuda muito no trabalho que a escola tem de \u201cformar o cidad\u00e3o para ser cr\u00edtico e participativo\u201d, salienta.<\/p>\n<figure id=\"attachment_9153\" aria-describedby=\"caption-attachment-9153\" style=\"width: 499px\" class=\"wp-caption aligncenter\"><a href=\"http:\/\/projetocineb.com.br\/wp-content\/uploads\/2016\/10\/DSC_0058.jpg\"><img decoding=\"async\" class=\" wp-image-9153 \" title=\"DSC_0058\" src=\"http:\/\/projetocineb.com.br\/wp-content\/uploads\/2016\/10\/DSC_0058.jpg\" alt=\"\" width=\"499\" height=\"331\" \/><\/a><figcaption id=\"caption-attachment-9153\" class=\"wp-caption-text\">Luiz Cl\u00e1udio Marcolino, Cid\u00e1lio Vieira Santos e Luciano Felipe dos Santos na abertura oficial da sess\u00e3o.<\/figcaption><\/figure>\n<p>Na abertura oficial da sess\u00e3o, que contou com a presen\u00e7a de Cid\u00e1lio Vieira Santos, coordenador do projeto, Luciano Felipe dos Santos, coordenador pedag\u00f3gico do per\u00edodo noturno e Luiz Cl\u00e1udio Marcolino, diretor da Confedera\u00e7\u00e3o dos Trabalhadores do Ramo Financeiro (Contraf) e idealizador do Projeto CINEB quando foi presidente do Sindicato dos Banc\u00e1rios de S\u00e3o Paulo, Osasco e Regi\u00e3o, Luciano lembrou o importante trajet\u00f3ria musical de Luiz Gonzaga e de seu filho, Gonzaguinha. \u201c\u00cdcones da m\u00fasica brasileira\u201d. J\u00e1 Marcolino explicou que o CINEB \u00e9 resultado da vontade pol\u00edtica de um sindicato que luta pelas pautas econ\u00f4micas, \u201cmas que tamb\u00e9m se preocupa em levar qualidade de vida ao cidad\u00e3o\u201d, considera.<\/p>\n<figure id=\"attachment_9154\" aria-describedby=\"caption-attachment-9154\" style=\"width: 499px\" class=\"wp-caption aligncenter\"><a href=\"http:\/\/projetocineb.com.br\/wp-content\/uploads\/2016\/10\/DSC_0066.jpg\"><img loading=\"lazy\" decoding=\"async\" class=\" wp-image-9154 \" title=\"DSC_0066\" src=\"http:\/\/projetocineb.com.br\/wp-content\/uploads\/2016\/10\/DSC_0066.jpg\" alt=\"\" width=\"499\" height=\"331\" \/><\/a><figcaption id=\"caption-attachment-9154\" class=\"wp-caption-text\">O casal Jaqueline Pereira Martins e Alessandro Aparecido dos Santos<\/figcaption><\/figure>\n<p>Nem mesmo o estranho frio que fazia no Butant\u00e3 em plena primavera, assustou o p\u00fablico. Dona Maria Irene, aluna da Educa\u00e7\u00e3o de Jovens e Adultos (EJA), acompanhou a sess\u00e3o at\u00e9 o final. \u201cSe tiver outra vez eu venho assistir novamente\u201d, explica. Ela lembra que conheceu o CINEB ano passado, quando acompanhou uma sess\u00e3o na Escola Municipal Jo\u00e3o XXIII.<\/p>\n<figure id=\"attachment_9155\" aria-describedby=\"caption-attachment-9155\" style=\"width: 499px\" class=\"wp-caption aligncenter\"><a href=\"http:\/\/projetocineb.com.br\/wp-content\/uploads\/2016\/10\/DSC_0033.jpg\"><img loading=\"lazy\" decoding=\"async\" class=\" wp-image-9155 \" title=\"DSC_0033\" src=\"http:\/\/projetocineb.com.br\/wp-content\/uploads\/2016\/10\/DSC_0033.jpg\" alt=\"\" width=\"499\" height=\"331\" \/><\/a><figcaption id=\"caption-attachment-9155\" class=\"wp-caption-text\">Alunos da escola marcaram presen\u00e7a.<\/figcaption><\/figure>\n<p>O casal Jaqueline Pereira Martins e Alessandro Aparecido dos Santos tamb\u00e9m aprovou o projeto. Ela \u00e9 aluna do EJA e ele, publicit\u00e1rio. O filho de Jacqueline dormiu boa parta da sess\u00e3o, mas no final da sess\u00e3o acordou e trouxe sorte para o casal, que ganhou camisetas durante o sorteio de brindes.<\/p>\n<p style=\"text-align: center;\"><a href=\"http:\/\/projetocineb.com.br\/wp-content\/uploads\/2016\/10\/DSC_0056.jpg\"><img loading=\"lazy\" decoding=\"async\" class=\"aligncenter  wp-image-9152\" title=\"DSC_0056\" src=\"http:\/\/projetocineb.com.br\/wp-content\/uploads\/2016\/10\/DSC_0056.jpg\" alt=\"Brindes sorteados da Surya Brasil.\" width=\"499\" height=\"331\" \/><\/a><\/p>\n<figure id=\"attachment_9151\" aria-describedby=\"caption-attachment-9151\" style=\"width: 499px\" class=\"wp-caption aligncenter\"><a href=\"http:\/\/projetocineb.com.br\/wp-content\/uploads\/2016\/10\/DSC_0073.jpg\"><img loading=\"lazy\" decoding=\"async\" class=\" wp-image-9151 \" title=\"DSC_0073\" src=\"http:\/\/projetocineb.com.br\/wp-content\/uploads\/2016\/10\/DSC_0073.jpg\" alt=\"\" width=\"499\" height=\"331\" \/><\/a><figcaption id=\"caption-attachment-9151\" class=\"wp-caption-text\">At\u00e9 a pr\u00f3xima sess\u00e3o!<\/figcaption><\/figure>\n<p>O CINEB \u00e9 um circuito itinerante de cinema realizado pelo Sindicato dos Banc\u00e1rios de S\u00e3o Paulo, Osasco e Regi\u00e3o e pela Brazucah Produ\u00e7\u00f5es. Desde 2007, o j\u00e1 atingiu um p\u00fablico superior a 54 mil espectadores em mais de 400 sess\u00f5es gratuitas realizadas em comunidades e universidades de S\u00e3o Paulo. A iniciativa busca democratizar o acesso ao cinema nacional e divulgar os filmes produzidos no Brasil. J\u00e1 foram exibidos na tela do CINEB mais de 75 longas-metragens e 50 curtas-metragens, al\u00e9m da realiza\u00e7\u00e3o de pr\u00e9-estreias exclusivas.<\/p>\n","protected":false},"excerpt":{"rendered":"<p>O CINEB foi mais uma vez na EE Jo\u00e3o XXIII, na regi\u00e3o do Butant\u00e3, Zona Leste, no dia 29\/9, para[&#8230;]<\/p>\n","protected":false},"author":2,"featured_media":9145,"comment_status":"open","ping_status":"open","sticky":false,"template":"","format":"standard","meta":[],"categories":[2],"tags":[],"_links":{"self":[{"href":"https:\/\/projetocineb.com.br\/index.php?rest_route=\/wp\/v2\/posts\/9143"}],"collection":[{"href":"https:\/\/projetocineb.com.br\/index.php?rest_route=\/wp\/v2\/posts"}],"about":[{"href":"https:\/\/projetocineb.com.br\/index.php?rest_route=\/wp\/v2\/types\/post"}],"author":[{"embeddable":true,"href":"https:\/\/projetocineb.com.br\/index.php?rest_route=\/wp\/v2\/users\/2"}],"replies":[{"embeddable":true,"href":"https:\/\/projetocineb.com.br\/index.php?rest_route=%2Fwp%2Fv2%2Fcomments&post=9143"}],"version-history":[{"count":0,"href":"https:\/\/projetocineb.com.br\/index.php?rest_route=\/wp\/v2\/posts\/9143\/revisions"}],"wp:featuredmedia":[{"embeddable":true,"href":"https:\/\/projetocineb.com.br\/index.php?rest_route=\/wp\/v2\/media\/9145"}],"wp:attachment":[{"href":"https:\/\/projetocineb.com.br\/index.php?rest_route=%2Fwp%2Fv2%2Fmedia&parent=9143"}],"wp:term":[{"taxonomy":"category","embeddable":true,"href":"https:\/\/projetocineb.com.br\/index.php?rest_route=%2Fwp%2Fv2%2Fcategories&post=9143"},{"taxonomy":"post_tag","embeddable":true,"href":"https:\/\/projetocineb.com.br\/index.php?rest_route=%2Fwp%2Fv2%2Ftags&post=9143"}],"curies":[{"name":"wp","href":"https:\/\/api.w.org\/{rel}","templated":true}]}}