{"id":9158,"date":"2016-10-11T16:19:36","date_gmt":"2016-10-11T19:19:36","guid":{"rendered":"http:\/\/projetocineb.com.br\/?p=9158"},"modified":"2016-10-11T16:19:36","modified_gmt":"2016-10-11T19:19:36","slug":"dia-27-tem-aquarius-na-regional-paulista","status":"publish","type":"post","link":"https:\/\/projetocineb.com.br\/?p=9158","title":{"rendered":"Dia 27 tem Aquarius na Regional Paulista"},"content":{"rendered":"<p><em>O elogiado filme escrito e dirigido pelo pernambucano Kleber Mendon\u00e7a Filho que tem Sonia Braga no elenco ser\u00e1 exibido no pr\u00f3ximo dia 27\/10, na Regional Paulista, com entrada franca. Diretor e atores chamaram aten\u00e7\u00e3o do mundo ao se manifestarem contra o golpe que dep\u00f4s Dilma durante abertura do Festival de Cannes, em maio.<\/em><\/p>\n<p>O CINEB vai exibir, no pr\u00f3ximo dia 27 de outubro, 19h, na Regional Paulista do Sindicato dos Banc\u00e1rios de S\u00e3o Paulo Osasco e Regi\u00e3o, o longa-metragem <em>Aquaruius<\/em>, escrito e dirigido por Kleber Mendon\u00e7a Filho, e que atualmente est\u00e1 em cartaz nos cinemas comerciais de todo o pa\u00eds.<\/p>\n<p>&nbsp;<\/p>\n<figure id=\"attachment_9163\" aria-describedby=\"caption-attachment-9163\" style=\"width: 499px\" class=\"wp-caption aligncenter\"><a href=\"http:\/\/projetocineb.com.br\/wp-content\/uploads\/2016\/10\/Foto-3.jpg\"><img fetchpriority=\"high\" decoding=\"async\" class=\" wp-image-9163 \" title=\"Foto 3\" src=\"http:\/\/projetocineb.com.br\/wp-content\/uploads\/2016\/10\/Foto-3.jpg\" alt=\"\" width=\"499\" height=\"211\" \/><\/a><figcaption id=\"caption-attachment-9163\" class=\"wp-caption-text\">Divulga\u00e7\u00e3o. Jornalista resiste ao processo de especula\u00e7\u00e3o imobili\u00e1ria em Recife.<\/figcaption><\/figure>\n<p>O filme chamou a aten\u00e7\u00e3o internacional por conta do posicionamento do diretor e de parte do elenco, encabe\u00e7ado por Sonia Braga, contra o golpe que dep\u00f4s a presidenta Dilma Rousseff. O protesto aconteceu na abertura oficial do Festival de Cannes, na Fran\u00e7a, em maio, quando o grupo segurou cartazes com frases denunciando, em ingl\u00eas e franc\u00eas, o processo de impeachmeant sem crime que Dilma enfrentava. Os cartazes diziam: \u201cBrasil vive um golpe de estado\u201d e \u201c54.501.118 votos est\u00e3o sendo queimados\u201d. A atitude repercutiu na m\u00eddia internacional e refor\u00e7ou a imagem positiva que o filme ganhou dos cr\u00edticos que acompanharam a exibi\u00e7\u00e3o no Festival.<\/p>\n<figure id=\"attachment_9164\" aria-describedby=\"caption-attachment-9164\" style=\"width: 496px\" class=\"wp-caption aligncenter\"><a href=\"http:\/\/projetocineb.com.br\/wp-content\/uploads\/2016\/10\/Foto-2.jpg\"><img decoding=\"async\" class=\" wp-image-9164 \" title=\"Foto 2\" src=\"http:\/\/projetocineb.com.br\/wp-content\/uploads\/2016\/10\/Foto-2.jpg\" alt=\"\" width=\"496\" height=\"331\" \/><\/a><figcaption id=\"caption-attachment-9164\" class=\"wp-caption-text\">Aquarius \u00e9 sucesso de cr\u00edtica e p\u00fablico no mundo.<\/figcaption><\/figure>\n<p>Aquarius conta a hist\u00f3ria de uma jornalista, interpretada por S\u00f4nia Braga, pressionada a deixar seu apartamento, em Recife, por empreendedores que querem derrubar o pr\u00e9dio, \u00faltimo a manter um estilo antigo na avenida Boa Viagem em frente ao mar. Vi\u00fava, com tr\u00eas filhos adultos, e dona de um aconchegante apartamento repleto de discos e livros, ela vai representar a resist\u00eancia daqueles que lutam por um estilo de vida que j\u00e1 n\u00e3o atende aos interesses do mercado imobili\u00e1rio nos grandes centros brasileiros.<\/p>\n<p>Com uma carreira extremamente positiva, com distribui\u00e7\u00e3o para mais de 60 pa\u00edses, j\u00e1 foi visto por mais de 200 mil pessoas no Brasil. Na Fran\u00e7a, 40 mil pessoas foram aos cinemas na semana de sua estreia, em setembro.<\/p>\n<p><em>Aquarius<\/em> tamb\u00e9m participou de outra pol\u00eamica durante a sele\u00e7\u00e3o brasileira para filme estrangeiro no Oscar, feita tamb\u00e9m em setembro. Concorrendo com outras 15 pel\u00edculas e considerado o favorito para representar o Brasil na mais importante premia\u00e7\u00e3o do cinema mundial, foi preterido por um filme que ainda nem entrou em cartaz, algo que nunca aconteceu antes neste tipo de sele\u00e7\u00e3o. A situa\u00e7\u00e3o levantou suspeitas, entre profissionais de cinema, de que houve retalia\u00e7\u00e3o ao filme por parte do Minist\u00e9rio da Cultura, que \u00e9 o respons\u00e1vel por indicar o representante brasileiro que vai concorrer ao Oscar.<\/p>\n<p>&nbsp;<\/p>\n","protected":false},"excerpt":{"rendered":"<p>O elogiado filme escrito e dirigido pelo pernambucano Kleber Mendon\u00e7a Filho que tem Sonia Braga no elenco ser\u00e1 exibido no[&#8230;]<\/p>\n","protected":false},"author":2,"featured_media":9162,"comment_status":"open","ping_status":"open","sticky":false,"template":"","format":"standard","meta":[],"categories":[2],"tags":[],"_links":{"self":[{"href":"https:\/\/projetocineb.com.br\/index.php?rest_route=\/wp\/v2\/posts\/9158"}],"collection":[{"href":"https:\/\/projetocineb.com.br\/index.php?rest_route=\/wp\/v2\/posts"}],"about":[{"href":"https:\/\/projetocineb.com.br\/index.php?rest_route=\/wp\/v2\/types\/post"}],"author":[{"embeddable":true,"href":"https:\/\/projetocineb.com.br\/index.php?rest_route=\/wp\/v2\/users\/2"}],"replies":[{"embeddable":true,"href":"https:\/\/projetocineb.com.br\/index.php?rest_route=%2Fwp%2Fv2%2Fcomments&post=9158"}],"version-history":[{"count":0,"href":"https:\/\/projetocineb.com.br\/index.php?rest_route=\/wp\/v2\/posts\/9158\/revisions"}],"wp:featuredmedia":[{"embeddable":true,"href":"https:\/\/projetocineb.com.br\/index.php?rest_route=\/wp\/v2\/media\/9162"}],"wp:attachment":[{"href":"https:\/\/projetocineb.com.br\/index.php?rest_route=%2Fwp%2Fv2%2Fmedia&parent=9158"}],"wp:term":[{"taxonomy":"category","embeddable":true,"href":"https:\/\/projetocineb.com.br\/index.php?rest_route=%2Fwp%2Fv2%2Fcategories&post=9158"},{"taxonomy":"post_tag","embeddable":true,"href":"https:\/\/projetocineb.com.br\/index.php?rest_route=%2Fwp%2Fv2%2Ftags&post=9158"}],"curies":[{"name":"wp","href":"https:\/\/api.w.org\/{rel}","templated":true}]}}