{"id":9177,"date":"2016-11-02T15:19:47","date_gmt":"2016-11-02T17:19:47","guid":{"rendered":"http:\/\/projetocineb.com.br\/?p=9177"},"modified":"2016-11-02T15:19:47","modified_gmt":"2016-11-02T17:19:47","slug":"aquarius-atrai-grande-publico","status":"publish","type":"post","link":"https:\/\/projetocineb.com.br\/?p=9177","title":{"rendered":"Aquarius atrai grande p\u00fablico para Paulista"},"content":{"rendered":"<p class=\"MsoNormal\" style=\"margin-bottom: .0001pt; line-height: normal;\"><span style=\"font-family: Arial, sans-serif;\">Quase n\u00e3o havia espa\u00e7o para caminhar entre as fileiras de cadeiras colocadas no espa\u00e7o L\u00e9lia Abramo, na \u00faltima quinta-feira, 27\/10. O audit\u00f3rio e espa\u00e7o cultural da Regional Paulista do Sindicato dos Banc\u00e1rios de S\u00e3o Paulo, Osasco e Regi\u00e3o recebeu, pela quinta vez no ano uma sess\u00e3o especial do CINEB &#8211; desde abril foram exibidos os filmes <\/span><em style=\"font-family: Arial, sans-serif;\">Betinho &#8211; A Esperan\u00e7a Equilibrista<\/em><span style=\"font-family: Arial, sans-serif;\">, <\/span><em style=\"font-family: Arial, sans-serif;\">Chico &#8211; Artista Brasileiro<\/em><span style=\"font-family: Arial, sans-serif;\">, <\/span><em style=\"font-family: Arial, sans-serif;\">Traga Comigo<\/em><span style=\"font-family: Arial, sans-serif;\"> e <\/span><em style=\"font-family: Arial, sans-serif;\">M\u00e3e S\u00f3 H\u00e1 Uma<\/em><span style=\"font-family: Arial, sans-serif;\">. Dessa vez, o filme em cartaz foi <\/span><em style=\"font-family: Arial, sans-serif;\">Aquarius<\/em><span style=\"font-family: Arial, sans-serif;\">, de Kleber Mendon\u00e7a Filho, estrelado por S\u00f4nia Braga e que est\u00e1 em cartaz no circuito comercial.<\/span><\/p>\n<figure id=\"attachment_9181\" aria-describedby=\"caption-attachment-9181\" style=\"width: 499px\" class=\"wp-caption aligncenter\"><a href=\"http:\/\/projetocineb.com.br\/wp-content\/uploads\/2016\/11\/DSC_0067.jpg\"><img fetchpriority=\"high\" decoding=\"async\" class=\" wp-image-9181 \" title=\"DSC_0067\" src=\"http:\/\/projetocineb.com.br\/wp-content\/uploads\/2016\/11\/DSC_0067.jpg\" alt=\"\" width=\"499\" height=\"331\" \/><\/a><figcaption id=\"caption-attachment-9181\" class=\"wp-caption-text\">Aquarius atraiu um dos maiores p\u00fablicos da Regional Paulista<\/figcaption><\/figure>\n<p class=\"MsoNormal\" style=\"margin-bottom: .0001pt; line-height: normal;\"><span style=\"background-color: white; font-family: Arial, sans-serif;\">O longa-metragem conta a hist\u00f3ria de uma jornalista pressionada a deixar seu apartamento, localizado no Condom\u00ednio Aquarius, na avenida Boa Viagem, Recife\/PE, porque empreendedores querem derrubar o pr\u00e9dio para construir um arranha-c\u00e9u em frente ao mar. Vi\u00fava e dona de um aconchegante espa\u00e7o repleto de discos e livros, ela vai representar a resist\u00eancia daqueles que lutam por um estilo de vida que j\u00e1 n\u00e3o atende aos interesses do mercado imobili\u00e1rio nos grandes centros brasileiros.<\/span><\/p>\n<figure id=\"attachment_9182\" aria-describedby=\"caption-attachment-9182\" style=\"width: 499px\" class=\"wp-caption aligncenter\"><a href=\"http:\/\/projetocineb.com.br\/wp-content\/uploads\/2016\/11\/DSC_0061.jpg\"><img decoding=\"async\" class=\" wp-image-9182 \" title=\"DSC_0061\" src=\"http:\/\/projetocineb.com.br\/wp-content\/uploads\/2016\/11\/DSC_0061.jpg\" alt=\"\" width=\"499\" height=\"331\" \/><\/a><figcaption id=\"caption-attachment-9182\" class=\"wp-caption-text\">EE Herbert Baldus, que fica no Graja\u00fa, fretou \u00f4nibus para levar alunos pela segunda vez a uma sess\u00e3o na Regional Paulista.<\/figcaption><\/figure>\n<figure id=\"attachment_9183\" aria-describedby=\"caption-attachment-9183\" style=\"width: 499px\" class=\"wp-caption aligncenter\"><a href=\"http:\/\/projetocineb.com.br\/wp-content\/uploads\/2016\/11\/DSC_0049.jpg\"><img decoding=\"async\" class=\" wp-image-9183 \" title=\"DSC_0049\" src=\"http:\/\/projetocineb.com.br\/wp-content\/uploads\/2016\/11\/DSC_0049.jpg\" alt=\"\" width=\"499\" height=\"331\" \/><\/a><figcaption id=\"caption-attachment-9183\" class=\"wp-caption-text\">A partir da esquerda, Fernanda Capegiani, Fl\u00e1via Lemos e Rosana Frenck, do Movimento Ocupe &amp; Abrace, da Pomp\u00e9ia.<\/figcaption><\/figure>\n<figure id=\"attachment_9196\" aria-describedby=\"caption-attachment-9196\" style=\"width: 499px\" class=\"wp-caption aligncenter\"><a href=\"http:\/\/projetocineb.com.br\/wp-content\/uploads\/2016\/11\/DSC_0091.jpg\"><img loading=\"lazy\" decoding=\"async\" class=\" wp-image-9196 \" title=\"DSC_0091\" src=\"http:\/\/projetocineb.com.br\/wp-content\/uploads\/2016\/11\/DSC_0091.jpg\" alt=\"\" width=\"499\" height=\"331\" \/><\/a><figcaption id=\"caption-attachment-9196\" class=\"wp-caption-text\">Novidade: p\u00fablico mostra a pulseira numerada que facilita o sorteio de brindes durante a sess\u00e3o.<\/figcaption><\/figure>\n<p class=\"MsoNormal\" style=\"margin-bottom: .0001pt; line-height: normal;\"><span style=\"background-color: white; color: #333333; font-family: Arial, sans-serif;\">A sess\u00e3o especial atraiu universit\u00e1rios e movimentos sociais, al\u00e9m de convidados e pessoas que acompanham de longa data as sess\u00f5es do CINEB na Regional. Destacava-se o Movimento Ocupa &amp; Abrace, da Pomp\u00e9ia, alunos e professores da Escola Estadual (EE) Herbert Baldus, do Graja\u00fa, integrantes do Centro de Acolhida Zancone, da Vila Leopoldina, al\u00e9m de integrantes da Associa\u00e7\u00e3o de Moradores da Vila Rica.\u00a0<\/span>As 170 pessoas representaram o segundo maior p\u00fablico da hist\u00f3ria do CINEB na Regional Paulista, perdendo apenas para a pr\u00e9-estreia do filme <em>Raul &#8211; O in\u00edcio, Fim e o Meio<\/em>, exibido em 2012.<\/p>\n<figure id=\"attachment_9186\" aria-describedby=\"caption-attachment-9186\" style=\"width: 499px\" class=\"wp-caption aligncenter\"><a href=\"http:\/\/projetocineb.com.br\/wp-content\/uploads\/2016\/11\/DSC_00511.jpg\"><img loading=\"lazy\" decoding=\"async\" class=\" wp-image-9186 \" title=\"DSC_0051\" src=\"http:\/\/projetocineb.com.br\/wp-content\/uploads\/2016\/11\/DSC_00511.jpg\" alt=\"\" width=\"499\" height=\"331\" \/><\/a><figcaption id=\"caption-attachment-9186\" class=\"wp-caption-text\">Moradores e trabalhadores do Centro de Acolhida Zancone, que fica na Vila Leopoldina, na Zona Oeste.<\/figcaption><\/figure>\n<p class=\"MsoNormal\" style=\"margin-bottom: .0001pt; line-height: normal;\"><span style=\"font-family: 'Arial',sans-serif; mso-fareast-font-family: 'Times New Roman'; color: #333333; background: white; mso-fareast-language: PT-BR;\">Rosana Frenck, Fl\u00e1via Lemos e Fernanda Capegiani, do Movimento Ocupe &amp; Abrace, que atua na defesa e recupera\u00e7\u00e3o da pra\u00e7a Homero Silva, que o grupo carinhosamente rebatizou como Pra\u00e7a da Nascente, contam que desde 2013 a comunidade luta para que a pra\u00e7a de 12 mil m\u00b2 mantenha atividades de foma permanente e seja ocupada pela comunidade. \u201cEm 2013 fizemos o reconhecimento do local, descobri<\/span><span style=\"background-color: white; color: #333333; font-family: Arial, sans-serif;\">mos que havia oito nascentes e fizemos o primeiro festival de cultura. Hoje estamos no oitavo\u201d, conta Fl\u00e1via. O grupo lembra, ainda, que a mobiliza\u00e7\u00e3o das pessoas trouxe investimentos p\u00fablicos como a recupera\u00e7\u00e3o do muro de arrimo que amea\u00e7ava desabar sobre as casas vizinhas, al\u00e9m do engajamento das pessoas em defesa das nascentes do bairro.<\/span><\/p>\n<figure id=\"attachment_9187\" aria-describedby=\"caption-attachment-9187\" style=\"width: 499px\" class=\"wp-caption aligncenter\"><a href=\"http:\/\/projetocineb.com.br\/wp-content\/uploads\/2016\/11\/DSC_00811.jpg\"><img loading=\"lazy\" decoding=\"async\" class=\" wp-image-9187 \" title=\"DSC_0081\" src=\"http:\/\/projetocineb.com.br\/wp-content\/uploads\/2016\/11\/DSC_00811.jpg\" alt=\"\" width=\"499\" height=\"331\" \/><\/a><figcaption id=\"caption-attachment-9187\" class=\"wp-caption-text\">Casa cheia mais uma vez!<\/figcaption><\/figure>\n<figure id=\"attachment_9193\" aria-describedby=\"caption-attachment-9193\" style=\"width: 499px\" class=\"wp-caption aligncenter\"><a href=\"http:\/\/projetocineb.com.br\/wp-content\/uploads\/2016\/11\/DSC_0074.jpg\"><img loading=\"lazy\" decoding=\"async\" class=\" wp-image-9193 \" title=\"DSC_0074\" src=\"http:\/\/projetocineb.com.br\/wp-content\/uploads\/2016\/11\/DSC_0074.jpg\" alt=\"\" width=\"499\" height=\"331\" \/><\/a><figcaption id=\"caption-attachment-9193\" class=\"wp-caption-text\">P\u00fablico estava bastante descontra\u00eddo enquanto aguardava in\u00edcio da sess\u00e3o.<\/figcaption><\/figure>\n<p class=\"MsoNormal\" style=\"margin-bottom: .0001pt; line-height: normal;\"><span style=\"font-family: 'Arial',sans-serif; mso-fareast-font-family: 'Times New Roman'; color: #333333; background: white; mso-fareast-language: PT-BR;\">J\u00e1 os alunos da EE Herbert Baldus chegaram em um \u00f4nibus fretado poucos minutos antes do in\u00edcio da sess\u00e3o. Levaram quaase duas horas para fazer o trajeto entre a Zona Sul e o Centro. Essa foi a segunda vez que a escola levou seus alunos at\u00e9 a Regional Paulista. O CINEB tamb\u00e9m esteve na escola em setembro para exibir\u00a0<em>Gonzaga, De Pai para Filho<\/em>. \u201cA parceria \u00e9 \u00f3tima para a gente. A gente fica na periferia, isolado, e as parcerias s\u00e3o fundamentais para que os alunos participem das atividades culturais da cidade\u201d, explica Thiago Pinheiro, estudante de cinema e coordenador do projeto de cineclube da escola. Para o professor de hist\u00f3ria, Kleber Oliveira Natividade a parceria \u201cpromove uma qualidade na forma\u00e7\u00e3o dos alunos e at\u00e9 dos professores que v\u00eam \u00e0 sess\u00e3o\u201d, pondera.<\/span><\/p>\n<figure id=\"attachment_9188\" aria-describedby=\"caption-attachment-9188\" style=\"width: 499px\" class=\"wp-caption aligncenter\"><a href=\"http:\/\/projetocineb.com.br\/wp-content\/uploads\/2016\/11\/DSC_0097.jpg\"><img loading=\"lazy\" decoding=\"async\" class=\" wp-image-9188 \" title=\"DSC_0097\" src=\"http:\/\/projetocineb.com.br\/wp-content\/uploads\/2016\/11\/DSC_0097.jpg\" alt=\"\" width=\"499\" height=\"331\" \/><\/a><figcaption id=\"caption-attachment-9188\" class=\"wp-caption-text\">O coordenador do CINEB Cid\u00e1lio Vieira Santos com o professor Kleber Oliveira e Thiago Pinheiro.<\/figcaption><\/figure>\n<figure id=\"attachment_9191\" aria-describedby=\"caption-attachment-9191\" style=\"width: 499px\" class=\"wp-caption aligncenter\"><a href=\"http:\/\/projetocineb.com.br\/wp-content\/uploads\/2016\/11\/DSC_0117.jpg\"><img loading=\"lazy\" decoding=\"async\" class=\" wp-image-9191 \" title=\"DSC_0117\" src=\"http:\/\/projetocineb.com.br\/wp-content\/uploads\/2016\/11\/DSC_0117.jpg\" alt=\"\" width=\"499\" height=\"331\" \/><\/a><figcaption id=\"caption-attachment-9191\" class=\"wp-caption-text\">Marcelo Gon\u00e7alves, diretor de Cultura do Sindicato e Cid\u00e1lio, na abertura oficial da sess\u00e3o.<\/figcaption><\/figure>\n<p class=\"MsoNormal\" style=\"margin-bottom: .0001pt; line-height: normal;\"><span style=\"font-family: 'Arial',sans-serif; mso-fareast-font-family: 'Times New Roman'; color: #333333; background: white; mso-fareast-language: PT-BR;\">Na Regional Paulista, o CINEB estreou uma novidade: uma pulseira numerada que vai facilitar contar o p\u00fablico presente em cada sess\u00e3o e vai ajudar no sorteio dos brindes oferecidos em casa sess\u00e3o. Ap\u00f3s exibi\u00e7\u00e3o do filme, o padre Dimas Martins Carvalho, do Santu\u00e1rio Nossa Senhora da Paz, em Itaquera, frequentador das sess\u00f5es do Centro confessou: \u201cfoi o melhor filme que eu vi nos \u00faltimos vinte anos, uma met\u00e1fora do que fizeram com Dilma Rousseff no Brasil\u201d. A par\u00f3quia do Santu\u00e1rio Nossa Senhora da Paz \u00e9 um dos espa\u00e7os que receber\u00e1, uma sess\u00e3o do CINEB em novembro.<\/span><\/p>\n<figure id=\"attachment_9192\" aria-describedby=\"caption-attachment-9192\" style=\"width: 499px\" class=\"wp-caption aligncenter\"><a href=\"http:\/\/projetocineb.com.br\/wp-content\/uploads\/2016\/11\/DSC_0105.jpg\"><img loading=\"lazy\" decoding=\"async\" class=\" wp-image-9192 \" title=\"DSC_0105\" src=\"http:\/\/projetocineb.com.br\/wp-content\/uploads\/2016\/11\/DSC_0105.jpg\" alt=\"\" width=\"499\" height=\"331\" \/><\/a><figcaption id=\"caption-attachment-9192\" class=\"wp-caption-text\">Carlos Mauro, editor do jornal Centro em Foco, que sempre divulga as sess\u00f5es do CINEB, e Ros\u00e2ngela Lopes.<\/figcaption><\/figure>\n<figure id=\"attachment_9194\" aria-describedby=\"caption-attachment-9194\" style=\"width: 499px\" class=\"wp-caption aligncenter\"><a href=\"http:\/\/projetocineb.com.br\/wp-content\/uploads\/2016\/11\/DSC_0123.jpg\"><img loading=\"lazy\" decoding=\"async\" class=\" wp-image-9194 \" title=\"DSC_0123\" src=\"http:\/\/projetocineb.com.br\/wp-content\/uploads\/2016\/11\/DSC_0123.jpg\" alt=\"\" width=\"499\" height=\"331\" \/><\/a><figcaption id=\"caption-attachment-9194\" class=\"wp-caption-text\">Defesa da cultura e dos direitos sociais \u00e9 sempre bem vinda nas sess\u00f5es do CINEB.<\/figcaption><\/figure>\n<p class=\"MsoNormal\" style=\"margin-bottom: .0001pt; line-height: normal;\"><span style=\"font-family: 'Arial',sans-serif; mso-fareast-font-family: 'Times New Roman'; color: #333333; background: white; mso-fareast-language: PT-BR;\">Bruna Const\u00e2ncia Nascimento Vicente aluna do primeiro ano de ci\u00eancias sociais da Unifesp, em Guarulhos, elogiou o longa: \u201dEu recebi um e-mail, vi que era <em>Aquarius<\/em>, um filme que todo mundo est\u00e1 falando bem, e eu falei porque n\u00e3o? Assisti e ainda estou digerindo, porque achei o filme muito forte, impactante\u201d, comenta. Ela recordou que foi pela primeira vez numa sess\u00e3o do CINEB em dezembro do ano passado quando a Regional Paulista exibiiu o filme <em>Que Horas Ela Volta?<\/em> de Anna Muylaert.<\/span><\/p>\n<figure id=\"attachment_9189\" aria-describedby=\"caption-attachment-9189\" style=\"width: 499px\" class=\"wp-caption aligncenter\"><a href=\"http:\/\/projetocineb.com.br\/wp-content\/uploads\/2016\/11\/DSC_0095.jpg\"><img loading=\"lazy\" decoding=\"async\" class=\" wp-image-9189 \" title=\"DSC_0095\" src=\"http:\/\/projetocineb.com.br\/wp-content\/uploads\/2016\/11\/DSC_0095.jpg\" alt=\"\" width=\"499\" height=\"331\" \/><\/a><figcaption id=\"caption-attachment-9189\" class=\"wp-caption-text\">Produtos de beleza da Surya Brasil foram sorteados entre os presentes.<\/figcaption><\/figure>\n<p class=\"MsoNormal\" style=\"margin-bottom: .0001pt; line-height: normal;\"><span style=\"font-family: 'Arial',sans-serif; mso-fareast-font-family: 'Times New Roman'; color: #333333; background: white; mso-fareast-language: PT-BR;\">Marcelo Gon\u00e7alves, diretor de cultura do Sindicato explicou na abertura da sess\u00e3o que os banc\u00e1rios acabaram de sair \u201cde uma das greves mais longas de sua hist\u00f3ria\u201d. Sobre o filme, ele lembrou da repercuss\u00e3o internacional que o filme teve por conta da manifesta\u00e7\u00e3o do diretor e elenco contra o processo de impeachment da presidenta Dilma durante Festival de Cannes, na Fran\u00e7a, em maio deste ano. \u201cAgora, o filme \u00e9 muito bom, ele fala da resist\u00eancia diante de uma direita que n\u00e3o tem escr\u00fapulo, atrasada, arcaica e entreguista\u201d, finaliza.<\/span><\/p>\n<figure id=\"attachment_9190\" aria-describedby=\"caption-attachment-9190\" style=\"width: 499px\" class=\"wp-caption aligncenter\"><a href=\"http:\/\/projetocineb.com.br\/wp-content\/uploads\/2016\/11\/DSC_0087.jpg\"><img loading=\"lazy\" decoding=\"async\" class=\" wp-image-9190 \" title=\"DSC_0087\" src=\"http:\/\/projetocineb.com.br\/wp-content\/uploads\/2016\/11\/DSC_0087.jpg\" alt=\"\" width=\"499\" height=\"331\" \/><\/a><figcaption id=\"caption-attachment-9190\" class=\"wp-caption-text\">At\u00e9 a pr\u00f3xima sess\u00e3o!<\/figcaption><\/figure>\n<p><span style=\"background-color: white; color: #222222; font-family: Arial, sans-serif; text-align: justify;\">O CINEB \u00e9 um circuito itinerante de cinema realizado pelo Sindicato dos Banc\u00e1rios de S\u00e3o Paulo, Osasco e Regi\u00e3o e pela Brazucah Produ\u00e7\u00f5es. Desde 2007, o j\u00e1 atingiu um p\u00fablico superior a 50 mil espectadores em quase 400 sess\u00f5es gratuitas realizadas em comunidades e universidades de S\u00e3o Paulo. A iniciativa busca democratizar o acesso ao cinema nacional e divulgar os filmes produzidos no Brasil. J\u00e1 foram exibidos na tela do CINEB mais de 75 longas-metragens e 50 curtas-metragens, al\u00e9m da realiza\u00e7\u00e3o de pr\u00e9-estreias exclusivas.<\/span><\/p>\n","protected":false},"excerpt":{"rendered":"<p>Quase n\u00e3o havia espa\u00e7o para caminhar entre as fileiras de cadeiras colocadas no espa\u00e7o L\u00e9lia Abramo, na \u00faltima quinta-feira, 27\/10.[&#8230;]<\/p>\n","protected":false},"author":2,"featured_media":9202,"comment_status":"open","ping_status":"open","sticky":false,"template":"","format":"standard","meta":[],"categories":[2],"tags":[],"_links":{"self":[{"href":"https:\/\/projetocineb.com.br\/index.php?rest_route=\/wp\/v2\/posts\/9177"}],"collection":[{"href":"https:\/\/projetocineb.com.br\/index.php?rest_route=\/wp\/v2\/posts"}],"about":[{"href":"https:\/\/projetocineb.com.br\/index.php?rest_route=\/wp\/v2\/types\/post"}],"author":[{"embeddable":true,"href":"https:\/\/projetocineb.com.br\/index.php?rest_route=\/wp\/v2\/users\/2"}],"replies":[{"embeddable":true,"href":"https:\/\/projetocineb.com.br\/index.php?rest_route=%2Fwp%2Fv2%2Fcomments&post=9177"}],"version-history":[{"count":0,"href":"https:\/\/projetocineb.com.br\/index.php?rest_route=\/wp\/v2\/posts\/9177\/revisions"}],"wp:featuredmedia":[{"embeddable":true,"href":"https:\/\/projetocineb.com.br\/index.php?rest_route=\/wp\/v2\/media\/9202"}],"wp:attachment":[{"href":"https:\/\/projetocineb.com.br\/index.php?rest_route=%2Fwp%2Fv2%2Fmedia&parent=9177"}],"wp:term":[{"taxonomy":"category","embeddable":true,"href":"https:\/\/projetocineb.com.br\/index.php?rest_route=%2Fwp%2Fv2%2Fcategories&post=9177"},{"taxonomy":"post_tag","embeddable":true,"href":"https:\/\/projetocineb.com.br\/index.php?rest_route=%2Fwp%2Fv2%2Ftags&post=9177"}],"curies":[{"name":"wp","href":"https:\/\/api.w.org\/{rel}","templated":true}]}}