{"id":9293,"date":"2016-11-14T19:55:13","date_gmt":"2016-11-14T21:55:13","guid":{"rendered":"http:\/\/projetocineb.com.br\/?p=9293"},"modified":"2016-11-14T19:55:13","modified_gmt":"2016-11-14T21:55:13","slug":"cineb-estreia-de-onde-eu-te-vejo","status":"publish","type":"post","link":"https:\/\/projetocineb.com.br\/?p=9293","title":{"rendered":"CINEB estreia De Onde Eu Te Vejo"},"content":{"rendered":"<p><em>Alunos e professores da EE Irm\u00e3 Charlita acompanharam, na \u00faltima quinta-feira, 10\/11, duas estreias no Cine B: O longa-metragem <\/em>De Onde Eu Te Vejo<em>, de Luiz Villa\u00e7a com Denise Fraga e Domingos Montagner no elenco, e o curta <\/em>Graffiti Dan\u00e7a<em>, de Rodrigo EBA!<\/em><\/p>\n<p>Com o p\u00e1tio lotado com mais de 250 alunos do ensino m\u00e9dio, a Escola Estadual Irm\u00e3 Charlita, que fica no Jardim Cocaia, no Graja\u00fa, Zona Sul de S\u00e3o Paulo, acompanhou atenta a estreia do longa-metragem <em>De Onde Eu Te Vejo<\/em>, do diretor Luiz Villa\u00e7a, no Cine B. O \u00a0filme foi lan\u00e7ado em abril deste ano.<\/p>\n<figure id=\"attachment_9296\" aria-describedby=\"caption-attachment-9296\" style=\"width: 499px\" class=\"wp-caption aligncenter\"><a href=\"http:\/\/projetocineb.com.br\/wp-content\/uploads\/2016\/11\/DSC_0017.jpg\"><img fetchpriority=\"high\" decoding=\"async\" class=\" wp-image-9296 \" title=\"DSC_0017\" src=\"http:\/\/projetocineb.com.br\/wp-content\/uploads\/2016\/11\/DSC_0017.jpg\" alt=\"\" width=\"499\" height=\"331\" \/><\/a><figcaption id=\"caption-attachment-9296\" class=\"wp-caption-text\">Alunos do ensino m\u00e9dio da EE Irm\u00e3 Charlita lotaram o p\u00e1tio da escola.<\/figcaption><\/figure>\n<p>Com os atores Denise Fraga e Domingos Montagner no elenco, o filme conta a hist\u00f3ria de amor de um casal atrav\u00e9s de sua separa\u00e7\u00e3o. Em meio a uma S\u00e3o Paulo em constante mudan\u00e7a e efervesc\u00eancia cultural, Ana L\u00facia e F\u00e1bio se separam ap\u00f3s 20 anos de casamento e ele passa a viver no apartamento do outro lado da rua. Eles ter\u00e3o que aprender a viver a nova realidade &#8211; a separa\u00e7\u00e3o, a crise no trabalho e a mudan\u00e7a de cidade da filha &#8211; e perceber\u00e3o que no meio da confus\u00e3o da vida moderna \u00e9 poss\u00edvel reinventar uma nova forma de amar. Completando o elenco do filme est\u00e3o Marisa Orth, Juca de Oliveira, Laura Cardoso, F\u00falvio Stefanini, Marcelo Airoldi, Laila Zaid e Manoela Aliperti.<\/p>\n<figure id=\"attachment_9298\" aria-describedby=\"caption-attachment-9298\" style=\"width: 499px\" class=\"wp-caption aligncenter\"><a href=\"http:\/\/projetocineb.com.br\/wp-content\/uploads\/2016\/11\/DSC_00491.jpg\"><img decoding=\"async\" class=\" wp-image-9298 \" title=\"DSC_0049\" src=\"http:\/\/projetocineb.com.br\/wp-content\/uploads\/2016\/11\/DSC_00491.jpg\" alt=\"\" width=\"499\" height=\"331\" \/><\/a><figcaption id=\"caption-attachment-9298\" class=\"wp-caption-text\">Professoras e professores da EE Irm\u00e3 Charlita.<\/figcaption><\/figure>\n<p>Alunos e professores tamb\u00e9m assistiram \u00e0 estreia do curta-metragem Graffiti Dan\u00e7a, de Rodrigo EBA! O curta, lan\u00e7ado em 2013, ganhou o pr\u00eamio de Melhor Curta Brasileiro pelo Juri Popular na edi\u00e7\u00e3o S\u00e3o Paulo do Festival Anima Mundi. A produ\u00e7\u00e3o, em <em>stop motion<\/em>, apresenta pinturas realizadas especialmente para o filme e que permanecem ainda hoje nos muros de S\u00e3o Paulo. A realiza\u00e7\u00e3o \u00e9 do coletivo Graffiti com Pipoca, que trabalha com grafitti e anima\u00e7\u00e3o dede 2005.<\/p>\n<figure id=\"attachment_9299\" aria-describedby=\"caption-attachment-9299\" style=\"width: 532px\" class=\"wp-caption aligncenter\"><a href=\"http:\/\/projetocineb.com.br\/wp-content\/uploads\/2016\/11\/Montagem.jpg\"><img decoding=\"async\" class=\" wp-image-9299 \" title=\"Montagem\" src=\"http:\/\/projetocineb.com.br\/wp-content\/uploads\/2016\/11\/Montagem.jpg\" alt=\"\" width=\"532\" height=\"355\" \/><\/a><figcaption id=\"caption-attachment-9299\" class=\"wp-caption-text\">Foi uma grande festa para as alunas e alunos da escola.<\/figcaption><\/figure>\n<p>Foi a terceira vez que alunos da EE Irm\u00e3 Charlita participaram de uma sess\u00e3o do Cine B.\u00a0 A primeira vez aconteceu em junho, quando cerca de 100 alunos foram at\u00e9 a EE Samuel Weiner, tamb\u00e9m no Jardim Cocaia, para acompanhar a estreia do filme <em>Tudo Que Aprendemos Juntos (<a href=\"http:\/\/projetocineb.com.br\/?p=9060\">veja\u00a0aqui<\/a>)<\/em>, e em setembro acompanharam o document\u00e1rio <em>Tarja Branca<\/em> na Associa\u00e7\u00e3o dos Moradores do Jardim Cocaia, que fica ao lado da escola (<a href=\"http:\/\/projetocineb.com.br\/?p=8669\">veja aqui<\/a>). A EE Irm\u00e3 Charlita conta com cerca de 2 mil alunos de Ensino Fundamental I, II e Ensino M\u00e9dio.<\/p>\n<figure id=\"attachment_9300\" aria-describedby=\"caption-attachment-9300\" style=\"width: 499px\" class=\"wp-caption aligncenter\"><a href=\"http:\/\/projetocineb.com.br\/wp-content\/uploads\/2016\/11\/DSC_0045.jpg\"><img loading=\"lazy\" decoding=\"async\" class=\" wp-image-9300 \" title=\"DSC_0045\" src=\"http:\/\/projetocineb.com.br\/wp-content\/uploads\/2016\/11\/DSC_0045.jpg\" alt=\"\" width=\"499\" height=\"331\" \/><\/a><figcaption id=\"caption-attachment-9300\" class=\"wp-caption-text\">Abertura oficial da sess\u00e3o, com o professor de geografia Geraldo Evangelista de Oliveira e o coordenador do Cine B Cid\u00e1lio Vieira Santos<\/figcaption><\/figure>\n<p>Para a coordenadora pedag\u00f3gica do ensino m\u00e9dio, Jaqueline Isabela Pomin, a uni\u00e3o entre educa\u00e7\u00e3o e cultura traz muitos benef\u00edcios aos estudantes. \u201cEu como professora de arte, sempre incentivo os alunos a irem ao cinema, e acho maravilhoso eles terem acesso a um cinema de gra\u00e7a, e com pipoca aqui dentro da escola\u201d, avalia.<\/p>\n<figure id=\"attachment_9302\" aria-describedby=\"caption-attachment-9302\" style=\"width: 499px\" class=\"wp-caption aligncenter\"><a href=\"http:\/\/projetocineb.com.br\/wp-content\/uploads\/2016\/11\/DSC_00651.jpg\"><img loading=\"lazy\" decoding=\"async\" class=\" wp-image-9302 \" title=\"DSC_0065\" src=\"http:\/\/projetocineb.com.br\/wp-content\/uploads\/2016\/11\/DSC_00651.jpg\" alt=\"\" width=\"499\" height=\"331\" \/><\/a><figcaption id=\"caption-attachment-9302\" class=\"wp-caption-text\">As integrantes do Gr\u00eamio Voz Ativa: Adrieny Ferreira da Silva, Maia Thalita Alves dos Santos e Amanda Vaz Ribeiro.<\/figcaption><\/figure>\n<p>J\u00e1 o professor de geografia Geraldo Evangelista de Olivera, que fez a abertura oficial da sess\u00e3o de cinema ao lado do coordenador do Cine B Cid\u00e1lio Vieira Santos, destaca o trabalho de valoriza\u00e7\u00e3o do cinema brasileiro do projeto. \u201cTraz a cultura para a periferia. Na sala de aula a gente usa muitos filmes brasileiros, mas muitas vezes o aluno n\u00e3o tem acesso. A partir do Cine B, o aluno passar a ter acesso a uma cultura verdadeiramente brasileira. \u00c9 um diferencial\u201d, considera.<\/p>\n<figure id=\"attachment_9303\" aria-describedby=\"caption-attachment-9303\" style=\"width: 499px\" class=\"wp-caption aligncenter\"><a href=\"http:\/\/projetocineb.com.br\/wp-content\/uploads\/2016\/11\/DSC_00871.jpg\"><img loading=\"lazy\" decoding=\"async\" class=\" wp-image-9303 \" title=\"DSC_0087\" src=\"http:\/\/projetocineb.com.br\/wp-content\/uploads\/2016\/11\/DSC_00871.jpg\" alt=\"\" width=\"499\" height=\"331\" \/><\/a><figcaption id=\"caption-attachment-9303\" class=\"wp-caption-text\">Antonio Mendes, do 1\u00ba ano do ensino m\u00e9dio: &quot;S\u00f3 vou no cinema para ver desenho. Hoje foi diferente&quot;.<\/figcaption><\/figure>\n<p>Os alunos permaneceram durante a hora e meia do filme acompanhando cada momento do roteiro, uma mistura de drama e com\u00e9dia rom\u00e2ntica.\u00a0 Para Amanda Vaz Ribeiro, aluno do segundo ano do Ensino M\u00e9dio e integrante do gr\u00eamio estudantil Voz Ativa, que acompanhou as tr\u00eas vezes que a escola acompanhou uma sess\u00e3o do Cine B. Para ela \u201c\u00e9 dif\u00edcil ver iniciativas que levam o cinema, a cultura, para a periferia e principalmente para estudantes\u201d.<\/p>\n<figure id=\"attachment_9297\" aria-describedby=\"caption-attachment-9297\" style=\"width: 499px\" class=\"wp-caption aligncenter\"><a href=\"http:\/\/projetocineb.com.br\/wp-content\/uploads\/2016\/11\/DSC_0093.jpg\"><img loading=\"lazy\" decoding=\"async\" class=\" wp-image-9297 \" title=\"DSC_0093\" src=\"http:\/\/projetocineb.com.br\/wp-content\/uploads\/2016\/11\/DSC_0093.jpg\" alt=\"\" width=\"499\" height=\"331\" \/><\/a><figcaption id=\"caption-attachment-9297\" class=\"wp-caption-text\">Os alunas e alunos premiados com camisetas do CineB<\/figcaption><\/figure>\n<p>O Cine B \u00e9 um circuito itinerante de cinema realizado pelo Sindicato dos Banc\u00e1rios de S\u00e3o Paulo, Osasco e Regi\u00e3o e pela Brazucah Produ\u00e7\u00f5es. Desde 2007, o j\u00e1 atingiu um p\u00fablico superior a 54 mil espectadores em mais de 400 sess\u00f5es gratuitas realizadas em comunidades e universidades de S\u00e3o Paulo. A iniciativa busca democratizar o acesso ao cinema nacional e divulgar os filmes produzidos no Brasil. J\u00e1 foram exibidos na tela do Cine B mais de 75 longas-metragens e 50 curtas-metragens, al\u00e9m da realiza\u00e7\u00e3o de pr\u00e9-estreias exclusivas.<\/p>\n","protected":false},"excerpt":{"rendered":"<p>Alunos e professores da EE Irm\u00e3 Charlita acompanharam, na \u00faltima quinta-feira, 10\/11, duas estreias no Cine B: O longa-metragem De[&#8230;]<\/p>\n","protected":false},"author":2,"featured_media":9295,"comment_status":"open","ping_status":"open","sticky":false,"template":"","format":"standard","meta":[],"categories":[2],"tags":[],"_links":{"self":[{"href":"https:\/\/projetocineb.com.br\/index.php?rest_route=\/wp\/v2\/posts\/9293"}],"collection":[{"href":"https:\/\/projetocineb.com.br\/index.php?rest_route=\/wp\/v2\/posts"}],"about":[{"href":"https:\/\/projetocineb.com.br\/index.php?rest_route=\/wp\/v2\/types\/post"}],"author":[{"embeddable":true,"href":"https:\/\/projetocineb.com.br\/index.php?rest_route=\/wp\/v2\/users\/2"}],"replies":[{"embeddable":true,"href":"https:\/\/projetocineb.com.br\/index.php?rest_route=%2Fwp%2Fv2%2Fcomments&post=9293"}],"version-history":[{"count":0,"href":"https:\/\/projetocineb.com.br\/index.php?rest_route=\/wp\/v2\/posts\/9293\/revisions"}],"wp:featuredmedia":[{"embeddable":true,"href":"https:\/\/projetocineb.com.br\/index.php?rest_route=\/wp\/v2\/media\/9295"}],"wp:attachment":[{"href":"https:\/\/projetocineb.com.br\/index.php?rest_route=%2Fwp%2Fv2%2Fmedia&parent=9293"}],"wp:term":[{"taxonomy":"category","embeddable":true,"href":"https:\/\/projetocineb.com.br\/index.php?rest_route=%2Fwp%2Fv2%2Fcategories&post=9293"},{"taxonomy":"post_tag","embeddable":true,"href":"https:\/\/projetocineb.com.br\/index.php?rest_route=%2Fwp%2Fv2%2Ftags&post=9293"}],"curies":[{"name":"wp","href":"https:\/\/api.w.org\/{rel}","templated":true}]}}