{"id":9308,"date":"2016-11-15T22:37:18","date_gmt":"2016-11-16T00:37:18","guid":{"rendered":"http:\/\/projetocineb.com.br\/?p=9308"},"modified":"2016-11-15T22:37:18","modified_gmt":"2016-11-16T00:37:18","slug":"cine-b-pela-primeira-vez-na-agua-funda","status":"publish","type":"post","link":"https:\/\/projetocineb.com.br\/?p=9308","title":{"rendered":"Cine B pela primeira vez na \u00c1gua Funda"},"content":{"rendered":"<p><em>O bairro da \u00c1gua Funda, localzado na regi\u00e3o Sudeste de S\u00e3o Paulo, recebeu pela primeira vez o projeto Cine B. A sess\u00e3o aconteceu na Associa\u00e7\u00e3o dos Moradores e Amigos da \u00c1gua Funda, na \u00faltima sexta-feira (11\/11) para exibir o longa De Onde Eu te Vejo, de Luiz Villa\u00e7a.<\/em><\/p>\n<p>Conhecida por ter em seu territ\u00f3rio parte do Parque Estadual Fontes do Ipiranga, onde fica a nascente do c\u00f3rrego do Ipiranga, o bairro da \u00c1gua Funda, na regi\u00e3o Sudeste de S\u00e3o Paulo, recebeu pela primeira vez projeto Cine B. A sess\u00e3o aconteceu na Associa\u00e7\u00e3o dos Moradores e Amigos da \u00c1gua Funda, na \u00faltima sexta-feira (11\/11) e contou com a presen\u00e7a de cerca de 100 pessoas que acompanharam os novos filmes em cartaz: o curta-metragem <em>Graffiti Dan\u00e7a<\/em>, de Rodrigo EBA! e o longa <em>De Onde Eu Te Vejo<\/em>, de Luiz Villa\u00e7a.<\/p>\n<figure id=\"attachment_9311\" aria-describedby=\"caption-attachment-9311\" style=\"width: 499px\" class=\"wp-caption aligncenter\"><a href=\"http:\/\/projetocineb.com.br\/wp-content\/uploads\/2016\/11\/DSC_0020.jpg\"><img fetchpriority=\"high\" decoding=\"async\" class=\" wp-image-9311 \" title=\"DSC_0020\" src=\"http:\/\/projetocineb.com.br\/wp-content\/uploads\/2016\/11\/DSC_0020.jpg\" alt=\"\" width=\"499\" height=\"331\" \/><\/a><figcaption id=\"caption-attachment-9311\" class=\"wp-caption-text\">Muita gente foi conhecer o projeto CineB, que esteve pela primeira vez na \u00c1gua Funda.<\/figcaption><\/figure>\n<p>Com os atores Denise Fraga e Domingos Montagner no elenco, <em>De Onde Eu Te Vejo<\/em> conta a hist\u00f3ria de amor de um casal atrav\u00e9s de sua separa\u00e7\u00e3o. Em meio a uma S\u00e3o Paulo em constante mudan\u00e7a e efervesc\u00eancia cultural, Ana L\u00facia e F\u00e1bio se separam ap\u00f3s 20 anos de casamento e ele passa a viver no apartamento do outro lado da rua. Eles ter\u00e3o que aprender a viver a nova realidade &#8211; a separa\u00e7\u00e3o, a crise no trabalho e a mudan\u00e7a de cidade da filha &#8211; e perceber\u00e3o que no meio da confus\u00e3o da vida moderna \u00e9 poss\u00edvel reinventar uma nova forma de amar. Completando o elenco do filme est\u00e3o Marisa Orth, Juca de Oliveira, Laura Cardoso, F\u00falvio Stefanini, Marcelo Airoldi, Laila Zaid e Manoela Aliperti. A produ\u00e7\u00e3o \u00e9 de 2016.<\/p>\n<figure id=\"attachment_9313\" aria-describedby=\"caption-attachment-9313\" style=\"width: 499px\" class=\"wp-caption aligncenter\"><a href=\"http:\/\/projetocineb.com.br\/wp-content\/uploads\/2016\/11\/DSC_0007.jpg\"><img decoding=\"async\" class=\" wp-image-9313 \" title=\"DSC_0007\" src=\"http:\/\/projetocineb.com.br\/wp-content\/uploads\/2016\/11\/DSC_0007.jpg\" alt=\"\" width=\"499\" height=\"331\" \/><\/a><figcaption id=\"caption-attachment-9313\" class=\"wp-caption-text\">O curta Graffiti Dan\u00e7a foi o primeiro filme a ser exibido.<\/figcaption><\/figure>\n<p>J\u00e1 <em>Graffiti Dan\u00e7a<\/em>, lan\u00e7ado em 2013, ganhou o pr\u00eamio de Melhor Curta Brasileiro pelo Juri Popular na edi\u00e7\u00e3o S\u00e3o Paulo do Festival Anima Mundi. A produ\u00e7\u00e3o, em <em>stop motion<\/em>, apresenta pintura realizadas especialmente para o filme e que permanecem ainda hoje nos muros de S\u00e3o Paulo. A realiza\u00e7\u00e3o \u00e9 do coletivo Graffiti com Pipoca, que trabalha com grafitti e anima\u00e7\u00e3o dede 2005.<\/p>\n<figure id=\"attachment_9314\" aria-describedby=\"caption-attachment-9314\" style=\"width: 499px\" class=\"wp-caption aligncenter\"><a href=\"http:\/\/projetocineb.com.br\/wp-content\/uploads\/2016\/11\/DSC_0029.jpg\"><img decoding=\"async\" class=\" wp-image-9314 \" title=\"DSC_0029\" src=\"http:\/\/projetocineb.com.br\/wp-content\/uploads\/2016\/11\/DSC_0029.jpg\" alt=\"\" width=\"499\" height=\"331\" \/><\/a><figcaption id=\"caption-attachment-9314\" class=\"wp-caption-text\">O casal casal Francisca Gerlania Lima Aguiar e Arlindo Pereira da Silva pela primeira vez numa sess\u00e3o de cinema.<\/figcaption><\/figure>\n<p>O Cine B chegou at\u00e9 a associa\u00e7\u00e3o, que conta com um Telecentro e oferece cursos de inform\u00e1tica, gin\u00e1stica, dan\u00e7a, teatro e canto coral, por meio das amigas e admiradoras do projeto Daniela Bontempi e Analu Camargo. Analu foi banc\u00e1ria, \u00e9 moradora do bairro e diretora da associa\u00e7\u00e3o. J\u00e1 Daniela \u00e9 atriz, monitora de inform\u00e1tica e professora de teatro da associa\u00e7\u00e3o. Elas participaram, em junho, da abertura da sess\u00e3o especial do filme <em>Chico &#8211; Artista Brasileiro<\/em> ao cantarem can\u00e7\u00f5es do artista.<\/p>\n<figure id=\"attachment_9315\" aria-describedby=\"caption-attachment-9315\" style=\"width: 499px\" class=\"wp-caption aligncenter\"><a href=\"http:\/\/projetocineb.com.br\/wp-content\/uploads\/2016\/11\/DSC_00951.jpg\"><img loading=\"lazy\" decoding=\"async\" class=\" wp-image-9315 \" title=\"DSC_0095\" src=\"http:\/\/projetocineb.com.br\/wp-content\/uploads\/2016\/11\/DSC_00951.jpg\" alt=\"\" width=\"499\" height=\"331\" \/><\/a><figcaption id=\"caption-attachment-9315\" class=\"wp-caption-text\">Frequentadoras do coral, aulas de zouca e dos bailes da associa\u00e7\u00e3o.<\/figcaption><\/figure>\n<p>Elas apresentaram o projeto \u00e0 presidente da associa\u00e7\u00e3o, Isabela Graciana Mendes dos Ramos, que contou que acabou aceitando que o projeto organizasse uma sess\u00e3o tanto que Daniela e Analu insistiram. \u201cEstamos fortalecendo o setor da cultura\u201d. Isabel \u00e9 refer\u00eancia quando o assunto \u00e9 a associa\u00e7\u00e3o. Presidente da entidade h\u00e1 15 anos, em sua gest\u00e3o a associa\u00e7\u00e3o conseguiu da prefeitura a sess\u00e3o da \u00e1rea e o apoio do Hospital Cepaco para a constru\u00e7\u00e3o do pr\u00e9dio de dois andares, que atualmente conta com um Telecentro e um grande sal\u00e3o para reuni\u00f5es e atividades esportivas, culturais e de lazer. \u201cN\u00f3s j\u00e1 tivemos aqui um projeto de combate \u00e0 desnutri\u00e7\u00e3o infantil, que era grande na regi\u00e3o. Depois que acabaram os problemas de desnutri\u00e7\u00e3o do bairro, implantamos um consult\u00f3rio dent\u00e1rio. Felizmente a prefeitura resolveu essa demanda. Ent\u00e3o mudamos para um projeto cultural, o Projeto Arteiros, que \u00e9 o canto coral com adolescentes de 13 a 15 anos. Nossa miss\u00e3o \u00e9 a melhoria da qualidade de vida dos moradores continuamente\u201d, explica.<\/p>\n<figure id=\"attachment_9316\" aria-describedby=\"caption-attachment-9316\" style=\"width: 499px\" class=\"wp-caption aligncenter\"><a href=\"http:\/\/projetocineb.com.br\/wp-content\/uploads\/2016\/11\/DSC_0039.jpg\"><img loading=\"lazy\" decoding=\"async\" class=\" wp-image-9316 \" title=\"DSC_0039\" src=\"http:\/\/projetocineb.com.br\/wp-content\/uploads\/2016\/11\/DSC_0039.jpg\" alt=\"\" width=\"499\" height=\"331\" \/><\/a><figcaption id=\"caption-attachment-9316\" class=\"wp-caption-text\">Daniela Bontempi, Cid\u00e1lio Vieira Santos, coordenador do CineB e Isabel Graciana Mendes na abertura oficial da sess\u00e3o.<\/figcaption><\/figure>\n<p>Daniela explica que a associa\u00e7\u00e3o vem aumentando as atividades culturais como o teatro e o canto coral para adolescentes e para adultos e isso vem atraindo um p\u00fablico novo para a entidade e o Cine B pode ajudar a ampliar esse p\u00fablico. \u201cO projeto \u00e9 fant\u00e1stico porque promove o encontro das pessoas e ampliam as atividades da associa\u00e7\u00e3o\u201d, avalia. De fato, cerca de 20% do p\u00fablico presente na sess\u00e3o estavam pela primeira vez na associa\u00e7\u00e3o, algo considerado in\u00e9dito pela presidente.<\/p>\n<figure id=\"attachment_9319\" aria-describedby=\"caption-attachment-9319\" style=\"width: 499px\" class=\"wp-caption aligncenter\"><a href=\"http:\/\/projetocineb.com.br\/wp-content\/uploads\/2016\/11\/DSC_0076.jpg\"><img loading=\"lazy\" decoding=\"async\" class=\" wp-image-9319 \" title=\"DSC_0076\" src=\"http:\/\/projetocineb.com.br\/wp-content\/uploads\/2016\/11\/DSC_0076.jpg\" alt=\"\" width=\"499\" height=\"331\" \/><\/a><figcaption id=\"caption-attachment-9319\" class=\"wp-caption-text\">P\u00fablico ligado na com\u00e9dia rom\u00e2ntica De Onde Eu Te Vejo.<\/figcaption><\/figure>\n<p>J\u00e1 o casal Francisca Gerlania Lima Aguiar e Arlindo Pereira da Silva s\u00e3o frequentadores contumazes do espa\u00e7o. Ela \u00e9 de Sobral no Cear\u00e1 e ele de Rio Pardo, Minas Gerais. Est\u00e3o h\u00e1 oito anos juntos e utilizam o Telecentro diariamente, principalmente para usufru\u00edrem do wi-fi. O casal estava frequentando uma sess\u00e3o de cinema pela primeira vez. Francisca conta que n\u00e3o ia ao cinema \u201cporque l\u00e1 se gastava muito dinheiro\u201d lembrando de quando morava no Cear\u00e1.<\/p>\n<p style=\"text-align: center;\"><a href=\"http:\/\/projetocineb.com.br\/wp-content\/uploads\/2016\/11\/DSC_00872.jpg\"><img loading=\"lazy\" decoding=\"async\" class=\"aligncenter  wp-image-9318\" title=\"DSC_0087\" src=\"http:\/\/projetocineb.com.br\/wp-content\/uploads\/2016\/11\/DSC_00872.jpg\" alt=\"As crian\u00e7as reunidas para o sorteio das camisetas do CineB..\" width=\"499\" height=\"331\" \/><\/a><\/p>\n<p>Ouro grupo de frequentadores do espa\u00e7o era formado por Jo\u00e3o Vitor Carmona, Maria Clara Carmona, Maria Salete, Maria Zelia delfino e Jos\u00e9 Delfino. O grupo, bastante animado tanto antes quanto depois da sess\u00e3o, integra o coral adulto, participam das aulas de zouca e dos bailes para a terceira idade. Todos gostaram muito do filme e terminaram o dia levando muitos brindes para a casa entre camisetas e produtos de beleza org\u00e2nicos da Surya Brasil.<\/p>\n<figure id=\"attachment_9317\" aria-describedby=\"caption-attachment-9317\" style=\"width: 499px\" class=\"wp-caption aligncenter\"><a href=\"http:\/\/projetocineb.com.br\/wp-content\/uploads\/2016\/11\/DSC_0102.jpg\"><img loading=\"lazy\" decoding=\"async\" class=\" wp-image-9317 \" title=\"DSC_0102\" src=\"http:\/\/projetocineb.com.br\/wp-content\/uploads\/2016\/11\/DSC_0102.jpg\" alt=\"\" width=\"499\" height=\"331\" \/><\/a><figcaption id=\"caption-attachment-9317\" class=\"wp-caption-text\">At\u00e9 a pr\u00f3xima sess\u00e3o!<\/figcaption><\/figure>\n<p>O CINEB \u00e9 um circuito itinerante de cinema realizado pelo Sindicato dos Banc\u00e1rios de S\u00e3o Paulo, Osasco e Regi\u00e3o e pela Brazucah Produ\u00e7\u00f5es. Desde 2007, o j\u00e1 atingiu um p\u00fablico superior a 54 mil espectadores em mais de 400 sess\u00f5es gratuitas realizadas em comunidades e universidades de S\u00e3o Paulo. A iniciativa busca democratizar o acesso ao cinema nacional e divulgar os filmes produzidos no Brasil. J\u00e1 foram exibidos na tela do CINEB mais de 75 longas-metragens e 50 curtas-metragens, al\u00e9m da realiza\u00e7\u00e3o de pr\u00e9-estreias exclusivas.<\/p>\n","protected":false},"excerpt":{"rendered":"<p>O bairro da \u00c1gua Funda, localzado na regi\u00e3o Sudeste de S\u00e3o Paulo, recebeu pela primeira vez o projeto Cine B.[&#8230;]<\/p>\n","protected":false},"author":2,"featured_media":9309,"comment_status":"open","ping_status":"open","sticky":false,"template":"","format":"standard","meta":[],"categories":[2],"tags":[],"_links":{"self":[{"href":"https:\/\/projetocineb.com.br\/index.php?rest_route=\/wp\/v2\/posts\/9308"}],"collection":[{"href":"https:\/\/projetocineb.com.br\/index.php?rest_route=\/wp\/v2\/posts"}],"about":[{"href":"https:\/\/projetocineb.com.br\/index.php?rest_route=\/wp\/v2\/types\/post"}],"author":[{"embeddable":true,"href":"https:\/\/projetocineb.com.br\/index.php?rest_route=\/wp\/v2\/users\/2"}],"replies":[{"embeddable":true,"href":"https:\/\/projetocineb.com.br\/index.php?rest_route=%2Fwp%2Fv2%2Fcomments&post=9308"}],"version-history":[{"count":0,"href":"https:\/\/projetocineb.com.br\/index.php?rest_route=\/wp\/v2\/posts\/9308\/revisions"}],"wp:featuredmedia":[{"embeddable":true,"href":"https:\/\/projetocineb.com.br\/index.php?rest_route=\/wp\/v2\/media\/9309"}],"wp:attachment":[{"href":"https:\/\/projetocineb.com.br\/index.php?rest_route=%2Fwp%2Fv2%2Fmedia&parent=9308"}],"wp:term":[{"taxonomy":"category","embeddable":true,"href":"https:\/\/projetocineb.com.br\/index.php?rest_route=%2Fwp%2Fv2%2Fcategories&post=9308"},{"taxonomy":"post_tag","embeddable":true,"href":"https:\/\/projetocineb.com.br\/index.php?rest_route=%2Fwp%2Fv2%2Ftags&post=9308"}],"curies":[{"name":"wp","href":"https:\/\/api.w.org\/{rel}","templated":true}]}}