{"id":9327,"date":"2016-11-17T23:25:33","date_gmt":"2016-11-18T01:25:33","guid":{"rendered":"http:\/\/projetocineb.com.br\/?p=9327"},"modified":"2016-11-17T23:25:33","modified_gmt":"2016-11-18T01:25:33","slug":"ong-juntos-recebe-cine-b-mais-uma-vez","status":"publish","type":"post","link":"https:\/\/projetocineb.com.br\/?p=9327","title":{"rendered":"ONG Juntos recebe Cine B mais uma vez"},"content":{"rendered":"<p><em>Cine B esteve no Jardim Bras\u00edlia, Zona Leste, na \u00faltima quarta-feira (16\/11) para exibir o filme De Onde Eu Te Vejo, de Luis Villa\u00e7a e o curta Graffiti Dan\u00e7a, de Rodrigo EBA!<\/em><\/p>\n<p>A ONG Jardins Unidos Num Trabalho de Obras Sociais (Juntos), localizada no Jardim Bras\u00edlia, regi\u00e3o do Aricanduva, Zona Leste de S\u00e3o Paulo, \u00e9 uma das entidades que mais recebeu o projeto nos \u00faltimos anos. Foram cinco vezes contando a sess\u00e3o da \u00faltima quarta-feira, 16 de novembro, al\u00e9m de uma exibi\u00e7\u00e3o em espa\u00e7o gerenciado pela ONG.<\/p>\n<figure id=\"attachment_9331\" aria-describedby=\"caption-attachment-9331\" style=\"width: 499px\" class=\"wp-caption aligncenter\"><a href=\"http:\/\/projetocineb.com.br\/wp-content\/uploads\/2016\/11\/DSC_0022.jpg\"><img fetchpriority=\"high\" decoding=\"async\" class=\" wp-image-9331 \" title=\"DSC_0022\" src=\"http:\/\/projetocineb.com.br\/wp-content\/uploads\/2016\/11\/DSC_0022.jpg\" alt=\"\" width=\"499\" height=\"331\" \/><\/a><figcaption id=\"caption-attachment-9331\" class=\"wp-caption-text\">Alunos de inform\u00e1tica da ONG Juntos.<\/figcaption><\/figure>\n<p>Humberto Canavesi, diretor administrativo da entidade, tem orgulho de mostrar os tr\u00eas trof\u00e9us recebidos pela entidade no Pr\u00eamio Cine B do Cinema Brasileiro, que reconhece, a cada ano, os produtores e entidades que contribu\u00edram com o sucesso do programa.<\/p>\n<figure id=\"attachment_9332\" aria-describedby=\"caption-attachment-9332\" style=\"width: 499px\" class=\"wp-caption aligncenter\"><a href=\"http:\/\/projetocineb.com.br\/wp-content\/uploads\/2016\/11\/DSC_00171.jpg\"><img decoding=\"async\" class=\" wp-image-9332 \" title=\"DSC_0017\" src=\"http:\/\/projetocineb.com.br\/wp-content\/uploads\/2016\/11\/DSC_00171.jpg\" alt=\"\" width=\"499\" height=\"331\" \/><\/a><figcaption id=\"caption-attachment-9332\" class=\"wp-caption-text\">M\u00e3e e filha n\u00e3o perdem uma sess\u00e3o do Cine B. Na foto, a nova pulseira para facilitar os sorteios.<\/figcaption><\/figure>\n<p>\u201cA gente tem sempre o prazer de receber o CineB porque ele faz um excelente trabalho de divulga\u00e7\u00e3o do cinema nacional na periferia. E ficamos muito felizes por sermos reconhecidos como uma organiza\u00e7\u00e3o que apoia esse trabalho\u201d, comentou.<\/p>\n<figure id=\"attachment_9333\" aria-describedby=\"caption-attachment-9333\" style=\"width: 499px\" class=\"wp-caption aligncenter\"><a href=\"http:\/\/projetocineb.com.br\/wp-content\/uploads\/2016\/11\/DSC_0040.jpg\"><img decoding=\"async\" class=\" wp-image-9333 \" title=\"DSC_0040\" src=\"http:\/\/projetocineb.com.br\/wp-content\/uploads\/2016\/11\/DSC_0040.jpg\" alt=\"\" width=\"499\" height=\"331\" \/><\/a><figcaption id=\"caption-attachment-9333\" class=\"wp-caption-text\">Nem a chuva que caiu no in\u00edcio da noite atrapalhou a sess\u00e3o.<\/figcaption><\/figure>\n<p>Humberto explica que a entidade trabalha com a terceira idade, em sete n\u00facleos de conviv\u00eancia de idoso espalhados pela regi\u00e3o de Itaquera, na Zona Leste, al\u00e9m de oferecer atendimento a crian\u00e7as e adolescentes no centro de juventude e em um ponto cultural que oferece aulas de capoeira para a comunidade, montado em parceria com a prefeitura de S\u00e3o Paulo.<\/p>\n<figure id=\"attachment_9334\" aria-describedby=\"caption-attachment-9334\" style=\"width: 499px\" class=\"wp-caption aligncenter\"><a href=\"http:\/\/projetocineb.com.br\/wp-content\/uploads\/2016\/11\/DSC_0012.jpg\"><img loading=\"lazy\" decoding=\"async\" class=\" wp-image-9334 \" title=\"DSC_0012\" src=\"http:\/\/projetocineb.com.br\/wp-content\/uploads\/2016\/11\/DSC_0012.jpg\" alt=\"\" width=\"499\" height=\"331\" \/><\/a><figcaption id=\"caption-attachment-9334\" class=\"wp-caption-text\">Humberto mostra os pr\u00eamios recebidos por apoiar o cinema brasileiro.<\/figcaption><\/figure>\n<p>Mesmo a chuva forte que caiu sobre S\u00e3o Paulo na quarta-feira ap\u00f3s o feriado n\u00e3o impediu que a comunidade comparecesse para acompanhar o longa-metragem <em>De Onde Eu Te Vejo<\/em> de Luis Villa\u00e7a, e o curta-metragem <em>Graffiti Dan\u00e7a <\/em>de Rodigo EBA!. A sess\u00e3o come\u00e7ou com a exibi\u00e7\u00e3o do curta, lan\u00e7ado em 2013, que ganhou o pr\u00eamio de Melhor Curta Brasileiro pelo J\u00fari Popular na edi\u00e7\u00e3o S\u00e3o Paulo do Festival Anima Mundi. A produ\u00e7\u00e3o, em <em>stop motion<\/em>, apresenta pintura realizadas especialmente para o filme e que permanecem ainda hoje nos muros de S\u00e3o Paulo. A realiza\u00e7\u00e3o \u00e9 do coletivo Graffiti com Pipoca, que trabalha com grafitti e anima\u00e7\u00e3o dede 2005.<\/p>\n<figure id=\"attachment_9335\" aria-describedby=\"caption-attachment-9335\" style=\"width: 499px\" class=\"wp-caption aligncenter\"><a href=\"http:\/\/projetocineb.com.br\/wp-content\/uploads\/2016\/11\/DSC_00291.jpg\"><img loading=\"lazy\" decoding=\"async\" class=\" wp-image-9335 \" title=\"DSC_0029\" src=\"http:\/\/projetocineb.com.br\/wp-content\/uploads\/2016\/11\/DSC_00291.jpg\" alt=\"\" width=\"499\" height=\"331\" \/><\/a><figcaption id=\"caption-attachment-9335\" class=\"wp-caption-text\">Durvalina (centro) aos 82 anos: nunca perdeu uma sess\u00e3o dos Cine B.<\/figcaption><\/figure>\n<p>Ap\u00f3s a abertura oficial, foi exibido o longa <em>De Onde Eu Te Vejo<\/em>, protagonizado pelos atores Denise Fraga e Domingos Montagner. O filme conta a hist\u00f3ria de amor de um casal atrav\u00e9s de sua separa\u00e7\u00e3o. Em meio a uma S\u00e3o Paulo em constante mudan\u00e7a e efervesc\u00eancia cultural, Ana L\u00facia e F\u00e1bio se separam ap\u00f3s 20 anos de casamento e ele passa a viver no apartamento do outro lado da rua. Eles ter\u00e3o que aprender a viver a nova realidade &#8211; a separa\u00e7\u00e3o, a crise no trabalho e a mudan\u00e7a de cidade da filha &#8211; e perceber\u00e3o que no meio da confus\u00e3o da vida moderna \u00e9 poss\u00edvel reinventar uma nova forma de amar. Completando o elenco do filme est\u00e3o Marisa Orth, Juca de Oliveira, Laura Cardoso, F\u00falvio Stefanini, Marcelo Airoldi, Laila Zaid e Manoela Aliperti. A produ\u00e7\u00e3o \u00e9 de 2016.<\/p>\n<figure id=\"attachment_9336\" aria-describedby=\"caption-attachment-9336\" style=\"width: 499px\" class=\"wp-caption aligncenter\"><a href=\"http:\/\/projetocineb.com.br\/wp-content\/uploads\/2016\/11\/DSC_0050.jpg\"><img loading=\"lazy\" decoding=\"async\" class=\" wp-image-9336 \" title=\"DSC_0050\" src=\"http:\/\/projetocineb.com.br\/wp-content\/uploads\/2016\/11\/DSC_0050.jpg\" alt=\"\" width=\"499\" height=\"331\" \/><\/a><figcaption id=\"caption-attachment-9336\" class=\"wp-caption-text\">Abertura oficial da sess\u00e3o, com o coordenador do Cine B, Cid\u00e1lio Vieira Santos e Humberto Canavesi<\/figcaption><\/figure>\n<p>Ao final, era poss\u00edvel ver adolescentes e adultos emocionados com a hist\u00f3ria. Durvalina Saciotto Viegas que j\u00e1 frequentou todas as sess\u00f5es organizadas na ONG e estava acompanhada de Seduko Yoshizaki, que participava pela primeira vez de uma sess\u00e3o do Cine B resumiu bem o sentimento de todos os presentes: \u201c\u00e9 muito gostoso assistir esse filme, e como ele [Domingos Montagner] est\u00e1 bonito, foi uma bela interpreta\u00e7\u00e3o\u201d, concluiu.<\/p>\n<figure id=\"attachment_9337\" aria-describedby=\"caption-attachment-9337\" style=\"width: 499px\" class=\"wp-caption aligncenter\"><a href=\"http:\/\/projetocineb.com.br\/wp-content\/uploads\/2016\/11\/DSC_00641.jpg\"><img loading=\"lazy\" decoding=\"async\" class=\" wp-image-9337 \" title=\"DSC_0064\" src=\"http:\/\/projetocineb.com.br\/wp-content\/uploads\/2016\/11\/DSC_00641.jpg\" alt=\"\" width=\"499\" height=\"331\" \/><\/a><figcaption id=\"caption-attachment-9337\" class=\"wp-caption-text\">Dona Maria do Carmo, adorou o filme.<\/figcaption><\/figure>\n<p>Outra dupla que tamb\u00e9m elogiou o Cine B foram\u00a0 Valc\u00edria Marcia de Carvalho Silva e a filha Tatiane Aparecida da Silva. Valc\u00edria \u00e9 professora de artesanato da ONG e acompanha todas as sess\u00f5es do CineB. Aproveita o momento para trazer a filha, que estuda odontologia Tatiana conta que \u201cadora filme de terror e \u00e9 s\u00f3 no Cine B que tem a oportunidade de ver um filme brasileiro\u201d. Tamb\u00e9m estavam presentes na sess\u00e3o os alunos de inform\u00e1tica da ONG Juntos.<\/p>\n<p>&nbsp;<\/p>\n<figure id=\"attachment_9330\" aria-describedby=\"caption-attachment-9330\" style=\"width: 499px\" class=\"wp-caption aligncenter\"><a href=\"http:\/\/projetocineb.com.br\/wp-content\/uploads\/2016\/11\/DSC_0073.jpg\"><img loading=\"lazy\" decoding=\"async\" class=\" wp-image-9330 \" title=\"DSC_0073\" src=\"http:\/\/projetocineb.com.br\/wp-content\/uploads\/2016\/11\/DSC_0073.jpg\" alt=\"\" width=\"499\" height=\"331\" \/><\/a><figcaption id=\"caption-attachment-9330\" class=\"wp-caption-text\">At\u00e9 a pr\u00f3xima sess\u00e3o!<\/figcaption><\/figure>\n<p>O CINEB \u00e9 um circuito itinerante de cinema realizado pelo Sindicato dos Banc\u00e1rios de S\u00e3o Paulo, Osasco e Regi\u00e3o e pela Brazucah Produ\u00e7\u00f5es. Desde 2007, o j\u00e1 atingiu um p\u00fablico superior a 54 mil espectadores em mais de 400 sess\u00f5es gratuitas realizadas em comunidades e universidades de S\u00e3o Paulo. A iniciativa busca democratizar o acesso ao cinema nacional e divulgar os filmes produzidos no Brasil. J\u00e1 foram exibidos na tela do CINEB mais de 75 longas-metragens e 50 curtas-metragens, al\u00e9m da realiza\u00e7\u00e3o de pr\u00e9-estreias exclusivas.<\/p>\n","protected":false},"excerpt":{"rendered":"<p>Cine B esteve no Jardim Bras\u00edlia, Zona Leste, na \u00faltima quarta-feira (16\/11) para exibir o filme De Onde Eu Te[&#8230;]<\/p>\n","protected":false},"author":2,"featured_media":9328,"comment_status":"open","ping_status":"open","sticky":false,"template":"","format":"standard","meta":[],"categories":[2],"tags":[],"_links":{"self":[{"href":"https:\/\/projetocineb.com.br\/index.php?rest_route=\/wp\/v2\/posts\/9327"}],"collection":[{"href":"https:\/\/projetocineb.com.br\/index.php?rest_route=\/wp\/v2\/posts"}],"about":[{"href":"https:\/\/projetocineb.com.br\/index.php?rest_route=\/wp\/v2\/types\/post"}],"author":[{"embeddable":true,"href":"https:\/\/projetocineb.com.br\/index.php?rest_route=\/wp\/v2\/users\/2"}],"replies":[{"embeddable":true,"href":"https:\/\/projetocineb.com.br\/index.php?rest_route=%2Fwp%2Fv2%2Fcomments&post=9327"}],"version-history":[{"count":0,"href":"https:\/\/projetocineb.com.br\/index.php?rest_route=\/wp\/v2\/posts\/9327\/revisions"}],"wp:featuredmedia":[{"embeddable":true,"href":"https:\/\/projetocineb.com.br\/index.php?rest_route=\/wp\/v2\/media\/9328"}],"wp:attachment":[{"href":"https:\/\/projetocineb.com.br\/index.php?rest_route=%2Fwp%2Fv2%2Fmedia&parent=9327"}],"wp:term":[{"taxonomy":"category","embeddable":true,"href":"https:\/\/projetocineb.com.br\/index.php?rest_route=%2Fwp%2Fv2%2Fcategories&post=9327"},{"taxonomy":"post_tag","embeddable":true,"href":"https:\/\/projetocineb.com.br\/index.php?rest_route=%2Fwp%2Fv2%2Ftags&post=9327"}],"curies":[{"name":"wp","href":"https:\/\/api.w.org\/{rel}","templated":true}]}}