{"id":9340,"date":"2016-11-21T22:26:43","date_gmt":"2016-11-22T00:26:43","guid":{"rendered":"http:\/\/projetocineb.com.br\/?p=9340"},"modified":"2016-11-21T22:26:43","modified_gmt":"2016-11-22T00:26:43","slug":"vila-rica-pela-decima-segunda-vez","status":"publish","type":"post","link":"https:\/\/projetocineb.com.br\/?p=9340","title":{"rendered":"Vila Rica pela d\u00e9cima segunda vez"},"content":{"rendered":"<p><em>Cine B esteve na Associa\u00e7\u00e3o dos Moradores da Vila Rica, na Zona Leste, na \u00faltima sexta-feira (18\/11), para exibir De Onde Eu Te Vejo, de Luiz Villa\u00e7a.<\/em><\/p>\n<p>Foi uma sess\u00e3o para reencontrar velhos amigos. A Associa\u00e7\u00e3o dos Moradores da Vila Rica, localizada na regi\u00e3o do Aricanduva, Zona Leste de S\u00e3o Paulo, \u00e9 uma das comunidades que mais recebeu o Cine B em toda sua hist\u00f3ria. Foram 12 sess\u00f5es desde a primeira vez que o projeto esteve por l\u00e1. Na \u00faltima sexta-feira (18\/11) n\u00e3o foi diferente: uma boa recep\u00e7\u00e3o \u00e0 produ\u00e7\u00e3o e uma preocupa\u00e7\u00e3o com a oferta de cultura para a comunidade.<\/p>\n<figure id=\"attachment_9343\" aria-describedby=\"caption-attachment-9343\" style=\"width: 499px\" class=\"wp-caption aligncenter\"><a href=\"http:\/\/projetocineb.com.br\/wp-content\/uploads\/2016\/11\/DSC_00071.jpg\"><img fetchpriority=\"high\" decoding=\"async\" class=\" wp-image-9343 \" title=\"DSC_0007\" src=\"http:\/\/projetocineb.com.br\/wp-content\/uploads\/2016\/11\/DSC_00071.jpg\" alt=\"\" width=\"499\" height=\"331\" \/><\/a><figcaption id=\"caption-attachment-9343\" class=\"wp-caption-text\">Quando o p\u00fablico chegou o dia ainda estava claro.<\/figcaption><\/figure>\n<p>Em cartaz o longa-metragem <em>De Onde Eu Te Vejo<\/em>, de Luiz Villa\u00e7a, e o curta metragem <em>Graffiti Dan\u00e7a<\/em>, de Rodrigo EBA! O longa, protagonizado pelos atores Denise Fraga e Domingos Montagner, conta a hist\u00f3ria de amor de um casal atrav\u00e9s de sua separa\u00e7\u00e3o. Em meio a uma S\u00e3o Paulo em constante mudan\u00e7a e efervesc\u00eancia cultural, Ana L\u00facia e F\u00e1bio se separam ap\u00f3s 20 anos de casamento e ele passa a viver no apartamento do outro lado da rua. Eles ter\u00e3o que aprender a viver a nova realidade &#8211; a separa\u00e7\u00e3o, a crise no trabalho e a mudan\u00e7a de cidade da filha &#8211; e perceber\u00e3o que no meio da confus\u00e3o da vida moderna \u00e9 poss\u00edvel reinventar uma nova forma de amar. Completando o elenco do filme est\u00e3o Marisa Orth, Juca de Oliveira, Laura Cardoso, F\u00falvio Stefanini, Marcelo Airoldi, Laila Zaid e Manoela Aliperti. A produ\u00e7\u00e3o \u00e9 de 2016.<\/p>\n<figure id=\"attachment_9344\" aria-describedby=\"caption-attachment-9344\" style=\"width: 499px\" class=\"wp-caption aligncenter\"><a href=\"http:\/\/projetocineb.com.br\/wp-content\/uploads\/2016\/11\/DSC_0004.jpg\"><img decoding=\"async\" class=\" wp-image-9344 \" title=\"DSC_0004\" src=\"http:\/\/projetocineb.com.br\/wp-content\/uploads\/2016\/11\/DSC_0004.jpg\" alt=\"\" width=\"499\" height=\"331\" \/><\/a><figcaption id=\"caption-attachment-9344\" class=\"wp-caption-text\">Diretores e colaboradores da associa\u00e7\u00e3o.<\/figcaption><\/figure>\n<p>A sess\u00e3o come\u00e7ou com a exibi\u00e7\u00e3o do curta, lan\u00e7ado em 2013, que ganhou o pr\u00eamio de Melhor Curta Brasileiro pelo J\u00fari Popular na edi\u00e7\u00e3o S\u00e3o Paulo do Festival Anima Mundi. A produ\u00e7\u00e3o, em <em>stop motion<\/em>, apresenta pintura realizadas especialmente para o filme e que permanecem ainda hoje nos muros de S\u00e3o Paulo. A realiza\u00e7\u00e3o \u00e9 do coletivo Graffiti com Pipoca, que trabalha com grafitti e anima\u00e7\u00e3o desde 2005.<\/p>\n<figure id=\"attachment_9346\" aria-describedby=\"caption-attachment-9346\" style=\"width: 499px\" class=\"wp-caption aligncenter\"><a href=\"http:\/\/projetocineb.com.br\/wp-content\/uploads\/2016\/11\/DSC_0018.jpg\"><img decoding=\"async\" class=\" wp-image-9346 \" title=\"DSC_0018\" src=\"http:\/\/projetocineb.com.br\/wp-content\/uploads\/2016\/11\/DSC_0018.jpg\" alt=\"\" width=\"499\" height=\"331\" \/><\/a><figcaption id=\"caption-attachment-9346\" class=\"wp-caption-text\">Bia Moreno, presidente da Associa\u00e7\u00e3o l\u00ea poema sobre Zumbi dos Palmares.<\/figcaption><\/figure>\n<p>Ap\u00f3s o curta, Bia Moreno, presidente da Associa\u00e7\u00e3o prestou homenagem ao Dia da Consci\u00eancia Negra e fez a leitura do poema <em>Zumbi dos Palmares<\/em> da escritora e poetisa Cintia Amorim, que pode ser acessado aqui, mas que o blog tem a honra de reproduzir:<\/p>\n<figure id=\"attachment_9352\" aria-describedby=\"caption-attachment-9352\" style=\"width: 499px\" class=\"wp-caption aligncenter\"><a href=\"http:\/\/projetocineb.com.br\/wp-content\/uploads\/2016\/11\/DSC_0011.jpg\"><img loading=\"lazy\" decoding=\"async\" class=\" wp-image-9352 \" title=\"DSC_0011\" src=\"http:\/\/projetocineb.com.br\/wp-content\/uploads\/2016\/11\/DSC_0011.jpg\" alt=\"\" width=\"499\" height=\"331\" \/><\/a><figcaption id=\"caption-attachment-9352\" class=\"wp-caption-text\">P\u00fablico acompanha a leitura do poema.<\/figcaption><\/figure>\n<p><strong>Zumbi dos Palmares \u2013 poema sobre a consci\u00eancia negra<\/strong><\/p>\n<p>Forte e bravo guerreiro,\/ amigo da liberdade,\/ defendia o seu povo,\/ com alegria e coragem.<\/p>\n<p>Roubado ainda pequeno,\/ do quilombo em que nasceu,\/ foi dado de presente:\/ um padre o recebeu.<\/p>\n<p>Educado com carinho,\/ era muito inteligente,\/ e guardou no cora\u00e7\u00e3o\/ sua origem e sua gente.<\/p>\n<p>Ao ver seus pobres irm\u00e3os\/ t\u00e3o tristes, escravizados,\/ sonhou com outro mundo\/ onde fossem respeitados.<\/p>\n<p>Fugiu adolescente,\/ do padre se despediu\/ e, em busca de seu sonho,\/ com esperan\u00e7a partiu.<\/p>\n<p>Andando pela mata\/ encontrou o seu lugar,\/ protegido no quilombo\/ do qual ouvira falar.<\/p>\n<p>Zumbi era seu nome.\/ Esse guerreiro valente\/ logo se tornou l\u00edder\/ do quilombo e sua gente.<\/p>\n<p>Brigou com\u00a0Ganga Zumba\/ pelo que acreditou,\/ e, por anos a fio,\/ a Palmares governou.<\/p>\n<p>Muitas batalhas sangrentas\/ com bravura resistiu,\/ mas foi um bandeirante\/ quem seu sonho destruiu.<\/p>\n<p>Vencido e tra\u00eddo,\/ teve a cabe\u00e7a cortada.\/ Em vinte de novembro\/ sua derrota foi selada.<\/p>\n<p>Mas seu sonho permanece\/ inspirando o cora\u00e7\u00e3o\/ que busca igualdade\/ e uma justa na\u00e7\u00e3o.<\/p>\n<p>Hoje\u00a0Zumbi dos Palmares\/ justamente \u00e9 lembrado,\/ seu sonho e bravura\/ ser\u00e3o sempre celebrados.<\/p>\n<p>Hoje o bravo guerreiro\/ \u00e9 lembrado como her\u00f3i\/ de um povo que acredita\/ que um sonho se constr\u00f3i!<\/p>\n<p>Bia explicou que a ideia de ler o poema foi uma forma de marcar a data que na sua opini\u00e3o \u00e9 uma das mais importantes do pa\u00eds.\u00a0 \u201cSou descendente de negros e sei o quanto o racismo e a exclus\u00e3o ainda atinge a popula\u00e7\u00e3o negra do pa\u00eds\u201d. \u00a0Opini\u00e3o compartilhada na abertura oficial da sess\u00e3o por Marcelo Gon\u00e7alves, diretor de Cultura do Sindicato dos Banc\u00e1rios de S\u00e3o Paulo, Osasco e regi\u00e3o. \u201cHoje n\u00f3s estivemos no centro de S\u00e3o Paulo conversando com as pessoas sobre a import\u00e2ncia dessa data, e a import\u00e2ncia da popula\u00e7\u00e3o negra estar representada em todas as \u00e1reas. Neste ano, n\u00f3s, banc\u00e1rios, fizemos uma homenagem \u00e0 escritora negra Carolina Maria de Jesus, que deixou uma obra de grande relev\u00e2ncia, mas pouco lembrada\u201d, comentou.<\/p>\n<figure id=\"attachment_9347\" aria-describedby=\"caption-attachment-9347\" style=\"width: 499px\" class=\"wp-caption aligncenter\"><a href=\"http:\/\/projetocineb.com.br\/wp-content\/uploads\/2016\/11\/DSC_0031.jpg\"><img loading=\"lazy\" decoding=\"async\" class=\" wp-image-9347 \" title=\"DSC_0031\" src=\"http:\/\/projetocineb.com.br\/wp-content\/uploads\/2016\/11\/DSC_0031.jpg\" alt=\"\" width=\"499\" height=\"331\" \/><\/a><figcaption id=\"caption-attachment-9347\" class=\"wp-caption-text\">Bia Moreno, Neuza Lombardi, Cid\u00e1lio Vieira Santos, coordenador do Cine B e o diretor do Sindicato, Marcelo Gon\u00e7alves<\/figcaption><\/figure>\n<p>Em seguida foi exibido o filme que emocionou as 60 pessoas que compareceram \u00e0 sess\u00e3o. Elza de Assis Antonio estava acompanhada do filho, Marco Aur\u00e9lio de Assis Antonio, aluno do EJA \u2013 Educa\u00e7\u00e3o de Jovens e Adultos da Escola Municipal de Ensino Fundamental (EMEF) Roquette Pinto falou que sempre acompanha as sess\u00f5es do Cine B. &#8220;\u00c9 uma iniciativa sensacional e os filmes s\u00e3o \u00f3timos\u201d, opina.<\/p>\n<figure id=\"attachment_9348\" aria-describedby=\"caption-attachment-9348\" style=\"width: 499px\" class=\"wp-caption aligncenter\"><a href=\"http:\/\/projetocineb.com.br\/wp-content\/uploads\/2016\/11\/DSC_0033.jpg\"><img loading=\"lazy\" decoding=\"async\" class=\" wp-image-9348 \" title=\"DSC_0033\" src=\"http:\/\/projetocineb.com.br\/wp-content\/uploads\/2016\/11\/DSC_0033.jpg\" alt=\"\" width=\"499\" height=\"331\" \/><\/a><figcaption id=\"caption-attachment-9348\" class=\"wp-caption-text\">Professores do EJA da EMEF Roquette Pinto.<\/figcaption><\/figure>\n<p>J\u00e1 Neuza Lombardi, feliz por ganhar uma camiseta do do projeto antes de iniciar a sess\u00e3o, lamentou a perda do ator Domingos Montagner, protagonista do filme: \u201cum homem daquele morrer d\u00e1 d\u00f3\u201d, comentou. Montagner morreu afogado no Rio S\u00e3o Francisco no intervalo das grava\u00e7\u00f5es da novela<em> Velho Chico<\/em>, da Rede Globo, em setembro.<\/p>\n<figure id=\"attachment_9349\" aria-describedby=\"caption-attachment-9349\" style=\"width: 499px\" class=\"wp-caption aligncenter\"><a href=\"http:\/\/projetocineb.com.br\/wp-content\/uploads\/2016\/11\/DSC_0041.jpg\"><img loading=\"lazy\" decoding=\"async\" class=\" wp-image-9349 \" title=\"DSC_0041\" src=\"http:\/\/projetocineb.com.br\/wp-content\/uploads\/2016\/11\/DSC_0041.jpg\" alt=\"\" width=\"499\" height=\"331\" \/><\/a><figcaption id=\"caption-attachment-9349\" class=\"wp-caption-text\">Elza de Assis Antonio e o filho Marco Aur\u00e9lio de Assis Antonio: &quot;iniciativa sensacional&quot;.<\/figcaption><\/figure>\n<p>Tamb\u00e9m esteve presente na sess\u00e3o o banc\u00e1rio Luiz Cl\u00e1udio Marcolino, um dos idealizadores do Cine B quando era presidente do Sindicato dos Banc\u00e1rios de S\u00e3o Paulo. Atualmente Marcolino \u00e9 diretor da Confedera\u00e7\u00e3o Nacional dos Trabalhadores do Ramo Financeiro (Contraf).<\/p>\n<figure id=\"attachment_9345\" aria-describedby=\"caption-attachment-9345\" style=\"width: 499px\" class=\"wp-caption aligncenter\"><a href=\"http:\/\/projetocineb.com.br\/wp-content\/uploads\/2016\/11\/DSC_00391.jpg\"><img loading=\"lazy\" decoding=\"async\" class=\" wp-image-9345 \" title=\"DSC_0039\" src=\"http:\/\/projetocineb.com.br\/wp-content\/uploads\/2016\/11\/DSC_00391.jpg\" alt=\"\" width=\"499\" height=\"331\" \/><\/a><figcaption id=\"caption-attachment-9345\" class=\"wp-caption-text\">Luiz Cl\u00e1udio Marcolino e Bia Moreno ao centro, entre diretores da associa\u00e7\u00e3o, e produ\u00e7\u00e3o do Cine B.<\/figcaption><\/figure>\n<p>O CINEB \u00e9 um circuito itinerante de cinema realizado pelo Sindicato dos Banc\u00e1rios de S\u00e3o Paulo, Osasco e Regi\u00e3o e pela Brazucah Produ\u00e7\u00f5es. Desde 2007, o j\u00e1 atingiu um p\u00fablico superior a 54 mil espectadores em mais de 400 sess\u00f5es gratuitas realizadas em comunidades e universidades de S\u00e3o Paulo. A iniciativa busca democratizar o acesso ao cinema nacional e divulgar os filmes produzidos no Brasil. J\u00e1 foram exibidos na tela do CINEB mais de 75 longas-metragens e 50 curtas-metragens, al\u00e9m da realiza\u00e7\u00e3o de pr\u00e9-estreias exclusivas.<\/p>\n","protected":false},"excerpt":{"rendered":"<p>Cine B esteve na Associa\u00e7\u00e3o dos Moradores da Vila Rica, na Zona Leste, na \u00faltima sexta-feira (18\/11), para exibir De[&#8230;]<\/p>\n","protected":false},"author":2,"featured_media":9342,"comment_status":"open","ping_status":"open","sticky":false,"template":"","format":"standard","meta":[],"categories":[2],"tags":[],"_links":{"self":[{"href":"https:\/\/projetocineb.com.br\/index.php?rest_route=\/wp\/v2\/posts\/9340"}],"collection":[{"href":"https:\/\/projetocineb.com.br\/index.php?rest_route=\/wp\/v2\/posts"}],"about":[{"href":"https:\/\/projetocineb.com.br\/index.php?rest_route=\/wp\/v2\/types\/post"}],"author":[{"embeddable":true,"href":"https:\/\/projetocineb.com.br\/index.php?rest_route=\/wp\/v2\/users\/2"}],"replies":[{"embeddable":true,"href":"https:\/\/projetocineb.com.br\/index.php?rest_route=%2Fwp%2Fv2%2Fcomments&post=9340"}],"version-history":[{"count":0,"href":"https:\/\/projetocineb.com.br\/index.php?rest_route=\/wp\/v2\/posts\/9340\/revisions"}],"wp:featuredmedia":[{"embeddable":true,"href":"https:\/\/projetocineb.com.br\/index.php?rest_route=\/wp\/v2\/media\/9342"}],"wp:attachment":[{"href":"https:\/\/projetocineb.com.br\/index.php?rest_route=%2Fwp%2Fv2%2Fmedia&parent=9340"}],"wp:term":[{"taxonomy":"category","embeddable":true,"href":"https:\/\/projetocineb.com.br\/index.php?rest_route=%2Fwp%2Fv2%2Fcategories&post=9340"},{"taxonomy":"post_tag","embeddable":true,"href":"https:\/\/projetocineb.com.br\/index.php?rest_route=%2Fwp%2Fv2%2Ftags&post=9340"}],"curies":[{"name":"wp","href":"https:\/\/api.w.org\/{rel}","templated":true}]}}