{"id":935,"date":"2010-06-21T23:53:49","date_gmt":"2010-06-22T02:53:49","guid":{"rendered":"http:\/\/projetocineb.com.br\/?p=935"},"modified":"2010-06-21T23:53:49","modified_gmt":"2010-06-22T02:53:49","slug":"governo-federal-quer-incentivar-a-abertura-de-600-cinemas","status":"publish","type":"post","link":"https:\/\/projetocineb.com.br\/?p=935","title":{"rendered":"GOVERNO FEDERAL QUER INCENTIVAR A ABERTURA DE 600 CINEMAS"},"content":{"rendered":"<p>O\u00a0<span style=\"color: #ff6600;\"><em>Programa\u00a0Cinema Perto de Voc\u00ea<\/em> ser\u00e1 lan\u00e7ado em Luzi\u00e2nia (GO), dia 23 de junho, pelo presidente Lula, que simboliza um conjunto de a\u00e7\u00f5es in\u00e9ditas para o mercado exibidor e tem como meta incentivar a abertura de 600 salas de cinema em quatro anos<\/span>.<\/p>\n<div id=\"_mcePaste\">\n<p>O <span style=\"color: #ff6600;\">evento ser\u00e1 transmitido ao \u00a0vivo \u00a0pela \u00a0TV<\/span> do Governo Federal e <span style=\"color: #ff6600;\">pelo \u00a0site<\/span> : <a href=\"Ser\u00e1 transmitido ao  vivo  pela  TV  do Governo Federal pelo  site : http:\/\/www.imprensa.planalto.gov.br\/exec\/inf_video.cfm \" target=\"_blank\"><span style=\"color: #000000;\">http:\/\/www.imprensa.planalto.gov.br\/exec\/inf_video.cfm<\/span><\/a><\/p>\n<\/div>\n<p>O Minist\u00e9rio da Cultura, por meio da Ag\u00eancia Nacional do Cinema (Ancine), far\u00e1 o o lan\u00e7amento do Cinema Perto de Voc\u00ea &#8211; Programa de Expans\u00e3o do Parque Exibidor, em ato que contar\u00e1 com a presen\u00e7a do presidente da Rep\u00fablica, Luiz In\u00e1cio Lula da Silva, do ministro da Cultura, Juca Ferreira, e do diretor-presidente da Ancine\/MinC, Manoel Rangel. <span style=\"color: #ff6600;\">A cerim\u00f4nia ser\u00e1 realizada no dia 23 de junho, \u00e0s 15h, no Cine-Teatro do Centro de Conven\u00e7\u00f5es de Luzi\u00e2nia (GO)<\/span>.<\/p>\n<p>Criado para estimular e acelerar a implanta\u00e7\u00e3o de salas de exibi\u00e7\u00e3o no Pa\u00eds, o Programa Cinema Perto de Voc\u00ea marca uma nova etapa na pol\u00edtica p\u00fablica de fortalecimento do cinema e do audiovisual no Brasil.\u00a0Trata-se de um conjunto in\u00e9dito de mecanismos e a\u00e7\u00f5es diversificadas de cr\u00e9dito, investimento e desonera\u00e7\u00e3o tribut\u00e1ria que incentiva a iniciativa privada e as Prefeituras e Governos estaduais a investir na expans\u00e3o do parque exibidor &#8211; especialmente nas cidades m\u00e9dias do interior e nas zonas urbanas dos grandes centros que apresentem baixa densidade de salas. A meta \u00e9 estimular abertura de 600 novas salas no per\u00edodo de quatro anos, al\u00e9m do ritmo normal de crescimento apresentado pelo setor.<\/p>\n<p>Desenvolvido pelo Minist\u00e9rio da Cultura e pela Ancine e operado em parceria com o Banco Nacional de Desenvolvimento Econ\u00f4mico e Social (BNDES), <span style=\"color: #ff6600;\">a a\u00e7\u00e3o foi concebida para contemplar especialmente as regi\u00f5es Norte e Nordeste, mais carentes de salas de exibi\u00e7\u00e3o, e a nova classe C, estrato social em que o consumo mais cresce e que j\u00e1 representa mais da metade da popula\u00e7\u00e3o brasileira<\/span>.<\/p>\n<p>Maiores informa\u00e7\u00f5es: (21) 2240-8958\/3217 &#8211; comunica\u00e7\u00e3o@ancine.gov.br<\/p>\n","protected":false},"excerpt":{"rendered":"<p>O\u00a0Programa\u00a0Cinema Perto de Voc\u00ea ser\u00e1 lan\u00e7ado em Luzi\u00e2nia (GO), dia 23 de junho, pelo presidente Lula, que simboliza um conjunto[&#8230;]<\/p>\n","protected":false},"author":2,"featured_media":0,"comment_status":"open","ping_status":"open","sticky":false,"template":"","format":"standard","meta":[],"categories":[10],"tags":[263,283,575,576,768,1013,1082],"_links":{"self":[{"href":"https:\/\/projetocineb.com.br\/index.php?rest_route=\/wp\/v2\/posts\/935"}],"collection":[{"href":"https:\/\/projetocineb.com.br\/index.php?rest_route=\/wp\/v2\/posts"}],"about":[{"href":"https:\/\/projetocineb.com.br\/index.php?rest_route=\/wp\/v2\/types\/post"}],"author":[{"embeddable":true,"href":"https:\/\/projetocineb.com.br\/index.php?rest_route=\/wp\/v2\/users\/2"}],"replies":[{"embeddable":true,"href":"https:\/\/projetocineb.com.br\/index.php?rest_route=%2Fwp%2Fv2%2Fcomments&post=935"}],"version-history":[{"count":0,"href":"https:\/\/projetocineb.com.br\/index.php?rest_route=\/wp\/v2\/posts\/935\/revisions"}],"wp:attachment":[{"href":"https:\/\/projetocineb.com.br\/index.php?rest_route=%2Fwp%2Fv2%2Fmedia&parent=935"}],"wp:term":[{"taxonomy":"category","embeddable":true,"href":"https:\/\/projetocineb.com.br\/index.php?rest_route=%2Fwp%2Fv2%2Fcategories&post=935"},{"taxonomy":"post_tag","embeddable":true,"href":"https:\/\/projetocineb.com.br\/index.php?rest_route=%2Fwp%2Fv2%2Ftags&post=935"}],"curies":[{"name":"wp","href":"https:\/\/api.w.org\/{rel}","templated":true}]}}