{"id":9355,"date":"2016-11-21T23:21:43","date_gmt":"2016-11-22T01:21:43","guid":{"rendered":"http:\/\/projetocineb.com.br\/?p=9355"},"modified":"2016-11-21T23:21:43","modified_gmt":"2016-11-22T01:21:43","slug":"de-onde-eu-te-vejo-vai-a-itapecerica","status":"publish","type":"post","link":"https:\/\/projetocineb.com.br\/?p=9355","title":{"rendered":"De Onde Eu Te Vejo vai \u00e0 Itapecerica"},"content":{"rendered":"<p><em>Sess\u00e3o aconteceu no \u00faltimo s\u00e1bado (19\/11) no sal\u00e3o da Igreja Maria M\u00e3es dos Caminhantes, em Itapecerica da Serra, Grande S\u00e3o Paulo, pela terceira vez.<\/em><\/p>\n<p>O Cine B esteve no \u00faltimo s\u00e1bado (19\/11\/2016), no sal\u00e3o da paroquial da Igreja Maria M\u00e3e dos Caminhantes, localizada no Parque Para\u00edso, Itapecerica da Serra, na Grande S\u00e3o Paulo, para exibir o longa-metragem <em>De Onde Eu te Vejo<\/em>. Foi a quarta sess\u00e3o realizada com o filme do diretor paulista Luiz Villa\u00e7a e a sexta vez que o Cine B esteve na regi\u00e3o.<\/p>\n<figure id=\"attachment_9358\" aria-describedby=\"caption-attachment-9358\" style=\"width: 499px\" class=\"wp-caption aligncenter\"><a href=\"http:\/\/projetocineb.com.br\/wp-content\/uploads\/2016\/11\/DSC_00781.jpg\"><img fetchpriority=\"high\" decoding=\"async\" class=\" wp-image-9358 \" title=\"DSC_0078\" src=\"http:\/\/projetocineb.com.br\/wp-content\/uploads\/2016\/11\/DSC_00781.jpg\" alt=\"\" width=\"499\" height=\"331\" \/><\/a><figcaption id=\"caption-attachment-9358\" class=\"wp-caption-text\">Casa cheia para mais uma ses\u00e3o do Cine B em Itapecerica da Serra.<\/figcaption><\/figure>\n<p>O longa, protagonizado pelos atores Denise Fraga e Domingos Montagner, conta a hist\u00f3ria de amor de um casal atrav\u00e9s de sua separa\u00e7\u00e3o. Em meio a uma S\u00e3o Paulo em constante mudan\u00e7a e efervesc\u00eancia cultural, Ana L\u00facia e F\u00e1bio se separam ap\u00f3s 20 anos de casamento e ele passa a viver no apartamento do outro lado da rua. Eles ter\u00e3o que aprender a viver a nova realidade &#8211; a separa\u00e7\u00e3o, a crise no trabalho e a mudan\u00e7a de cidade da filha &#8211; e perceber\u00e3o que no meio da confus\u00e3o da vida moderna \u00e9 poss\u00edvel reinventar uma nova forma de amar. Completando o elenco do filme est\u00e3o Marisa Orth, Juca de Oliveira, Laura Cardoso, F\u00falvio Stefanini, Marcelo Airoldi, Laila Zaid e Manoela Aliperti. A produ\u00e7\u00e3o \u00e9 de 2016.<\/p>\n<figure id=\"attachment_9359\" aria-describedby=\"caption-attachment-9359\" style=\"width: 499px\" class=\"wp-caption aligncenter\"><a href=\"http:\/\/projetocineb.com.br\/wp-content\/uploads\/2016\/11\/DSC_0075.jpg\"><img decoding=\"async\" class=\" wp-image-9359 \" title=\"DSC_0075\" src=\"http:\/\/projetocineb.com.br\/wp-content\/uploads\/2016\/11\/DSC_0075.jpg\" alt=\"\" width=\"499\" height=\"331\" \/><\/a><figcaption id=\"caption-attachment-9359\" class=\"wp-caption-text\">A pipoca sempre \u00e9 de gra\u00e7a no Cine B.<\/figcaption><\/figure>\n<figure id=\"attachment_9363\" aria-describedby=\"caption-attachment-9363\" style=\"width: 499px\" class=\"wp-caption aligncenter\"><a href=\"http:\/\/projetocineb.com.br\/wp-content\/uploads\/2016\/11\/DSC_0070.jpg\"><img decoding=\"async\" class=\" wp-image-9363 \" title=\"DSC_0070\" src=\"http:\/\/projetocineb.com.br\/wp-content\/uploads\/2016\/11\/DSC_0070.jpg\" alt=\"\" width=\"499\" height=\"331\" \/><\/a><figcaption id=\"caption-attachment-9363\" class=\"wp-caption-text\">Azizi Mohamad, mostra a nova pulseira com o endere\u00e7o do blog do Cine B.<\/figcaption><\/figure>\n<p>A sess\u00e3o teve in\u00edcio com a exibi\u00e7\u00e3o dos curta-metragens que integram o 4\u00ba Selo Cine B da Periferia: <em>Vendedores Ambulantes \u2013 Gambiarra Ac\u00fastica, Preservar \u00e9 Resistir e Nossas Hist\u00f3rias, Minhas Mem\u00f3rias<\/em>. Em seguida, foi exibido o curta-metragem <em>Graffiti Dan\u00e7a<\/em>, de Rodrigo EBA!, que acompanha as exibi\u00e7\u00f5es do atual longa em cartaz. Lan\u00e7ado em 2013, ganhou o pr\u00eamio de Melhor Curta Brasileiro pelo J\u00fari Popular na edi\u00e7\u00e3o S\u00e3o Paulo do Festival Anima Mundi. A produ\u00e7\u00e3o, em <em>stop motion<\/em>, apresenta pintura realizadas especialmente para o filme e que permanecem ainda hoje nos muros de S\u00e3o Paulo. A realiza\u00e7\u00e3o \u00e9 do coletivo Graffiti com Pipoca, que trabalha com grafitti e anima\u00e7\u00e3o desde 2005.<\/p>\n<figure id=\"attachment_9364\" aria-describedby=\"caption-attachment-9364\" style=\"width: 499px\" class=\"wp-caption aligncenter\"><a href=\"http:\/\/projetocineb.com.br\/wp-content\/uploads\/2016\/11\/DSC_00911.jpg\"><img loading=\"lazy\" decoding=\"async\" class=\" wp-image-9364 \" title=\"DSC_0091\" src=\"http:\/\/projetocineb.com.br\/wp-content\/uploads\/2016\/11\/DSC_00911.jpg\" alt=\"\" width=\"499\" height=\"331\" \/><\/a><figcaption id=\"caption-attachment-9364\" class=\"wp-caption-text\">Padre Odair Eust\u00e1quio Ribeiro Gomes experimente a pipoca do Cine B.<\/figcaption><\/figure>\n<p>Para C\u00edcero Aparecido de Melo, membro atuante da Igreja e o respons\u00e1vel por articular as sess\u00f5es do Cine B em Itapecerica da Serra \u2013 foram tr\u00eas exibi\u00e7\u00f5es na par\u00f3quia e outras tr\u00eas em escolas p\u00fablicas da regi\u00e3o \u2013\u00a0, o objetivo \u00e9 levar cultura para uma regi\u00e3o extremamente carente desse tipo de atividade. \u201cPara muitos \u00e9 a \u00fanica oportunidade de ter o contato com o cinema, principalmente o cinema nacional\u201d, explica.<\/p>\n<figure id=\"attachment_9365\" aria-describedby=\"caption-attachment-9365\" style=\"width: 499px\" class=\"wp-caption aligncenter\"><a href=\"http:\/\/projetocineb.com.br\/wp-content\/uploads\/2016\/11\/DSC_0112.jpg\"><img loading=\"lazy\" decoding=\"async\" class=\" wp-image-9365 \" title=\"DSC_0112\" src=\"http:\/\/projetocineb.com.br\/wp-content\/uploads\/2016\/11\/DSC_0112.jpg\" alt=\"\" width=\"499\" height=\"331\" \/><\/a><figcaption id=\"caption-attachment-9365\" class=\"wp-caption-text\">Padre Odair, Cid\u00e1lio Vieira Santos, coordenador do Cine B e C\u00edcero Aparecido de Mello, respons\u00e1vel por levar o Cine B \u00e0 Itapecerica na abertura oficial da sess\u00e3o.<\/figcaption><\/figure>\n<p>C\u00edcero tem toda a raz\u00e3o. Estava presente \u00e0 sess\u00e3o a pernambucana Francisca de Souza Barbosa, que ainda n\u00e3o havia pisado em uma sala de cinema. Ela mora em Itapecerica da Serra h\u00e1 mais de 35 anos, mas nunca foi a uma sess\u00e3o de cinema por pura \u201cfalta de interesse\u201d. Mas aproveitou a oportunidade acompanhada\u00a0do marido Edvaldo Rafael da Silva.<\/p>\n<figure id=\"attachment_9367\" aria-describedby=\"caption-attachment-9367\" style=\"width: 499px\" class=\"wp-caption aligncenter\"><a href=\"http:\/\/projetocineb.com.br\/wp-content\/uploads\/2016\/11\/DSC_0108.jpg\"><img loading=\"lazy\" decoding=\"async\" class=\" wp-image-9367 \" title=\"DSC_0108\" src=\"http:\/\/projetocineb.com.br\/wp-content\/uploads\/2016\/11\/DSC_0108.jpg\" alt=\"\" width=\"499\" height=\"331\" \/><\/a><figcaption id=\"caption-attachment-9367\" class=\"wp-caption-text\">Muitas fam\u00edlias acompanharam a sess\u00e3o no sal\u00e3o paroquial.<\/figcaption><\/figure>\n<figure id=\"attachment_9368\" aria-describedby=\"caption-attachment-9368\" style=\"width: 499px\" class=\"wp-caption aligncenter\"><a href=\"http:\/\/projetocineb.com.br\/wp-content\/uploads\/2016\/11\/DSC_0121.jpg\"><img loading=\"lazy\" decoding=\"async\" class=\" wp-image-9368 \" title=\"DSC_0121\" src=\"http:\/\/projetocineb.com.br\/wp-content\/uploads\/2016\/11\/DSC_0121.jpg\" alt=\"\" width=\"499\" height=\"331\" \/><\/a><figcaption id=\"caption-attachment-9368\" class=\"wp-caption-text\">As vizinhas Luzinete Maira de Melo, Alice Augusta e Angelina de Oliveira Silva aproveitaram o s\u00e1bado e curtiram uma sess\u00e3o de cinema.<\/figcaption><\/figure>\n<p>\u00c9 o caso, tamb\u00e9m, de Angelina de Oliveira Silva, de Minas Gerais, que mora em S\u00e3o Paulo h\u00e1 43 anos.\u00a0 Ela conta que nunca foi ao cinema por falta de interesse. \u201cMas como eu moro perto do sal\u00e3o, estava muito curiosa para ver como \u00e9 [uma sess\u00e3o]. Aproveitei que a m\u00e3e do C\u00edcero [Luzinete Maira de Melo] vinha, ent\u00e3o eu a acompanhei\u201d. Ela aprovou o filme e \u201cadorou a pipoca\u201d de Seu Antonio.<\/p>\n<figure id=\"attachment_9361\" aria-describedby=\"caption-attachment-9361\" style=\"width: 499px\" class=\"wp-caption aligncenter\"><a href=\"http:\/\/projetocineb.com.br\/wp-content\/uploads\/2016\/11\/DSC_0137.jpg\"><img loading=\"lazy\" decoding=\"async\" class=\" wp-image-9361 \" title=\"DSC_0137\" src=\"http:\/\/projetocineb.com.br\/wp-content\/uploads\/2016\/11\/DSC_0137.jpg\" alt=\"\" width=\"499\" height=\"331\" \/><\/a><figcaption id=\"caption-attachment-9361\" class=\"wp-caption-text\">Sorteio de camisetas para as crian\u00e7as...<\/figcaption><\/figure>\n<figure id=\"attachment_9362\" aria-describedby=\"caption-attachment-9362\" style=\"width: 499px\" class=\"wp-caption aligncenter\"><a href=\"http:\/\/projetocineb.com.br\/wp-content\/uploads\/2016\/11\/DSC_0139.jpg\"><img loading=\"lazy\" decoding=\"async\" class=\" wp-image-9362 \" title=\"DSC_0139\" src=\"http:\/\/projetocineb.com.br\/wp-content\/uploads\/2016\/11\/DSC_0139.jpg\" alt=\"\" width=\"499\" height=\"331\" \/><\/a><figcaption id=\"caption-attachment-9362\" class=\"wp-caption-text\">... e para adultos.<\/figcaption><\/figure>\n<p>Para o padre Odair Eust\u00e1quio Ribeiro Gomes, o Cine B \u00e9 sempre benvindo porque oferece oportunidade de cultura e de lazer para a popula\u00e7\u00e3o de periferia. \u201cVoc\u00eas j\u00e1 vieram aqui tr\u00eas vezes, e trouxeram filmes muito bons. A Igreja pensa o ser humano como um todo, e busca form\u00e1-lo como pessoa, como cidad\u00e3o\u201d, avalia.<\/p>\n<figure id=\"attachment_9360\" aria-describedby=\"caption-attachment-9360\" style=\"width: 499px\" class=\"wp-caption aligncenter\"><a href=\"http:\/\/projetocineb.com.br\/wp-content\/uploads\/2016\/11\/DSC_0144.jpg\"><img loading=\"lazy\" decoding=\"async\" class=\" wp-image-9360 \" title=\"DSC_0144\" src=\"http:\/\/projetocineb.com.br\/wp-content\/uploads\/2016\/11\/DSC_0144.jpg\" alt=\"\" width=\"499\" height=\"331\" \/><\/a><figcaption id=\"caption-attachment-9360\" class=\"wp-caption-text\">At\u00e9 a pr\u00f3xima sess\u00e3o!<\/figcaption><\/figure>\n<p>O CINEB \u00e9 um circuito itinerante de cinema realizado pelo Sindicato dos Banc\u00e1rios de S\u00e3o Paulo, Osasco e Regi\u00e3o e pela Brazucah Produ\u00e7\u00f5es. Desde 2007, o j\u00e1 atingiu um p\u00fablico superior a 54 mil espectadores em mais de 400 sess\u00f5es gratuitas realizadas em comunidades e universidades de S\u00e3o Paulo. A iniciativa busca democratizar o acesso ao cinema nacional e divulgar os filmes produzidos no Brasil. J\u00e1 foram exibidos na tela do CINEB mais de 75 longas-metragens e 50 curtas-metragens, al\u00e9m da realiza\u00e7\u00e3o de pr\u00e9-estreias exclusivas.<\/p>\n","protected":false},"excerpt":{"rendered":"<p>Sess\u00e3o aconteceu no \u00faltimo s\u00e1bado (19\/11) no sal\u00e3o da Igreja Maria M\u00e3es dos Caminhantes, em Itapecerica da Serra, Grande S\u00e3o[&#8230;]<\/p>\n","protected":false},"author":2,"featured_media":9356,"comment_status":"open","ping_status":"open","sticky":false,"template":"","format":"standard","meta":[],"categories":[2],"tags":[],"_links":{"self":[{"href":"https:\/\/projetocineb.com.br\/index.php?rest_route=\/wp\/v2\/posts\/9355"}],"collection":[{"href":"https:\/\/projetocineb.com.br\/index.php?rest_route=\/wp\/v2\/posts"}],"about":[{"href":"https:\/\/projetocineb.com.br\/index.php?rest_route=\/wp\/v2\/types\/post"}],"author":[{"embeddable":true,"href":"https:\/\/projetocineb.com.br\/index.php?rest_route=\/wp\/v2\/users\/2"}],"replies":[{"embeddable":true,"href":"https:\/\/projetocineb.com.br\/index.php?rest_route=%2Fwp%2Fv2%2Fcomments&post=9355"}],"version-history":[{"count":0,"href":"https:\/\/projetocineb.com.br\/index.php?rest_route=\/wp\/v2\/posts\/9355\/revisions"}],"wp:featuredmedia":[{"embeddable":true,"href":"https:\/\/projetocineb.com.br\/index.php?rest_route=\/wp\/v2\/media\/9356"}],"wp:attachment":[{"href":"https:\/\/projetocineb.com.br\/index.php?rest_route=%2Fwp%2Fv2%2Fmedia&parent=9355"}],"wp:term":[{"taxonomy":"category","embeddable":true,"href":"https:\/\/projetocineb.com.br\/index.php?rest_route=%2Fwp%2Fv2%2Fcategories&post=9355"},{"taxonomy":"post_tag","embeddable":true,"href":"https:\/\/projetocineb.com.br\/index.php?rest_route=%2Fwp%2Fv2%2Ftags&post=9355"}],"curies":[{"name":"wp","href":"https:\/\/api.w.org\/{rel}","templated":true}]}}