{"id":9380,"date":"2016-11-21T23:47:54","date_gmt":"2016-11-22T01:47:54","guid":{"rendered":"http:\/\/projetocineb.com.br\/?p=9380"},"modified":"2016-11-21T23:47:54","modified_gmt":"2016-11-22T01:47:54","slug":"9380","status":"publish","type":"post","link":"https:\/\/projetocineb.com.br\/?p=9380","title":{"rendered":"Vem a\u00ed o 7\u00ba Pr\u00eamio CINEB"},"content":{"rendered":"<p><em>Realizadores, comunidades e universidades ser\u00e3o homenageados no 7\u00ba Pr\u00eamio CINEB por contribuir com o maior projeto gratuito e itinerante de democratiza\u00e7\u00e3o do cinema brasileiro. Em 2016, foram exibidos 13 longas em 45 sess\u00f5es que reuniram mais de 6 mil pessoas. A festa ser\u00e1 comandada pelo ator Ailton Gra\u00e7a.<\/em><\/p>\n<p>&nbsp;<\/p>\n<p>O 7\u00ba Pr\u00eamio CINEB do Cinema Brasileiro vai homenagear atores, diretores, comunidades e universidades que apoiaram, em 2016, a 9\u00aa temporada do maior projeto gratuito de democratiza\u00e7\u00e3o do cinema brasileiro. O evento ter\u00e1 o ator Ailton Gra\u00e7a, que atuou em v\u00e1rios filmes j\u00e1 exibidos pelo CINEB como Meu Tio Matou um Cara, Tapete Vermelho e Ver\u00f4nica como anfitri\u00e3o entre os convidados; comunidades e universidades que receberam o projeto tamb\u00e9m ser\u00e3o premiadas.<\/p>\n<figure id=\"attachment_9386\" aria-describedby=\"caption-attachment-9386\" style=\"width: 403px\" class=\"wp-caption aligncenter\"><a href=\"http:\/\/projetocineb.com.br\/wp-content\/uploads\/2016\/11\/Aquarius.jpg\"><img fetchpriority=\"high\" decoding=\"async\" class=\" wp-image-9386  \" title=\"Aquarius\" src=\"http:\/\/projetocineb.com.br\/wp-content\/uploads\/2016\/11\/Aquarius.jpg\" alt=\"\" width=\"403\" height=\"227\" \/><\/a><figcaption id=\"caption-attachment-9386\" class=\"wp-caption-text\">O pol\u00eamico Aquarius com S\u00f4nia Braga no elenco \u00e9 um dos filmes premiados.<\/figcaption><\/figure>\n<p>O CINEB \u00e9 um circuito alternativo e itinerante de cinema que leva gratuitamente filmes brasileiros para comunidades na periferia de S\u00e3o Paulo que contam com poucos equipamentos culturais. O projeto possui estrutura itinerante de cinema e leva a essas localidades tel\u00e3o, projetor, caixas de som, banners, painel luminoso, al\u00e9m da tradicional pipoca.<\/p>\n<figure id=\"attachment_9387\" aria-describedby=\"caption-attachment-9387\" style=\"width: 276px\" class=\"wp-caption aligncenter\"><a href=\"http:\/\/projetocineb.com.br\/wp-content\/uploads\/2016\/11\/O-Segredo-dos-Diamantes.jpg\"><img decoding=\"async\" class=\"size-full wp-image-9387\" title=\"O Segredo dos Diamantes\" src=\"http:\/\/projetocineb.com.br\/wp-content\/uploads\/2016\/11\/O-Segredo-dos-Diamantes.jpg\" alt=\"\" width=\"276\" height=\"183\" \/><\/a><figcaption id=\"caption-attachment-9387\" class=\"wp-caption-text\">O Segredo dos Diamantes, de Helv\u00e9cio Ratton, fez sucesso nas sess\u00f5es do CineB.<\/figcaption><\/figure>\n<p>O Pr\u00eamio visa reconhecer o apoio que realizadores e produtoras de filmes que integraram a temporada do projeto e as comunidades e universidades que receberam as sess\u00f5es itinerantes. Entre os filmes premiados nesta edi\u00e7\u00e3o est\u00e3o O Segredo dos Diamantes, de Helvecio Ratton; Betinho &#8211; A Esperan\u00e7a Equilibrista, de Victor Lopes; Tudo o que Aprendemos Juntos, de S\u00e9rgio Machado; Chico &#8211; Artista Brasileiro, de Miguel Faria Jr; Trago Comigo, de Tata Amaral; Apart Horta, de Cec\u00edlia Engels; Gonzaga de Pai para Filho, de Breno Silveira; M\u00e3e S\u00f3 H\u00e1 Uma, de Anna Muylaert; Comer O Qu\u00ea?, de Leonardo Brant; Tarja Branca, de Cacau Rhoden; Aquarius, de Kleber Mendon\u00e7a Filho; De Onde Eu Te Vejo, de Luiz Villa\u00e7a e Corda Bamba \u2013 Hist\u00f3ria de Uma Menina Equilibrista, de Eduardo Goldenstein . Al\u00e9m de v\u00e1rios curtas metragens.<\/p>\n<figure id=\"attachment_9388\" aria-describedby=\"caption-attachment-9388\" style=\"width: 300px\" class=\"wp-caption aligncenter\"><a href=\"http:\/\/projetocineb.com.br\/wp-content\/uploads\/2016\/11\/Trago-Comigo.jpg\"><img decoding=\"async\" class=\"size-full wp-image-9388\" title=\"Trago Comigo\" src=\"http:\/\/projetocineb.com.br\/wp-content\/uploads\/2016\/11\/Trago-Comigo.jpg\" alt=\"\" width=\"300\" height=\"168\" \/><\/a><figcaption id=\"caption-attachment-9388\" class=\"wp-caption-text\">O Cine B fez uma sess\u00e3o especial do filme Trago Comigo, com presen\u00e7a da diretora Tata Amaral.<\/figcaption><\/figure>\n<p>H\u00e1 nove anos na estrada, o projeto exibiu, em 2016, mais de vinte filmes entre longas e curtas metragens em 45 sess\u00f5es itinerantes que reuniram mais de 6 mil pessoas. Desde 2007, quando o projeto teve in\u00edcio, j\u00e1 atingiu um p\u00fablico superior a 54 mil espectadores em mais de 410 sess\u00f5es gratuitas. A realiza\u00e7\u00e3o do projeto \u00e9 do Sindicato dos Banc\u00e1rios de S\u00e3o Paulo, Osasco e regi\u00e3o e produzido pela Brazucah Produ\u00e7\u00f5es.<\/p>\n<figure id=\"attachment_9389\" aria-describedby=\"caption-attachment-9389\" style=\"width: 402px\" class=\"wp-caption aligncenter\"><a href=\"http:\/\/projetocineb.com.br\/wp-content\/uploads\/2016\/11\/Tudo-que-Aprendemos-Juntos.jpg\"><img loading=\"lazy\" decoding=\"async\" class=\" wp-image-9389  \" title=\"Tudo que Aprendemos Juntos\" src=\"http:\/\/projetocineb.com.br\/wp-content\/uploads\/2016\/11\/Tudo-que-Aprendemos-Juntos.jpg\" alt=\"\" width=\"402\" height=\"210\" \/><\/a><figcaption id=\"caption-attachment-9389\" class=\"wp-caption-text\">Tudo que Aprendemos Juntos, protagonizado por L\u00e1zaro Ramos, emocionou o p\u00fablico do Cine B.<\/figcaption><\/figure>\n<p>\u201cO CINEB permite que a popula\u00e7\u00e3o mais carente tenha acesso a filmes nacionais em espa\u00e7os comunit\u00e1rios\u201c, diz Juvandia Moreira, presidenta do Sindicato dos Banc\u00e1rios. \u201cA premia\u00e7\u00e3o visa reconhecer os produtores dos filmes realizados em nosso pa\u00eds e as comunidades, entidades e universidades envolvidas nas sess\u00f5es do projeto. Afinal, o filme s\u00f3 vira cinema quando ele chega at\u00e9 as pessoas\u201d, afirma o coordenador do CINEB, Cid\u00e1lio Vieira Santos.<\/p>\n<p><strong>As entidades que ir\u00e3o receber o Pr\u00eamio s\u00e3o:<\/strong><\/p>\n<p>REGI\u00c3O LESTE: Associa\u00e7\u00e3o de Moradores de Vila Rica, Casa de Cultura do Itaim Paulista, PROCEDU &#8211; Projeto Cultural Educacional Novo Pantanal, Santu\u00e1rio Nossa Senhora da Paz, ONG Juntos, NCI Jos\u00e9 Bonif\u00e1cio\/ONG Juntos.<\/p>\n<p>REGI\u00c3O SUL: Par\u00f3quia Santos M\u00e1rtires, Escola Estadual Assis Chateaubriand, Escola Estadual Samuel Wainer, CCA S\u00e3o Jose, Escola Estadual Dona Prisciliana Duarte de Almeida, Biblioteca Comunit\u00e1ria Caminhos da Leitura, Escola Estadual\u00a0 Herbert Baldus, Paroquia Senhor dos Passos e Nossa Senhora das Dores, Uni\u00e3o dos Moradores do Parque Cocaia, Escola Estadual Irm\u00e3 Charlita, AMAAF &#8211; Associa\u00e7\u00e3o de Moradores e Amigos da \u00c1gua Funda.<\/p>\n<p>REGI\u00c3O NOROESTE: Centro Comunit\u00e1rio Conquista em Cristo.<\/p>\n<p>CAJAMAR: Ch\u00e1cara Maria Trindade.<\/p>\n<p>REGI\u00c3O NORTE: Par\u00f3quia Natividade do Senhor.<\/p>\n<p>ITAPECERICA DA SERRA: Par\u00f3quia Maria M\u00e3e dos Caminhantes.<\/p>\n<p>OSASCO: Escola Professor Jos\u00e9 Liberatti.<\/p>\n<p>REGI\u00c3O OESTE: Instituto Pared\u00e3o, Escola Estadual Jo\u00e3o XXIII, Par\u00f3quia Nossa Senhora de Lourdes, Par\u00f3quia Nossa Senhora Aparecida, Par\u00f3quia S\u00e3o Jos\u00e9 do Jaguar\u00e9, Escola Municipal de Educa\u00e7\u00e3o Fundamental\u00a0 General \u00c1lvaro Silva Braga, Escola Municipal de Educa\u00e7\u00e3o Fundamental Conde Luiz Eduardo Matarazzo.<\/p>\n<p><strong>Universidades que receberam o CINEB:<\/strong><\/p>\n<p>Universidade Anhanguera &#8211; Vila Mariana, FIAM FAAM \u2013 Ana Rosa, FIAM FAAM Morumbi, UNISA Santo Amaro, Unisantana.<\/p>\n<p>[highlight]\u00a0<strong>Servi\u00e7o<\/strong>[\/highlight]<strong><\/strong><\/p>\n<p><strong>7\u00ba Pr\u00eamio CINEB do Cinema Brasileiro<\/strong><\/p>\n<p>Ter\u00e7a-feira, 13\/12, \u00e0s 20h<\/p>\n<p>Sede do Sindicato dos Banc\u00e1rios de S\u00e3o Paulo, Osasco e Regi\u00e3o (Caf\u00e9 dos Banc\u00e1rios)<\/p>\n<p>Rua S\u00e3o Bento, 413 \u2013 Edif\u00edcio Martinelli, S\u00e3o Paulo\/SP<\/p>\n","protected":false},"excerpt":{"rendered":"<p>Realizadores, comunidades e universidades ser\u00e3o homenageados no 7\u00ba Pr\u00eamio CINEB por contribuir com o maior projeto gratuito e itinerante de[&#8230;]<\/p>\n","protected":false},"author":2,"featured_media":9381,"comment_status":"open","ping_status":"open","sticky":false,"template":"","format":"standard","meta":[],"categories":[2],"tags":[],"_links":{"self":[{"href":"https:\/\/projetocineb.com.br\/index.php?rest_route=\/wp\/v2\/posts\/9380"}],"collection":[{"href":"https:\/\/projetocineb.com.br\/index.php?rest_route=\/wp\/v2\/posts"}],"about":[{"href":"https:\/\/projetocineb.com.br\/index.php?rest_route=\/wp\/v2\/types\/post"}],"author":[{"embeddable":true,"href":"https:\/\/projetocineb.com.br\/index.php?rest_route=\/wp\/v2\/users\/2"}],"replies":[{"embeddable":true,"href":"https:\/\/projetocineb.com.br\/index.php?rest_route=%2Fwp%2Fv2%2Fcomments&post=9380"}],"version-history":[{"count":1,"href":"https:\/\/projetocineb.com.br\/index.php?rest_route=\/wp\/v2\/posts\/9380\/revisions"}],"predecessor-version":[{"id":27121,"href":"https:\/\/projetocineb.com.br\/index.php?rest_route=\/wp\/v2\/posts\/9380\/revisions\/27121"}],"wp:featuredmedia":[{"embeddable":true,"href":"https:\/\/projetocineb.com.br\/index.php?rest_route=\/wp\/v2\/media\/9381"}],"wp:attachment":[{"href":"https:\/\/projetocineb.com.br\/index.php?rest_route=%2Fwp%2Fv2%2Fmedia&parent=9380"}],"wp:term":[{"taxonomy":"category","embeddable":true,"href":"https:\/\/projetocineb.com.br\/index.php?rest_route=%2Fwp%2Fv2%2Fcategories&post=9380"},{"taxonomy":"post_tag","embeddable":true,"href":"https:\/\/projetocineb.com.br\/index.php?rest_route=%2Fwp%2Fv2%2Ftags&post=9380"}],"curies":[{"name":"wp","href":"https:\/\/api.w.org\/{rel}","templated":true}]}}