{"id":9400,"date":"2016-11-30T14:05:38","date_gmt":"2016-11-30T16:05:38","guid":{"rendered":"http:\/\/projetocineb.com.br\/?p=9400"},"modified":"2016-11-30T14:05:38","modified_gmt":"2016-11-30T16:05:38","slug":"cine-b-reune-200-em-santuario","status":"publish","type":"post","link":"https:\/\/projetocineb.com.br\/?p=9400","title":{"rendered":"Cine B re\u00fane 200 em Santu\u00e1rio"},"content":{"rendered":"<p><em>O filme De Onde Eu Te vejo, que tem os atores Denise Fraga e Domingos Montagner no elenco, reuniu mais de 200 pessoas na \u00faltima ter\u00e7a-feira (22\/11) no sal\u00e3o do Santu\u00e1rio Nossa Senhora da Paz, na Zona Leste.<\/em><\/p>\n<p>Mesmo numa ter\u00e7a-feira, (22\/11), in\u00edcio da semana, o Sal\u00e3o Paroquial do Santu\u00e1rio Nossa Senhora da Paz, no Jardim Nossa Senhora do Carmo recebeu um grande p\u00fablico para acompanhar a mais uma sess\u00e3o do Cine B na Zona Leste de S\u00e3o Paulo. Foi a quinta sess\u00e3o de exibi\u00e7\u00e3o do longa <em>De Onde Eu te Vejo,<\/em> de Luiz Villa\u00e7a. Protagonizado pelos atores Denise Fraga e Domingos Montagner, conta a hist\u00f3ria de amor de um casal atrav\u00e9s de sua separa\u00e7\u00e3o. Em meio a uma S\u00e3o Paulo em constante mudan\u00e7a e efervesc\u00eancia cultural, Ana L\u00facia e F\u00e1bio se separam ap\u00f3s 20 anos de casamento e ele passa a viver no apartamento do outro lado da rua. Eles ter\u00e3o que aprender a viver a nova realidade &#8211; a separa\u00e7\u00e3o, a crise no trabalho e a mudan\u00e7a de cidade da filha &#8211; e perceber\u00e3o que no meio da confus\u00e3o da vida moderna \u00e9 poss\u00edvel reinventar uma nova forma de amar. Completando o elenco do filme est\u00e3o Marisa Orth, Juca de Oliveira, Laura Cardoso, F\u00falvio Stefanini, Marcelo Airoldi, Laila Zaid e Manoela Aliperti. A produ\u00e7\u00e3o \u00e9 de 2016.<\/p>\n<figure id=\"attachment_9402\" aria-describedby=\"caption-attachment-9402\" style=\"width: 499px\" class=\"wp-caption aligncenter\"><a href=\"http:\/\/projetocineb.com.br\/wp-content\/uploads\/2016\/11\/DSC_0002.jpg\"><img fetchpriority=\"high\" decoding=\"async\" class=\" wp-image-9402 \" title=\"DSC_0002\" src=\"http:\/\/projetocineb.com.br\/wp-content\/uploads\/2016\/11\/DSC_0002.jpg\" alt=\"\" width=\"499\" height=\"331\" \/><\/a><figcaption id=\"caption-attachment-9402\" class=\"wp-caption-text\">Sal\u00e3o Paroquial do Santu\u00e1rio Nossa Senhora da Paz, que fica em Itaquera<\/figcaption><\/figure>\n<p>&nbsp;<\/p>\n<figure id=\"attachment_9407\" aria-describedby=\"caption-attachment-9407\" style=\"width: 499px\" class=\"wp-caption aligncenter\"><a href=\"http:\/\/projetocineb.com.br\/wp-content\/uploads\/2016\/11\/DSC_00403.jpg\"><img decoding=\"async\" class=\" wp-image-9407 \" title=\"DSC_0040\" src=\"http:\/\/projetocineb.com.br\/wp-content\/uploads\/2016\/11\/DSC_00403.jpg\" alt=\"\" width=\"499\" height=\"331\" \/><\/a><figcaption id=\"caption-attachment-9407\" class=\"wp-caption-text\">Adriele Meirelles e fam\u00edlia n\u00e3o perdem uma sess\u00e3o do Cine B.<\/figcaption><\/figure>\n<p>As mais de 200 pessoas foram chegando aos poucos ao sal\u00e3o, que fica em um jardim ao lado da par\u00f3quia. Por volta das 20 horas, pouco antes da abertura oficial da sess\u00e3o, j\u00e1 n\u00e3o havia lugares para o p\u00fablico sentar. Segundo o padre Dimas Martins Carvalho \u00e9 o quinto ano que o projeto realizado pelo Sindicato dos Banc\u00e1rios de S\u00e3o Paulo, Osasco e regi\u00e3o e produzido pela Brazucah Produ\u00e7\u00f5es vai ao Santu\u00e1rio. \u201cAs pessoas aqui n\u00e3o t\u00eam acesso ao cinema, seja pela dist\u00e2ncia, seja pela quest\u00e3o financeira, pois o custo do cinema comercial n\u00e3o fica somente no t\u00edquete de entrada. Ent\u00e3o \u00e9 uma maravilha ter o cinema aqui. S\u00e3o hist\u00f3rias brasileiras [&#8230;] hist\u00f3rias nossas. Ent\u00e3o \u00e9 uma alegria a gente poder se reunir para poder acompanhar essas hist\u00f3rias\u201d, avalia.<\/p>\n<p>&nbsp;<\/p>\n<p>Al\u00e9m das sess\u00f5es do Cine B, o Santu\u00e1rio tamb\u00e9m recebeu o projeto Cine Comunidade, que foi uma iniciativa da Brazucah Produ\u00e7\u00f5es, financiada por emenda do ex-deputado estadual Luiz Claudio Marcolino.<\/p>\n<p>Sess\u00e3o cheia, o p\u00fablico acompanhou atento toda a sess\u00e3o e n\u00e3o arredou p\u00e9, mesmo com quase duas horas de filme. No final, muitas pessoas felizes por participar da sess\u00e3o com pipoca de gra\u00e7a e ainda ter a sorte de levar um brinde para a casa, como foi o caso de Maria de Lurdes Santos Batista, moradora do bairro Savoy City e que estava pela primeira vez na sess\u00e3o. \u201cGostei muito. Deus d\u00ea muitos anos de vida para o trabalho que voc\u00eas fazem\u201d elogiou.<\/p>\n<p>O CINEB \u00e9 um circuito itinerante de cinema realizado pelo Sindicato dos Banc\u00e1rios de S\u00e3o Paulo, Osasco e Regi\u00e3o e pela Brazucah Produ\u00e7\u00f5es. Desde 2007, o j\u00e1 atingiu um p\u00fablico superior a 54 mil espectadores em mais de 400 sess\u00f5es gratuitas realizadas em comunidades e universidades de S\u00e3o Paulo. A iniciativa busca democratizar o acesso ao cinema nacional e divulgar os filmes produzidos no Brasil. J\u00e1 foram exibidos na tela do CINEB mais de 75 longas-metragens e 50 curtas-metragens, al\u00e9m da realiza\u00e7\u00e3o de pr\u00e9-estreias exclusivas.<\/p>\n","protected":false},"excerpt":{"rendered":"<p>O filme De Onde Eu Te vejo, que tem os atores Denise Fraga e Domingos Montagner no elenco, reuniu mais[&#8230;]<\/p>\n","protected":false},"author":2,"featured_media":9401,"comment_status":"open","ping_status":"open","sticky":false,"template":"","format":"standard","meta":[],"categories":[2],"tags":[],"_links":{"self":[{"href":"https:\/\/projetocineb.com.br\/index.php?rest_route=\/wp\/v2\/posts\/9400"}],"collection":[{"href":"https:\/\/projetocineb.com.br\/index.php?rest_route=\/wp\/v2\/posts"}],"about":[{"href":"https:\/\/projetocineb.com.br\/index.php?rest_route=\/wp\/v2\/types\/post"}],"author":[{"embeddable":true,"href":"https:\/\/projetocineb.com.br\/index.php?rest_route=\/wp\/v2\/users\/2"}],"replies":[{"embeddable":true,"href":"https:\/\/projetocineb.com.br\/index.php?rest_route=%2Fwp%2Fv2%2Fcomments&post=9400"}],"version-history":[{"count":0,"href":"https:\/\/projetocineb.com.br\/index.php?rest_route=\/wp\/v2\/posts\/9400\/revisions"}],"wp:featuredmedia":[{"embeddable":true,"href":"https:\/\/projetocineb.com.br\/index.php?rest_route=\/wp\/v2\/media\/9401"}],"wp:attachment":[{"href":"https:\/\/projetocineb.com.br\/index.php?rest_route=%2Fwp%2Fv2%2Fmedia&parent=9400"}],"wp:term":[{"taxonomy":"category","embeddable":true,"href":"https:\/\/projetocineb.com.br\/index.php?rest_route=%2Fwp%2Fv2%2Fcategories&post=9400"},{"taxonomy":"post_tag","embeddable":true,"href":"https:\/\/projetocineb.com.br\/index.php?rest_route=%2Fwp%2Fv2%2Ftags&post=9400"}],"curies":[{"name":"wp","href":"https:\/\/api.w.org\/{rel}","templated":true}]}}