{"id":9416,"date":"2016-12-05T10:52:21","date_gmt":"2016-12-05T12:52:21","guid":{"rendered":"http:\/\/projetocineb.com.br\/?p=9416"},"modified":"2016-12-05T10:52:21","modified_gmt":"2016-12-05T12:52:21","slug":"cinema-no-terraco","status":"publish","type":"post","link":"https:\/\/projetocineb.com.br\/?p=9416","title":{"rendered":"Cinema no terra\u00e7o"},"content":{"rendered":"<p>Texto e foto: <a href=\"https:\/\/uirapurunet.com\/\" target=\"_blank\">Carlos Rizzo<\/a><\/p>\n<p><em>O longa-metragem <\/em>De Onde Eu Te Vejo<em> protagonizado por Denise Fraga e Domingos Montagner foi exibido na \u00faltima quinta-feira (24\/11) no terra\u00e7o da Regional Osasco do Sindicato dos Banc\u00e1rios para mais de 100 pessoas. Contou com a presen\u00e7a dos dirigentes sindicais Daniel Reis e Taffarel.<\/em><\/p>\n<p>Na \u00faltima quinta-feira (24\/11), na Regional Osasco do Sindicato dos Banc\u00e1rios de S\u00e3o Paulo, Osasco e regi\u00e3o, aconteceu a sexta exibi\u00e7\u00e3o do longa-metragem <em>De Onde Eu Te Vejo<\/em>, no projeto Cine B. Protagonizado pelos atores Denise Fraga e Domingos Montagner e dirigido por Luis Villa\u00e7a, o filme tem feito muito sucesso por onde passa, prendendo a aten\u00e7\u00e3o do p\u00fablico do in\u00edcio ao fim da sess\u00e3o. Conta a hist\u00f3ria de amor de um casal atrav\u00e9s de sua separa\u00e7\u00e3o. Em meio a uma S\u00e3o Paulo em constante mudan\u00e7a e efervesc\u00eancia cultural, Ana L\u00facia e F\u00e1bio se separam ap\u00f3s 20 anos de casamento e ele passa a viver no apartamento do outro lado da rua.<\/p>\n<figure id=\"attachment_9419\" aria-describedby=\"caption-attachment-9419\" style=\"width: 499px\" class=\"wp-caption aligncenter\"><a href=\"http:\/\/projetocineb.com.br\/wp-content\/uploads\/2016\/12\/DSC_0160.jpg\"><img fetchpriority=\"high\" decoding=\"async\" class=\" wp-image-9419 \" title=\"DSC_0160\" src=\"http:\/\/projetocineb.com.br\/wp-content\/uploads\/2016\/12\/DSC_0160.jpg\" alt=\"\" width=\"499\" height=\"331\" \/><\/a><figcaption id=\"caption-attachment-9419\" class=\"wp-caption-text\">Terra\u00e7o da Regional Osasco estava lotado<\/figcaption><\/figure>\n<p>A sess\u00e3o, que aconteceu pela primeira vez no terra\u00e7o da regional, no quarto andar do pr\u00e9dio que fica no centro de Osasco, contou com a participa\u00e7\u00e3o dos alunos do Ensino M\u00e9dio da Escola Estadual Jos\u00e9 Fortunatti, localizada pr\u00f3xima \u00e0 regional. Foi a terceira vez no ano que alunos da escola participaram de uma sess\u00e3o do Cine B. Ao todo, mais de 100 pessoas acompanharam a exibi\u00e7\u00e3o.<\/p>\n<figure id=\"attachment_9420\" aria-describedby=\"caption-attachment-9420\" style=\"width: 499px\" class=\"wp-caption aligncenter\"><a href=\"http:\/\/projetocineb.com.br\/wp-content\/uploads\/2016\/12\/DSC_0131.jpg\"><img decoding=\"async\" class=\" wp-image-9420 \" title=\"DSC_0131\" src=\"http:\/\/projetocineb.com.br\/wp-content\/uploads\/2016\/12\/DSC_0131.jpg\" alt=\"\" width=\"499\" height=\"331\" \/><\/a><figcaption id=\"caption-attachment-9420\" class=\"wp-caption-text\">As amigas Miriam, Mari, Tania e Eulina sempre frequentam atividades culturais na regi\u00e3o.<\/figcaption><\/figure>\n<p>Daniel Reis, diretor do Sindicato dos Banc\u00e1rios de S\u00e3o Paulo, Osasco e regi\u00e3o acha importante o Sindicato disponibilizar atividades culturais acess\u00edveis. \u201cH\u00e1 nove anos que o Cine B vem para Osasco, h\u00e1 nove anos que roda a periferia oferecendo cultura e diversidade\u201d, explica. Para ele, a rela\u00e7\u00e3o escola-sindicato \u00e9 fundamental. \u201cA gente pode mostrar o ponto de vista do Sindicato\u201d, finaliza.<\/p>\n<p style=\"text-align: center;\"><a href=\"http:\/\/projetocineb.com.br\/wp-content\/uploads\/2016\/12\/DSC_0161.jpg\"><img decoding=\"async\" class=\"aligncenter  wp-image-9421\" title=\"DSC_0161\" src=\"http:\/\/projetocineb.com.br\/wp-content\/uploads\/2016\/12\/DSC_0161.jpg\" alt=\"Alunos da EE Jos\u00e9 Fortunatti, que em 2016 esteve em tr\u00eas sess\u00f5es do Cine B.\" width=\"499\" height=\"331\" \/><\/a><\/p>\n<p>Para Denise da Silva Mendes, professora coordenadora pedag\u00f3gica do ensino m\u00e9dio da escola, o Cine B oferece uma oportunidade \u00fanica para os alunos. \u201c\u00c9 f\u00e1cil a gente encontrar um passeio, uma atividade para os alunos da manh\u00e3, agora no per\u00edodo noturno \u00e9 diferente. Proporcionar para eles um modo de sair da escola, vivenciar outras situa\u00e7\u00f5es, ver o que est\u00e1 acontecendo no mundo \u00e9 fundamental\u201d, conclui.<\/p>\n<figure id=\"attachment_9422\" aria-describedby=\"caption-attachment-9422\" style=\"width: 499px\" class=\"wp-caption aligncenter\"><a href=\"http:\/\/projetocineb.com.br\/wp-content\/uploads\/2016\/12\/DSC_0164.jpg\"><img loading=\"lazy\" decoding=\"async\" class=\" wp-image-9422 \" title=\"DSC_0164\" src=\"http:\/\/projetocineb.com.br\/wp-content\/uploads\/2016\/12\/DSC_0164.jpg\" alt=\"\" width=\"499\" height=\"331\" \/><\/a><figcaption id=\"caption-attachment-9422\" class=\"wp-caption-text\">Na abertura oficial da sess\u00e3o, Cid\u00e1lio Vieira Santos, coordenador do Cine B, Taffarel, diretor do Sindicato dos Banc\u00e1rios e da CUT, Denise da Silva Mendes, coordenadora pedag\u00f3gica da escola e Daniel Reis, tamb\u00e9m diretor do Sindicato.<\/figcaption><\/figure>\n<p>Mas nem s\u00f3 de alunos vive o projeto. Muito foram os que apareceram na sess\u00e3o porque receberam convite ou souberam pela m\u00eddia, como foi o caso das amigas, a cabelereira Mari de F\u00e1tima Feliz Oleg\u00e1rio, a empres\u00e1ria Tania Capelim, a enfermeira Eulina Souza Santos e a dona de casa Miriam Cristina Gasparini. Elas souberam da sess\u00e3o pelo Di\u00e1rio de Osasco e aproveitaram a noite agrad\u00e1vel para ver um filme brasileiro de gra\u00e7a.<\/p>\n<figure id=\"attachment_9423\" aria-describedby=\"caption-attachment-9423\" style=\"width: 499px\" class=\"wp-caption aligncenter\"><a href=\"http:\/\/projetocineb.com.br\/wp-content\/uploads\/2016\/12\/DSC_0139.jpg\"><img loading=\"lazy\" decoding=\"async\" class=\" wp-image-9423 \" title=\"DSC_0139\" src=\"http:\/\/projetocineb.com.br\/wp-content\/uploads\/2016\/12\/DSC_0139.jpg\" alt=\"\" width=\"499\" height=\"331\" \/><\/a><figcaption id=\"caption-attachment-9423\" class=\"wp-caption-text\">A banc\u00e1ria Maria da Penha Peixoto Gon\u00e7alves que acompanha o Cine B desde 2007 com o filho ca\u00e7ula Messias.<\/figcaption><\/figure>\n<p>O mesmo aconteceu com um grupo de militantes de movimentos sociais da regi\u00e3o. Joelson Pereira do Centro de Refer\u00eancia em Direitos Humanos, e Raquel Antonia Bertolai, Maria Novais e Maria Cabrini Grossi da Assembleia Popular Mutir\u00e3o por um Novo Brasil, ligado \u00e0 igreja cat\u00f3lica. Segundo Valdir Fernandes, Taffarel, diretor do Sindicato dos Banc\u00e1rios e da CUT S\u00e3o Paulo, a entidade acaba se tornando uma \u201crefer\u00eancia para a comunidade justamente porque conta com projetos como o Cine B\u201d, avalia.<\/p>\n<figure id=\"attachment_9424\" aria-describedby=\"caption-attachment-9424\" style=\"width: 499px\" class=\"wp-caption aligncenter\"><a href=\"http:\/\/projetocineb.com.br\/wp-content\/uploads\/2016\/12\/DSC_0137.jpg\"><img loading=\"lazy\" decoding=\"async\" class=\" wp-image-9424 \" title=\"DSC_0137\" src=\"http:\/\/projetocineb.com.br\/wp-content\/uploads\/2016\/12\/DSC_0137.jpg\" alt=\"\" width=\"499\" height=\"331\" \/><\/a><figcaption id=\"caption-attachment-9424\" class=\"wp-caption-text\">Joelson, Raquel, Maria Novais e Maria Cabrini, dos movimentos sociais da regi\u00e3o marcaram presen\u00e7a na sess\u00e3o.<\/figcaption><\/figure>\n<p>Maria da Penha Peixoto Gon\u00e7alves, banc\u00e1ria funcion\u00e1ria do Bradesco explica que desde 2007, quando assistiu al filme Tapete Vermelho, de Luiz Alberto Pereira acompanha as sess\u00f5es do Cine B na regional. Antes vinha com minha filha Jacqueline, que hoje est\u00e1 com 21 anos, fazendo faculdade. Hoje eu trago o Messias. \u00c9 bem legal, eu gosto do clima\u201d, comenta. O ca\u00e7ula da fam\u00edlia, com 7 anos, tamb\u00e9m gosta das sess\u00f5es e sempre ajuda a produ\u00e7\u00e3o no sorteio de brindes.<\/p>\n<figure id=\"attachment_9425\" aria-describedby=\"caption-attachment-9425\" style=\"width: 499px\" class=\"wp-caption aligncenter\"><a href=\"http:\/\/projetocineb.com.br\/wp-content\/uploads\/2016\/12\/DSC_0180.jpg\"><img loading=\"lazy\" decoding=\"async\" class=\" wp-image-9425 \" title=\"DSC_0180\" src=\"http:\/\/projetocineb.com.br\/wp-content\/uploads\/2016\/12\/DSC_0180.jpg\" alt=\"\" width=\"499\" height=\"331\" \/><\/a><figcaption id=\"caption-attachment-9425\" class=\"wp-caption-text\">Depois da sess\u00e3o, conversa com o p\u00fablico sobre o filme.<\/figcaption><\/figure>\n<p>J\u00e1 o casal J\u00f4 e M\u00e1rio, donos da loja de aqu\u00e1rio ao lado do Sindicato estavam pisando pela primeira vez na regional. Amantes de cinema elogiaram o espa\u00e7o e o projeto. \u201cN\u00e3o imaginava que voc\u00eas faziam isso. Foi uma oportunidade de conhecer o Sindicato\u201d, comentaram ao final.<\/p>\n<figure id=\"attachment_9426\" aria-describedby=\"caption-attachment-9426\" style=\"width: 499px\" class=\"wp-caption aligncenter\"><a href=\"http:\/\/projetocineb.com.br\/wp-content\/uploads\/2016\/12\/DSC_0152.jpg\"><img loading=\"lazy\" decoding=\"async\" class=\" wp-image-9426 \" title=\"DSC_0152\" src=\"http:\/\/projetocineb.com.br\/wp-content\/uploads\/2016\/12\/DSC_0152.jpg\" alt=\"\" width=\"499\" height=\"331\" \/><\/a><figcaption id=\"caption-attachment-9426\" class=\"wp-caption-text\">At\u00e9 a pr\u00f3xima sess\u00e3o!<\/figcaption><\/figure>\n<p>O CINEB \u00e9 um circuito itinerante de cinema realizado pelo Sindicato dos Banc\u00e1rios de S\u00e3o Paulo, Osasco e Regi\u00e3o e pela Brazucah Produ\u00e7\u00f5es. Desde 2007, o j\u00e1 atingiu um p\u00fablico superior a 54 mil espectadores em mais de 400 sess\u00f5es gratuitas realizadas em comunidades e universidades de S\u00e3o Paulo. A iniciativa busca democratizar o acesso ao cinema nacional e divulgar os filmes produzidos no Brasil. J\u00e1 foram exibidos na tela do CINEB mais de 75 longas-metragens e 50 curtas-metragens, al\u00e9m da realiza\u00e7\u00e3o de pr\u00e9-estreias exclusivas.<\/p>\n","protected":false},"excerpt":{"rendered":"<p>Texto e foto: Carlos Rizzo O longa-metragem De Onde Eu Te Vejo protagonizado por Denise Fraga e Domingos Montagner foi[&#8230;]<\/p>\n","protected":false},"author":2,"featured_media":9418,"comment_status":"open","ping_status":"open","sticky":false,"template":"","format":"standard","meta":[],"categories":[2],"tags":[167,237,252,372,382,409,433,762,1182],"_links":{"self":[{"href":"https:\/\/projetocineb.com.br\/index.php?rest_route=\/wp\/v2\/posts\/9416"}],"collection":[{"href":"https:\/\/projetocineb.com.br\/index.php?rest_route=\/wp\/v2\/posts"}],"about":[{"href":"https:\/\/projetocineb.com.br\/index.php?rest_route=\/wp\/v2\/types\/post"}],"author":[{"embeddable":true,"href":"https:\/\/projetocineb.com.br\/index.php?rest_route=\/wp\/v2\/users\/2"}],"replies":[{"embeddable":true,"href":"https:\/\/projetocineb.com.br\/index.php?rest_route=%2Fwp%2Fv2%2Fcomments&post=9416"}],"version-history":[{"count":0,"href":"https:\/\/projetocineb.com.br\/index.php?rest_route=\/wp\/v2\/posts\/9416\/revisions"}],"wp:featuredmedia":[{"embeddable":true,"href":"https:\/\/projetocineb.com.br\/index.php?rest_route=\/wp\/v2\/media\/9418"}],"wp:attachment":[{"href":"https:\/\/projetocineb.com.br\/index.php?rest_route=%2Fwp%2Fv2%2Fmedia&parent=9416"}],"wp:term":[{"taxonomy":"category","embeddable":true,"href":"https:\/\/projetocineb.com.br\/index.php?rest_route=%2Fwp%2Fv2%2Fcategories&post=9416"},{"taxonomy":"post_tag","embeddable":true,"href":"https:\/\/projetocineb.com.br\/index.php?rest_route=%2Fwp%2Fv2%2Ftags&post=9416"}],"curies":[{"name":"wp","href":"https:\/\/api.w.org\/{rel}","templated":true}]}}