{"id":9433,"date":"2016-12-06T21:44:18","date_gmt":"2016-12-06T23:44:18","guid":{"rendered":"http:\/\/projetocineb.com.br\/?p=9433"},"modified":"2016-12-06T21:44:18","modified_gmt":"2016-12-06T23:44:18","slug":"jardim-dabril-recebe-cine-b","status":"publish","type":"post","link":"https:\/\/projetocineb.com.br\/?p=9433","title":{"rendered":"Jardim D\u2019Abril recebe Cine B"},"content":{"rendered":"<p>Texto e Fotos: <a href=\"https:\/\/uirapurunet.com\/\" target=\"_blank\">Carlos Rizzo<\/a><\/p>\n<p><em>A EMEF Conde Luiz Eduardo Matarazzo, no Jardim D\u2019Abril, na Zona Oeste, recebeu, na \u00faltima sexta-feira, 25\/11, uma sess\u00e3o do Cine B com o filme <\/em>De Onde Eu Te Vejo<em>, do diretor Luiz Villa\u00e7a.<\/em><\/p>\n<p>Foi a primeira vez que o Cine B esteve no Jardim D\u2019Abril, na regi\u00e3o do Butant\u00e3, Zona Oeste de S\u00e3o Paulo. A sess\u00e3o aconteceu no p\u00e1tio da Escola Municipal de Ensino Fundamental (EMEF) Conde Luiz Eduardo Matarazzo, na \u00faltima quinta-feira (25\/11).<\/p>\n<figure id=\"attachment_9436\" aria-describedby=\"caption-attachment-9436\" style=\"width: 499px\" class=\"wp-caption aligncenter\"><a href=\"http:\/\/projetocineb.com.br\/wp-content\/uploads\/2016\/12\/DSC_0194.jpg\"><img fetchpriority=\"high\" decoding=\"async\" class=\" wp-image-9436 \" title=\"DSC_0194\" src=\"http:\/\/projetocineb.com.br\/wp-content\/uploads\/2016\/12\/DSC_0194.jpg\" alt=\"\" width=\"499\" height=\"331\" \/><\/a><figcaption id=\"caption-attachment-9436\" class=\"wp-caption-text\">Tudo pronto para mais uma sess\u00e3o.<\/figcaption><\/figure>\n<figure id=\"attachment_9437\" aria-describedby=\"caption-attachment-9437\" style=\"width: 499px\" class=\"wp-caption aligncenter\"><a href=\"http:\/\/projetocineb.com.br\/wp-content\/uploads\/2016\/12\/DSC_0199.jpg\"><img decoding=\"async\" class=\" wp-image-9437 \" title=\"DSC_0199\" src=\"http:\/\/projetocineb.com.br\/wp-content\/uploads\/2016\/12\/DSC_0199.jpg\" alt=\"\" width=\"499\" height=\"331\" \/><\/a><figcaption id=\"caption-attachment-9437\" class=\"wp-caption-text\">A pipoca \u00e9 por nossa conta!<\/figcaption><\/figure>\n<p>Em cartaz, a \u00faltima exibi\u00e7\u00e3o do longa-metragem <em>De Onde Eu Te Vejo<\/em>. Durante o m\u00eas de novembro foram realizadas sete sess\u00f5es do filme, que reuniu mais de 700 pessoas. O longa \u00e9 protagonizado pelos atores Denise Fraga e Domingos Montagner e dirigido por Luis Villa\u00e7a. Conta a hist\u00f3ria de amor de um casal atrav\u00e9s de sua separa\u00e7\u00e3o. Em meio a uma S\u00e3o Paulo em constante mudan\u00e7a e efervesc\u00eancia cultural, Ana L\u00facia e F\u00e1bio se separam ap\u00f3s 20 anos de casamento e ele passa a viver no apartamento do outro lado da rua.<\/p>\n<figure id=\"attachment_9438\" aria-describedby=\"caption-attachment-9438\" style=\"width: 499px\" class=\"wp-caption aligncenter\"><a href=\"http:\/\/projetocineb.com.br\/wp-content\/uploads\/2016\/12\/DSC_0200.jpg\"><img decoding=\"async\" class=\" wp-image-9438 \" title=\"DSC_0200\" src=\"http:\/\/projetocineb.com.br\/wp-content\/uploads\/2016\/12\/DSC_0200.jpg\" alt=\"\" width=\"499\" height=\"331\" \/><\/a><figcaption id=\"caption-attachment-9438\" class=\"wp-caption-text\">Muitas fam\u00edlias presentes...<\/figcaption><\/figure>\n<figure id=\"attachment_9439\" aria-describedby=\"caption-attachment-9439\" style=\"width: 499px\" class=\"wp-caption aligncenter\"><a href=\"http:\/\/projetocineb.com.br\/wp-content\/uploads\/2016\/12\/DSC_0213.jpg\"><img loading=\"lazy\" decoding=\"async\" class=\" wp-image-9439 \" title=\"DSC_0213\" src=\"http:\/\/projetocineb.com.br\/wp-content\/uploads\/2016\/12\/DSC_0213.jpg\" alt=\"\" width=\"499\" height=\"331\" \/><\/a><figcaption id=\"caption-attachment-9439\" class=\"wp-caption-text\">...e alunas da EMEF.<\/figcaption><\/figure>\n<p>A sess\u00e3o no Jardim D\u2019Abril teve um sabor especial, j\u00e1 que Seu Antonio, pipoqueiro do projeto h\u00e1 oito anos, foi um dos organizadores do evento. Morador do Parque dos Pr\u00edncipes, bairro ao lado da escola, Seu Antonio mobilizou a comunidade do entorno e comerciantes que doaram brindes para a sess\u00e3o. Contou apoio de Fidelis no preparo.<\/p>\n<figure id=\"attachment_9440\" aria-describedby=\"caption-attachment-9440\" style=\"width: 499px\" class=\"wp-caption aligncenter\"><a href=\"http:\/\/projetocineb.com.br\/wp-content\/uploads\/2016\/12\/DSC_0223.jpg\"><img loading=\"lazy\" decoding=\"async\" class=\" wp-image-9440 \" title=\"DSC_0223\" src=\"http:\/\/projetocineb.com.br\/wp-content\/uploads\/2016\/12\/DSC_0223.jpg\" alt=\"\" width=\"499\" height=\"331\" \/><\/a><figcaption id=\"caption-attachment-9440\" class=\"wp-caption-text\">Na abertura oficial, o pipoqueiro seu Antonio, professores, a diretora da EMEF Luana Traldi e o coordenador do Cine B Cid\u00e1lio Vieira Santos.<\/figcaption><\/figure>\n<p>Luana do Carmo Gomes Traldi, diretora da EMEF que atende alunos do ensino fundamental e da Educa\u00e7\u00e3o de Jovens e Adultos (EJA), explica que desde o in\u00edcio gostou da ideia de exibir um filme brasileiro. \u201c\u00c9 importante principalmente nas comunidades carentes, porque o mais preocupante n\u00e3o \u00e9 a car\u00eancia financeira, mas a car\u00eancia cultural, que interfere na vida de qualquer pessoa\u201d, explica.<\/p>\n<figure id=\"attachment_9441\" aria-describedby=\"caption-attachment-9441\" style=\"width: 499px\" class=\"wp-caption aligncenter\"><a href=\"http:\/\/projetocineb.com.br\/wp-content\/uploads\/2016\/12\/DSC_0245.jpg\"><img loading=\"lazy\" decoding=\"async\" class=\" wp-image-9441 \" title=\"DSC_0245\" src=\"http:\/\/projetocineb.com.br\/wp-content\/uploads\/2016\/12\/DSC_0245.jpg\" alt=\"\" width=\"499\" height=\"331\" \/><\/a><figcaption id=\"caption-attachment-9441\" class=\"wp-caption-text\">Sorteio de brindes.<\/figcaption><\/figure>\n<p>Alan Fernando Nicolau Pereira, professor de m\u00fasica da escola, conheceu o Cine B h\u00e1 cerca de um m\u00eas, quando assistiu ao filme <em>Aquarius<\/em>, na regional Paulista. Ele conta que para muitos que estavam na sess\u00e3o, foi a primeira oportunidade de ter contato com o cinema brasileiro. \u201cO positivo do projeto \u00e9 que ele \u00e9 totalmente gratuito. Toda a estrutura que voc\u00eas trazem transforma o espa\u00e7o numa verdadeira sess\u00e3o de cinema. Tem at\u00e9 pipoca\u201d, elogiou.<\/p>\n<figure id=\"attachment_9450\" aria-describedby=\"caption-attachment-9450\" style=\"width: 499px\" class=\"wp-caption aligncenter\"><a href=\"http:\/\/projetocineb.com.br\/wp-content\/uploads\/2016\/12\/DSC_02522.jpg\"><img loading=\"lazy\" decoding=\"async\" class=\" wp-image-9450 \" title=\"DSC_0252\" src=\"http:\/\/projetocineb.com.br\/wp-content\/uploads\/2016\/12\/DSC_02522.jpg\" alt=\"\" width=\"499\" height=\"331\" \/><\/a><figcaption id=\"caption-attachment-9450\" class=\"wp-caption-text\">Marry, aluna da EMEF: reciclagem dos saquinhos de pipoca.<\/figcaption><\/figure>\n<p>Com a casa cheia e as 150 cadeiras ocupadas, o longa foi exibido depois da abertura oficial. Maricy Vieira, acompanhada da filha Marry VieiraTeles, aluna da EMEF, gostaram muito do filme. Ao final da sess\u00e3o, Marry pegou v\u00e1rios saquinhos de pipoca para reciclar. \u201cVou montar uma torre\u201d, explicou.<\/p>\n<figure id=\"attachment_9443\" aria-describedby=\"caption-attachment-9443\" style=\"width: 499px\" class=\"wp-caption aligncenter\"><a href=\"http:\/\/projetocineb.com.br\/wp-content\/uploads\/2016\/12\/DSC_0238.jpg\"><img loading=\"lazy\" decoding=\"async\" class=\" wp-image-9443 \" title=\"DSC_0238\" src=\"http:\/\/projetocineb.com.br\/wp-content\/uploads\/2016\/12\/DSC_0238.jpg\" alt=\"\" width=\"499\" height=\"331\" \/><\/a><figcaption id=\"caption-attachment-9443\" class=\"wp-caption-text\">Seu Antonio com a esposa, Maria de Lurdes, o neto Alejandro e Cid\u00e1lio.<\/figcaption><\/figure>\n<p>Outro que estava satisfeito era Seu Antonio, que sorteou brindes como tr\u00eas sacos de milho para os sortudos fazerem uma sess\u00e3o em casa regado \u00e0 pipoca do Cine B. \u201cS\u00f3 n\u00e3o conto o segredo para elas ficarem t\u00e3o gostosas\u201d, sussurrou ao rep\u00f3rter. Tamb\u00e9m estavam presentes \u00e0 sess\u00e3o dona Maria de Lurdes, esposa de seu Antonio, que foi pela primeira vez numa sess\u00e3o do Cine B, acompanhado do neto Alejandro Fernando, de 5 anos. \u201cEle adora isso, para ele \u00e9 tudo\u201d, comentou Maria de Lurdes.<\/p>\n<figure id=\"attachment_9434\" aria-describedby=\"caption-attachment-9434\" style=\"width: 499px\" class=\"wp-caption aligncenter\"><a href=\"http:\/\/projetocineb.com.br\/wp-content\/uploads\/2016\/12\/DSC_0249.jpg\"><img loading=\"lazy\" decoding=\"async\" class=\" wp-image-9434 \" title=\"DSC_0249\" src=\"http:\/\/projetocineb.com.br\/wp-content\/uploads\/2016\/12\/DSC_0249.jpg\" alt=\"\" width=\"499\" height=\"331\" \/><\/a><figcaption id=\"caption-attachment-9434\" class=\"wp-caption-text\">At\u00e9 a pr\u00f3xima sess\u00e3o!<\/figcaption><\/figure>\n<p>O CINEB \u00e9 um circuito itinerante de cinema realizado pelo Sindicato dos Banc\u00e1rios de S\u00e3o Paulo, Osasco e Regi\u00e3o e pela Brazucah Produ\u00e7\u00f5es. Desde 2007, o j\u00e1 atingiu um p\u00fablico superior a 54 mil espectadores em mais de 400 sess\u00f5es gratuitas realizadas em comunidades e universidades de S\u00e3o Paulo. A iniciativa busca democratizar o acesso ao cinema nacional e divulgar os filmes produzidos no Brasil. J\u00e1 foram exibidos na tela do CINEB mais de 75 longas-metragens e 50 curtas-metragens, al\u00e9m da realiza\u00e7\u00e3o de pr\u00e9-estreias exclusivas.<\/p>\n","protected":false},"excerpt":{"rendered":"<p>Texto e Fotos: Carlos Rizzo A EMEF Conde Luiz Eduardo Matarazzo, no Jardim D\u2019Abril, na Zona Oeste, recebeu, na \u00faltima[&#8230;]<\/p>\n","protected":false},"author":2,"featured_media":9435,"comment_status":"open","ping_status":"open","sticky":false,"template":"","format":"standard","meta":[],"categories":[2],"tags":[181,237,252,372,382,456,676,762,1182,1250],"_links":{"self":[{"href":"https:\/\/projetocineb.com.br\/index.php?rest_route=\/wp\/v2\/posts\/9433"}],"collection":[{"href":"https:\/\/projetocineb.com.br\/index.php?rest_route=\/wp\/v2\/posts"}],"about":[{"href":"https:\/\/projetocineb.com.br\/index.php?rest_route=\/wp\/v2\/types\/post"}],"author":[{"embeddable":true,"href":"https:\/\/projetocineb.com.br\/index.php?rest_route=\/wp\/v2\/users\/2"}],"replies":[{"embeddable":true,"href":"https:\/\/projetocineb.com.br\/index.php?rest_route=%2Fwp%2Fv2%2Fcomments&post=9433"}],"version-history":[{"count":0,"href":"https:\/\/projetocineb.com.br\/index.php?rest_route=\/wp\/v2\/posts\/9433\/revisions"}],"wp:featuredmedia":[{"embeddable":true,"href":"https:\/\/projetocineb.com.br\/index.php?rest_route=\/wp\/v2\/media\/9435"}],"wp:attachment":[{"href":"https:\/\/projetocineb.com.br\/index.php?rest_route=%2Fwp%2Fv2%2Fmedia&parent=9433"}],"wp:term":[{"taxonomy":"category","embeddable":true,"href":"https:\/\/projetocineb.com.br\/index.php?rest_route=%2Fwp%2Fv2%2Fcategories&post=9433"},{"taxonomy":"post_tag","embeddable":true,"href":"https:\/\/projetocineb.com.br\/index.php?rest_route=%2Fwp%2Fv2%2Ftags&post=9433"}],"curies":[{"name":"wp","href":"https:\/\/api.w.org\/{rel}","templated":true}]}}