{"id":944,"date":"2010-06-30T20:09:34","date_gmt":"2010-06-30T23:09:34","guid":{"rendered":"http:\/\/projetocineb.com.br\/?p=944"},"modified":"2010-06-30T20:09:34","modified_gmt":"2010-06-30T23:09:34","slug":"programacao-julho-e-agosto","status":"publish","type":"post","link":"https:\/\/projetocineb.com.br\/?p=944","title":{"rendered":"PROGRAMA\u00c7\u00c3O JULHO E AGOSTO"},"content":{"rendered":"<p>Ol\u00e1 pessoal, a nova programa\u00e7\u00e3o j\u00e1 est\u00e1 <span style=\"color: #ff6600;\">dispon\u00edvel aqui no blog<\/span>. Ser\u00e1 que visitaremos sua comunidade nestes pr\u00f3ximos meses?<\/p>\n<p>Para ver as informa\u00e7\u00f5es das pr\u00f3ximas exibi\u00e7\u00f5es, <a href=\"http:\/\/projetocineb.com.br\/?page_id=464\" target=\"_blank\">clique aqui<\/a>, ou ent\u00e3o ali em cima, clique em Programa\u00e7\u00e3o.<\/p>\n<p>Nestes meses teremos boas <span style=\"color: #ff6600;\">com\u00e9dias, com o longa-metragem <\/span><em><span style=\"color: #ff6600;\">O casamento de Romeu e Julieta<\/span><\/em><span style=\"color: #ff6600;\"> e o internacionalmente premiado curta cearense <\/span><em><span style=\"color: #ff6600;\">O astista contra o caba do mal<\/span>.<\/em> N\u00e3o perca e reserve seu ingresso para a exibi\u00e7\u00e3o mais pr\u00f3xima de voc\u00ea!<\/p>\n","protected":false},"excerpt":{"rendered":"<p>Ol\u00e1 pessoal, a nova programa\u00e7\u00e3o j\u00e1 est\u00e1 dispon\u00edvel aqui no blog. Ser\u00e1 que visitaremos sua comunidade nestes pr\u00f3ximos meses? Para[&#8230;]<\/p>\n","protected":false},"author":2,"featured_media":0,"comment_status":"open","ping_status":"open","sticky":false,"template":"","format":"standard","meta":[],"categories":[7],"tags":[154,263,266,857,859,1003,1132],"_links":{"self":[{"href":"https:\/\/projetocineb.com.br\/index.php?rest_route=\/wp\/v2\/posts\/944"}],"collection":[{"href":"https:\/\/projetocineb.com.br\/index.php?rest_route=\/wp\/v2\/posts"}],"about":[{"href":"https:\/\/projetocineb.com.br\/index.php?rest_route=\/wp\/v2\/types\/post"}],"author":[{"embeddable":true,"href":"https:\/\/projetocineb.com.br\/index.php?rest_route=\/wp\/v2\/users\/2"}],"replies":[{"embeddable":true,"href":"https:\/\/projetocineb.com.br\/index.php?rest_route=%2Fwp%2Fv2%2Fcomments&post=944"}],"version-history":[{"count":0,"href":"https:\/\/projetocineb.com.br\/index.php?rest_route=\/wp\/v2\/posts\/944\/revisions"}],"wp:attachment":[{"href":"https:\/\/projetocineb.com.br\/index.php?rest_route=%2Fwp%2Fv2%2Fmedia&parent=944"}],"wp:term":[{"taxonomy":"category","embeddable":true,"href":"https:\/\/projetocineb.com.br\/index.php?rest_route=%2Fwp%2Fv2%2Fcategories&post=944"},{"taxonomy":"post_tag","embeddable":true,"href":"https:\/\/projetocineb.com.br\/index.php?rest_route=%2Fwp%2Fv2%2Ftags&post=944"}],"curies":[{"name":"wp","href":"https:\/\/api.w.org\/{rel}","templated":true}]}}