{"id":9468,"date":"2016-12-07T13:01:54","date_gmt":"2016-12-07T15:01:54","guid":{"rendered":"http:\/\/projetocineb.com.br\/?p=9468"},"modified":"2016-12-07T13:01:54","modified_gmt":"2016-12-07T15:01:54","slug":"cine-b-na-universidade","status":"publish","type":"post","link":"https:\/\/projetocineb.com.br\/?p=9468","title":{"rendered":"Cine B na Universidade"},"content":{"rendered":"<p>Texto e Fotos: <a href=\"https:\/\/uirapurunet.com\/\" target=\"_blank\">Carlos Rizzo<\/a><\/p>\n<p><em>Cine B exibiu, na \u00faltima quinta-feira, (1\/12), curtas do 14\u00ba Festival Noia de Cinema Universit\u00e1rio na Unisantana, na Zona Norte de S\u00e3o Paulo.<\/em><\/p>\n<p>Antes que termine o ano letivo, o Cine B aproveitou a oportunidade e foi, na \u00faltima quinta-feira (1\/12), at\u00e9 a Unisantana, uma das mais tradicionais faculdades de S\u00e3o Paulo, localizada pr\u00f3ximo \u00e0 rodovi\u00e1ria do Tiet\u00ea, na Zona Norte de S\u00e3o Paulo, para mais uma exibi\u00e7\u00e3o de cinema brasileiro.<\/p>\n<figure id=\"attachment_9471\" aria-describedby=\"caption-attachment-9471\" style=\"width: 499px\" class=\"wp-caption aligncenter\"><a href=\"http:\/\/projetocineb.com.br\/wp-content\/uploads\/2016\/12\/DSC_0138.jpg\"><img fetchpriority=\"high\" decoding=\"async\" class=\" wp-image-9471 \" title=\"DSC_0138\" src=\"http:\/\/projetocineb.com.br\/wp-content\/uploads\/2016\/12\/DSC_0138.jpg\" alt=\"\" width=\"499\" height=\"331\" \/><\/a><figcaption id=\"caption-attachment-9471\" class=\"wp-caption-text\">Sess\u00e3o aconteceu no audit\u00f3rio da Universidade. E, claro, n\u00e3o poderia fatar a pipoca do Seu Antonio.<\/figcaption><\/figure>\n<p>A sess\u00e3o aconteceu durante a Jornada das Licenciaturas, uma semana de atividades organizadas pela universidade, destinada aos que est\u00e3o se formando como professores de hist\u00f3ria, geografia, pedagogia, educa\u00e7\u00e3o f\u00edsica, letras e matem\u00e1tica entre outros. Segundo o historiador e coordenador do curso de hist\u00f3ria da Unisantana, Eduardo Silveira Neto Nunes, um amigo em comum o apresentou ao coordenador do Cine B, Cid\u00e1lio Vieira Santos. \u201cAchei que poder\u00edamos fazer uma parceria. Quando, recentemente, organiz\u00e1vamos uma semana de reflex\u00f5es dentro da Jornada, pensando em discutir o Brasil contempor\u00e2neo, percebemos que o Cine B se encaixava na nossa proposta, pois traz muita produ\u00e7\u00e3o atual do cinema brasileiro, com um vi\u00e9s de reflex\u00e3o sobre o pa\u00eds. Foi a\u00ed que entramos em contato e deu tudo certo\u201d, comentou.<\/p>\n<figure id=\"attachment_9472\" aria-describedby=\"caption-attachment-9472\" style=\"width: 499px\" class=\"wp-caption aligncenter\"><a href=\"http:\/\/projetocineb.com.br\/wp-content\/uploads\/2016\/12\/DSC_01491.jpg\"><img decoding=\"async\" class=\" wp-image-9472 \" title=\"DSC_0149\" src=\"http:\/\/projetocineb.com.br\/wp-content\/uploads\/2016\/12\/DSC_01491.jpg\" alt=\"\" width=\"499\" height=\"331\" \/><\/a><figcaption id=\"caption-attachment-9472\" class=\"wp-caption-text\">Enquanto um grupo de alunos aguardava a sess\u00e3o, outro gravava cenas de um v\u00eddeo para exibi\u00e7\u00e3o durante Semana de Comunica\u00e7\u00e3o.<\/figcaption><\/figure>\n<p>Para o evento, o Cine B selecionou cinco curtas-metragens premiados pelo 14\u00ba Festival Noia de Cinema Universit\u00e1rio. O festival foi organizado inicialmente em 2002 pelos alunos de comunica\u00e7\u00e3o social da Universidade Federal do Cear\u00e1 (UFC) e j\u00e1 se tornou refer\u00eancia na produ\u00e7\u00e3o cinematogr\u00e1fica brasileira. A sess\u00e3o foi organizada no audit\u00f3rio da universidade, onde alunos dos cursos de produ\u00e7\u00e3o audiovisual e fotografia da institui\u00e7\u00e3o estavam rodando cenas do curta de a\u00e7\u00e3o <em>O Fim de um Sonho<\/em>, trabalho interdisciplinar que participar\u00e1 da Semana de Comunica\u00e7\u00e3o. Johnny Gon\u00e7alves, aluno de fotografia e um dos diretores do curta conta que a fita, de a\u00e7\u00e3o, conta a hist\u00f3ria de um psicopata.<\/p>\n<figure id=\"attachment_9473\" aria-describedby=\"caption-attachment-9473\" style=\"width: 499px\" class=\"wp-caption aligncenter\"><a href=\"http:\/\/projetocineb.com.br\/wp-content\/uploads\/2016\/12\/DSC_0190.jpg\"><img decoding=\"async\" class=\" wp-image-9473 \" title=\"DSC_0190\" src=\"http:\/\/projetocineb.com.br\/wp-content\/uploads\/2016\/12\/DSC_0190.jpg\" alt=\"\" width=\"499\" height=\"331\" \/><\/a><figcaption id=\"caption-attachment-9473\" class=\"wp-caption-text\">Alunas de licenciatura com o jornal Le Monde Diplomatique, que apoia o Cine B.<\/figcaption><\/figure>\n<p>Ap\u00f3s as grava\u00e7\u00f5es, teve in\u00edcio a sess\u00e3o. O primeiro curta a ser exibido foi <em>Vlado<\/em> (2015), de Felipe Mucci, que conta a hist\u00f3ria do \u00faltimo dia na vida do jornalista Vladimir Herzog. No ano de 1975 em S\u00e3o Paulo, Brasil, no contexto da ditadura militar brasileira. Desde quando ele descobre que seu amigo sumiu at\u00e9 o momento em que Vlado toma uma decis\u00e3o que mudaria para sempre o rumo de uma na\u00e7\u00e3o. Na sequ\u00eancia foi exibido <em>Verde Chorume<\/em> (2015), de Roberta Bonoldi que mostra sons e imagens abordando um dia de com\u00e9rcio numa rua popular do centro de S\u00e3o Paulo e termina num aterro n\u00e3o muito longe dali. Vendedores, carroceiros, consumidores e garis s\u00e3o alguns dos agentes da epopeia que acontece entre o consumo e o descarte. O curta <em>Muriel<\/em>, de Vanessa Cavalcante, o terceiro da sequ\u00eancia, conta a hist\u00f3ria de um personagem que nunca teve uma namorada. Ap\u00f3s ver uma chamada de um programa de TV, ele decide que est\u00e1 na hora da sua vida mudar, de arrumar uma namorada, e de n\u00e3o mais ser um fracasso.<\/p>\n<figure id=\"attachment_9474\" aria-describedby=\"caption-attachment-9474\" style=\"width: 499px\" class=\"wp-caption aligncenter\"><a href=\"http:\/\/projetocineb.com.br\/wp-content\/uploads\/2016\/12\/DSC_0172.jpg\"><img loading=\"lazy\" decoding=\"async\" class=\" wp-image-9474 \" title=\"DSC_0172\" src=\"http:\/\/projetocineb.com.br\/wp-content\/uploads\/2016\/12\/DSC_0172.jpg\" alt=\"\" width=\"499\" height=\"331\" \/><\/a><figcaption id=\"caption-attachment-9474\" class=\"wp-caption-text\">O coordenador do Cine B Cid\u00e1lio Vieira Santos e o professor coordenador do curso de hist\u00f3ria Eduardo Nunes na abertura oficial da sess\u00e3o.<\/figcaption><\/figure>\n<p><em>O Sil\u00eancio N\u00e3o Est\u00e1 Morto, Querida V\u00f3 Helena<\/em> (2015) de William Costa Lima, que apresenta a hist\u00f3ria da rela\u00e7\u00e3o entre Samanta, uma jovem estudante de arquitetura prestes a se formar, e sua av\u00f3 Helena, uma vendedora de antiguidades prestes a se aposentar, \u00e9 o tema central do m\u00e9dia. Diante de tamanha abund\u00e2ncia e acumula\u00e7\u00e3o de bens materiais, qual a import\u00e2ncia das rela\u00e7\u00f5es humanas. Por fim, <em>Fio-Terra<\/em> (2015) de Ian Capill\u00e9 apresenta Dora e David que se conhecem quando acordam na mesma cama e conta a hist\u00f3ria da rela\u00e7\u00e3o dos personagens utilizando imagens de smartphone, o principal meio de comunica\u00e7\u00e3o do casal.<\/p>\n<figure id=\"attachment_9475\" aria-describedby=\"caption-attachment-9475\" style=\"width: 499px\" class=\"wp-caption aligncenter\"><a href=\"http:\/\/projetocineb.com.br\/wp-content\/uploads\/2016\/12\/DSC_0184.jpg\"><img loading=\"lazy\" decoding=\"async\" class=\" wp-image-9475 \" title=\"DSC_0184\" src=\"http:\/\/projetocineb.com.br\/wp-content\/uploads\/2016\/12\/DSC_0184.jpg\" alt=\"\" width=\"499\" height=\"331\" \/><\/a><figcaption id=\"caption-attachment-9475\" class=\"wp-caption-text\">Coment\u00e1rio da professora Suzana Soz ap\u00f3s a exibi\u00e7\u00e3o dos curtas.<\/figcaption><\/figure>\n<p>Suzana Soz, coordenadora do curso de pedagogia elogiou o trabalho do Cine B. \u201cA maneira como voc\u00eas ambientam o espa\u00e7o, que voc\u00eas geram todo um clima de cinema \u00e9 muito bom. Achei sensacional o filme que trata do jornalista Herzog. A fotografia do filme, ilumina\u00e7\u00e3o, a m\u00fasica, o enredo, o personagem, tudo nos remete a mergulhar exatamente naquela \u00e9poca da ditadura militar&#8230; O filme conseguiu me levar para esse universo, sentir o que estava acontecendo naquele momento\u201d, comenta.<\/p>\n<figure id=\"attachment_9476\" aria-describedby=\"caption-attachment-9476\" style=\"width: 499px\" class=\"wp-caption aligncenter\"><a href=\"http:\/\/projetocineb.com.br\/wp-content\/uploads\/2016\/12\/DSC_01801.jpg\"><img loading=\"lazy\" decoding=\"async\" class=\" wp-image-9476 \" title=\"DSC_0180\" src=\"http:\/\/projetocineb.com.br\/wp-content\/uploads\/2016\/12\/DSC_01801.jpg\" alt=\"\" width=\"499\" height=\"331\" \/><\/a><figcaption id=\"caption-attachment-9476\" class=\"wp-caption-text\">A equipe de produ\u00e7\u00e3o do curta-metragem O fim de um sonho, ao lado dos cartaz do Cine B.<\/figcaption><\/figure>\n<p>A aluna de pedagogia Odilene Brito Ferrari \u00e9 f\u00e3 de cinema. Conta que gostou \u201cdaquele que a mo\u00e7a vai para Paris [Fio-Terra]. Eu tamb\u00e9m teria essa mente de sair do Brasil e n\u00e3o voltar. Para conhecer outras tradi\u00e7\u00f5es, outras culturas\u201d, finaliza.<\/p>\n<figure id=\"attachment_9470\" aria-describedby=\"caption-attachment-9470\" style=\"width: 499px\" class=\"wp-caption aligncenter\"><a href=\"http:\/\/projetocineb.com.br\/wp-content\/uploads\/2016\/12\/DSC_0176.jpg\"><img loading=\"lazy\" decoding=\"async\" class=\" wp-image-9470 \" title=\"DSC_0176\" src=\"http:\/\/projetocineb.com.br\/wp-content\/uploads\/2016\/12\/DSC_0176.jpg\" alt=\"\" width=\"499\" height=\"331\" \/><\/a><figcaption id=\"caption-attachment-9470\" class=\"wp-caption-text\">At\u00e9 a pr\u00f3xima sess\u00e3o!<\/figcaption><\/figure>\n<p>O CINEB \u00e9 um circuito itinerante de cinema realizado pelo Sindicato dos Banc\u00e1rios de S\u00e3o Paulo, Osasco e Regi\u00e3o e pela Brazucah Produ\u00e7\u00f5es. Desde 2007, o j\u00e1 atingiu um p\u00fablico superior a 54 mil espectadores em mais de 400 sess\u00f5es gratuitas realizadas em comunidades e universidades de S\u00e3o Paulo. A iniciativa busca democratizar o acesso ao cinema nacional e divulgar os filmes produzidos no Brasil. J\u00e1 foram exibidos na tela do CINEB mais de 75 longas-metragens e 50 curtas-metragens, al\u00e9m da realiza\u00e7\u00e3o de pr\u00e9-estreias exclusivas.<\/p>\n","protected":false},"excerpt":{"rendered":"<p>Texto e Fotos: Carlos Rizzo Cine B exibiu, na \u00faltima quinta-feira, (1\/12), curtas do 14\u00ba Festival Noia de Cinema Universit\u00e1rio[&#8230;]<\/p>\n","protected":false},"author":2,"featured_media":9469,"comment_status":"open","ping_status":"open","sticky":false,"template":"","format":"standard","meta":[],"categories":[2],"tags":[181,237,252,534,1182,1197],"_links":{"self":[{"href":"https:\/\/projetocineb.com.br\/index.php?rest_route=\/wp\/v2\/posts\/9468"}],"collection":[{"href":"https:\/\/projetocineb.com.br\/index.php?rest_route=\/wp\/v2\/posts"}],"about":[{"href":"https:\/\/projetocineb.com.br\/index.php?rest_route=\/wp\/v2\/types\/post"}],"author":[{"embeddable":true,"href":"https:\/\/projetocineb.com.br\/index.php?rest_route=\/wp\/v2\/users\/2"}],"replies":[{"embeddable":true,"href":"https:\/\/projetocineb.com.br\/index.php?rest_route=%2Fwp%2Fv2%2Fcomments&post=9468"}],"version-history":[{"count":0,"href":"https:\/\/projetocineb.com.br\/index.php?rest_route=\/wp\/v2\/posts\/9468\/revisions"}],"wp:featuredmedia":[{"embeddable":true,"href":"https:\/\/projetocineb.com.br\/index.php?rest_route=\/wp\/v2\/media\/9469"}],"wp:attachment":[{"href":"https:\/\/projetocineb.com.br\/index.php?rest_route=%2Fwp%2Fv2%2Fmedia&parent=9468"}],"wp:term":[{"taxonomy":"category","embeddable":true,"href":"https:\/\/projetocineb.com.br\/index.php?rest_route=%2Fwp%2Fv2%2Fcategories&post=9468"},{"taxonomy":"post_tag","embeddable":true,"href":"https:\/\/projetocineb.com.br\/index.php?rest_route=%2Fwp%2Fv2%2Ftags&post=9468"}],"curies":[{"name":"wp","href":"https:\/\/api.w.org\/{rel}","templated":true}]}}