{"id":9480,"date":"2016-12-07T13:17:37","date_gmt":"2016-12-07T15:17:37","guid":{"rendered":"http:\/\/projetocineb.com.br\/?p=9480"},"modified":"2016-12-07T13:17:37","modified_gmt":"2016-12-07T15:17:37","slug":"casa-cheia-mais-uma-vez","status":"publish","type":"post","link":"https:\/\/projetocineb.com.br\/?p=9480","title":{"rendered":"Casa cheia mais uma vez"},"content":{"rendered":"<p>Texto e fotos: <a href=\"https:\/\/uirapurunet.com\/\" target=\"_blank\">Carlos Rizzo<\/a><\/p>\n<p><em>Cine B retornou ao Sal\u00e3o da Par\u00f3quia Senhor dos Passos e Nossa Senhora das Dores, no Jardim Ip\u00ea, na Zona Sul de S\u00e3o Paulo, na \u00faltima sexta-feira (2\/12). Comunidade marcou presen\u00e7a em peso para acompanhar o longa-metragem Corda Bamba \u2013 Hist\u00f3ria de uma Menina Equilibrista, do diretor Eduardo Goldenstein.<\/em><\/p>\n<p>\u00c9 sempre gratificante retornar a uma sess\u00e3o que o Cine B foi pela primeira vez e reencontrar a casa cheia. Isso tem acontecido com frequ\u00eancia nos \u00faltimos nove anos do projeto. E dessa vez os moradores do Jardim Ip\u00ea, na Zona Sul de S\u00e3o Paulo, receberam, na \u00faltima sexta-feira (2\/12), no sal\u00e3o da Par\u00f3quia Senhor dos Passos e Nossa Senhora das Dores outra vez o projeto. Foram mais de 150 pessoas para acompanhar o novo filme em cartaz, <em>Corda Bamba \u2013 Hist\u00f3ria de uma Menina Equilibrista<\/em>, de Eduardo Goldenstein.<\/p>\n<figure id=\"attachment_9483\" aria-describedby=\"caption-attachment-9483\" style=\"width: 499px\" class=\"wp-caption aligncenter\"><a href=\"http:\/\/projetocineb.com.br\/wp-content\/uploads\/2016\/12\/DSC_0207.jpg\"><img fetchpriority=\"high\" decoding=\"async\" class=\" wp-image-9483 \" title=\"DSC_0207\" src=\"http:\/\/projetocineb.com.br\/wp-content\/uploads\/2016\/12\/DSC_0207.jpg\" alt=\"\" width=\"499\" height=\"331\" \/><\/a><figcaption id=\"caption-attachment-9483\" class=\"wp-caption-text\">As crian\u00e7as foram as primeiras a pegar a pipoca.<\/figcaption><\/figure>\n<p>O longa, inspirado no livro infantil de mesmo nome da escritora Lygia Bojunda Nunes, conta a hist\u00f3ria de Maria, uma menina de 10 anos que, por ser filha de pais equilibristas, foi criada no circo. Ap\u00f3s um tempo vivendo com os padrinhos, Foguinho e Barbuda, ela se muda para a cidade grande para morar com sua av\u00f3. Apesar de enfrentar dificuldades em se adaptar \u00e0 nova vida, ela aos poucos passa a se lembrar de um grande trauma do passado envolvendo seus pais.<\/p>\n<figure id=\"attachment_9484\" aria-describedby=\"caption-attachment-9484\" style=\"width: 499px\" class=\"wp-caption aligncenter\"><a href=\"http:\/\/projetocineb.com.br\/wp-content\/uploads\/2016\/12\/DSC_0216.jpg\"><img decoding=\"async\" class=\" wp-image-9484 \" title=\"DSC_0216\" src=\"http:\/\/projetocineb.com.br\/wp-content\/uploads\/2016\/12\/DSC_0216.jpg\" alt=\"\" width=\"499\" height=\"331\" \/><\/a><figcaption id=\"caption-attachment-9484\" class=\"wp-caption-text\">E o p\u00fablico chegando.<\/figcaption><\/figure>\n<p>Em poucos minutos o sal\u00e3o lotou. Segundo o p\u00e1roco Jo\u00e3o Bonif\u00e1cio, reflexo da sess\u00e3o que aconteceu em setembro, quando o Cine B exibiu <em>Gonzaga \u2013 De Pai para Filho<\/em>. \u201cFoi muito bacana naquela noite. O pessoal se divertiu, se aproximou bastante da comunidade, ficou interessado e pedindo mais. Ent\u00e3o fez muito bem para a vida de nossa comunidade. E n\u00f3s nos alegramos por voc\u00eas estarem aqui novamente\u201d, concluiu.<\/p>\n<figure id=\"attachment_9486\" aria-describedby=\"caption-attachment-9486\" style=\"width: 499px\" class=\"wp-caption aligncenter\"><a href=\"http:\/\/projetocineb.com.br\/wp-content\/uploads\/2016\/12\/DSC_0220.jpg\"><img decoding=\"async\" class=\" wp-image-9486 \" title=\"DSC_0220\" src=\"http:\/\/projetocineb.com.br\/wp-content\/uploads\/2016\/12\/DSC_0220.jpg\" alt=\"\" width=\"499\" height=\"331\" \/><\/a><figcaption id=\"caption-attachment-9486\" class=\"wp-caption-text\">O cadeirante Lucas acompanhado dos vizinhos.<\/figcaption><\/figure>\n<figure id=\"attachment_9487\" aria-describedby=\"caption-attachment-9487\" style=\"width: 499px\" class=\"wp-caption aligncenter\"><a href=\"http:\/\/projetocineb.com.br\/wp-content\/uploads\/2016\/12\/DSC_0278.jpg\"><img loading=\"lazy\" decoding=\"async\" class=\" wp-image-9487 \" title=\"DSC_0278\" src=\"http:\/\/projetocineb.com.br\/wp-content\/uploads\/2016\/12\/DSC_0278.jpg\" alt=\"\" width=\"499\" height=\"331\" \/><\/a><figcaption id=\"caption-attachment-9487\" class=\"wp-caption-text\">As irm\u00e3s Maria, dessa vez, juntas.<\/figcaption><\/figure>\n<p>A maioria dos presentes tamb\u00e9m estava na primeira sess\u00e3o. \u00c9 o caso de Maria Nilza, que aproveitou uma segunda oportunidade do Cine B na comunidade e convidou parentes e vizinhos. Ao todo eram dez pessoas que ocuparam a primeira fila, no gargarejo. Maria da Concei\u00e7\u00e3o Oliveira tamb\u00e9m estava l\u00e1 pela segunda vez e aproveitou para trazer a irm\u00e3, tamb\u00e9m Maria, mas de Oliveira. \u201cSomo em quatro marias\u201d, contou, depois de elogiar o filme e a pipoca distribu\u00edda antes do filme come\u00e7ar.<\/p>\n<figure id=\"attachment_9488\" aria-describedby=\"caption-attachment-9488\" style=\"width: 499px\" class=\"wp-caption aligncenter\"><a href=\"http:\/\/projetocineb.com.br\/wp-content\/uploads\/2016\/12\/DSC_0250.jpg\"><img loading=\"lazy\" decoding=\"async\" class=\" wp-image-9488 \" title=\"DSC_0250\" src=\"http:\/\/projetocineb.com.br\/wp-content\/uploads\/2016\/12\/DSC_0250.jpg\" alt=\"\" width=\"499\" height=\"331\" \/><\/a><figcaption id=\"caption-attachment-9488\" class=\"wp-caption-text\">O coordenador do Cine B Cid\u00e1lio Vieira Santos e os organizadores da sess\u00e3o na par\u00f3quia Ver\u00f4nica Barros e Odair Jos\u00e9.<\/figcaption><\/figure>\n<figure id=\"attachment_9491\" aria-describedby=\"caption-attachment-9491\" style=\"width: 499px\" class=\"wp-caption aligncenter\"><a href=\"http:\/\/projetocineb.com.br\/wp-content\/uploads\/2016\/12\/DSC_0228.jpg\"><img loading=\"lazy\" decoding=\"async\" class=\" wp-image-9491 \" title=\"DSC_0228\" src=\"http:\/\/projetocineb.com.br\/wp-content\/uploads\/2016\/12\/DSC_0228.jpg\" alt=\"\" width=\"499\" height=\"331\" \/><\/a><figcaption id=\"caption-attachment-9491\" class=\"wp-caption-text\">P\u00fablico com a fita, numerada, aguarda o sorteio de brindes.<\/figcaption><\/figure>\n<p>A atividade contou, ainda, com apoio e organiza\u00e7\u00e3o de tem Veronica Barros Medeiros Lima, professora do Movimento de Alfabetiza\u00e7\u00e3o (MOVA) na igreja e respons\u00e1vel pelos eventos da par\u00f3quia e Odair Jos\u00e9 Rocha Nascimento, designer gr\u00e1fico bastante atuante na par\u00f3quia.<\/p>\n<figure id=\"attachment_9485\" aria-describedby=\"caption-attachment-9485\" style=\"width: 499px\" class=\"wp-caption aligncenter\"><a href=\"http:\/\/projetocineb.com.br\/wp-content\/uploads\/2016\/12\/DSC_0232.jpg\"><img loading=\"lazy\" decoding=\"async\" class=\" wp-image-9485 \" title=\"DSC_0232\" src=\"http:\/\/projetocineb.com.br\/wp-content\/uploads\/2016\/12\/DSC_0232.jpg\" alt=\"\" width=\"499\" height=\"331\" \/><\/a><figcaption id=\"caption-attachment-9485\" class=\"wp-caption-text\">Camisetas sorteadas para o p\u00fablico presente.<\/figcaption><\/figure>\n<p>O CINEB \u00e9 um circuito itinerante de cinema realizado pelo Sindicato dos Banc\u00e1rios de S\u00e3o Paulo, Osasco e Regi\u00e3o e pela Brazucah Produ\u00e7\u00f5es. Desde 2007, o j\u00e1 atingiu um p\u00fablico superior a 54 mil espectadores em mais de 400 sess\u00f5es gratuitas realizadas em comunidades e universidades de S\u00e3o Paulo. A iniciativa busca democratizar o acesso ao cinema nacional e divulgar os filmes produzidos no Brasil. J\u00e1 foram exibidos na tela do CINEB mais de 75 longas-metragens e 50 curtas-metragens, al\u00e9m da realiza\u00e7\u00e3o de pr\u00e9-estreias exclusivas.<\/p>\n","protected":false},"excerpt":{"rendered":"<p>Texto e fotos: Carlos Rizzo Cine B retornou ao Sal\u00e3o da Par\u00f3quia Senhor dos Passos e Nossa Senhora das Dores,[&#8230;]<\/p>\n","protected":false},"author":2,"featured_media":9482,"comment_status":"open","ping_status":"open","sticky":false,"template":"","format":"standard","meta":[],"categories":[2],"tags":[181,237,252,686,938,1181,1182,1183],"_links":{"self":[{"href":"https:\/\/projetocineb.com.br\/index.php?rest_route=\/wp\/v2\/posts\/9480"}],"collection":[{"href":"https:\/\/projetocineb.com.br\/index.php?rest_route=\/wp\/v2\/posts"}],"about":[{"href":"https:\/\/projetocineb.com.br\/index.php?rest_route=\/wp\/v2\/types\/post"}],"author":[{"embeddable":true,"href":"https:\/\/projetocineb.com.br\/index.php?rest_route=\/wp\/v2\/users\/2"}],"replies":[{"embeddable":true,"href":"https:\/\/projetocineb.com.br\/index.php?rest_route=%2Fwp%2Fv2%2Fcomments&post=9480"}],"version-history":[{"count":0,"href":"https:\/\/projetocineb.com.br\/index.php?rest_route=\/wp\/v2\/posts\/9480\/revisions"}],"wp:featuredmedia":[{"embeddable":true,"href":"https:\/\/projetocineb.com.br\/index.php?rest_route=\/wp\/v2\/media\/9482"}],"wp:attachment":[{"href":"https:\/\/projetocineb.com.br\/index.php?rest_route=%2Fwp%2Fv2%2Fmedia&parent=9480"}],"wp:term":[{"taxonomy":"category","embeddable":true,"href":"https:\/\/projetocineb.com.br\/index.php?rest_route=%2Fwp%2Fv2%2Fcategories&post=9480"},{"taxonomy":"post_tag","embeddable":true,"href":"https:\/\/projetocineb.com.br\/index.php?rest_route=%2Fwp%2Fv2%2Ftags&post=9480"}],"curies":[{"name":"wp","href":"https:\/\/api.w.org\/{rel}","templated":true}]}}