{"id":949,"date":"2010-07-15T23:03:40","date_gmt":"2010-07-16T02:03:40","guid":{"rendered":"http:\/\/projetocineb.com.br\/?p=949"},"modified":"2010-07-15T23:03:40","modified_gmt":"2010-07-16T02:03:40","slug":"cineb-em-itaquaquecetuba-e-ferraz-de-vasconcelos","status":"publish","type":"post","link":"https:\/\/projetocineb.com.br\/?p=949","title":{"rendered":"CINEB EM ITAQUAQUECETUBA E FERRAZ DE VASCONCELOS"},"content":{"rendered":"<figure id=\"attachment_951\" aria-describedby=\"caption-attachment-951\" style=\"width: 229px\" class=\"wp-caption aligncenter\"><a href=\"http:\/\/projetocineb.com.br\/wp-content\/uploads\/2010\/07\/marcolino-cineb2.gif\"><img fetchpriority=\"high\" decoding=\"async\" class=\"size-full wp-image-951  \" title=\"Luiz Cl\u00e1udio Marcolino, idealizador do Cine B\" src=\"http:\/\/projetocineb.com.br\/wp-content\/uploads\/2010\/07\/marcolino-cineb2.gif\" alt=\"Luiz Cl\u00e1udio Marcolino, idealizador do Cine B\" width=\"229\" height=\"358\" \/><\/a><figcaption id=\"caption-attachment-951\" class=\"wp-caption-text\">Luiz Cl\u00e1udio Marcolino, idealizador do Cine B<\/figcaption><\/figure>\n<p><span style=\"color: #008000;\">Ao longo de tr\u00eas anos, cerca de 16 mil pessoas j\u00e1 participaram de mais de 130 exibi\u00e7\u00f5es em comunidades carentes nas\u00a0cidades de S\u00e3o Paulo, Osasco, Cotia,\u00a0 Santo Andr\u00e9, Tabo\u00e3o da Serra, Itapevi, Carapicuiba,\u00a0Jandira, Guarulhos,\u00a0Embu-Gua\u00e7u, Embu das\u00a0Artes, Francisco Morato\u00a0e Piracicaba<\/span>. Nesse m\u00eas de\u00a0<span style=\"color: #008000;\">julho, o Projeto vai visitar as cidades de Itaquaquecetuba, Ferraz de Vasconcelos, Ribeir\u00e3o Pires e Itapecerica da\u00a0 Serra, al\u00e9m dos bairros paulistanos de Santo Amaro, Vila Nova Cachoeirinha, Vila Leopoldina, Jardim Bras\u00edlia, Prestes Maia e Jardim Panamericano<\/span>. Ser\u00e3o exibidos o filme \u201cO Casamento de Romeu e Julieta\u201d, do diretor Bruno Barreto, com Luana Piovani e Marco Ricca, precedido pelo curta-metragem \u201cO Astista Contra o Caba do Mal\u201d, de Halder Gomes. Veja a programa\u00e7\u00e3o completa em\u00a0<a href=\"http:\/\/projetocineb.com.br\/?page_id=464\">http:\/\/projetocineb.com.br\/?page_id=464<\/a><\/p>\n<p>O cinema reflete a cultura de um povo. Ao ver sua gente, sua m\u00fasica, suas comidas e paisagens na tela grande, o espectador se identifica, se emociona, aprende e se diverte. Mas no Brasil, infelizmente, a maior parte das salas exibe quase que exclusivamente produ\u00e7\u00f5es estrangeiras, em geral norte-americanas. E pior, com os altos pre\u00e7os dos ingressos e o avan\u00e7o das grandes redes nos shoppings, uma parcela significativa da popula\u00e7\u00e3o jamais teve o prazer de assistir um filme nacional no cinema. Para mudar essa realidade, desde 2007 temos apoiado com o Sindicato dos Banc\u00e1rios de S\u00e3o Paulo, Osasco e Regi\u00e3o, o Projeto Cine B, que leva gratuitamente \u00e0s comunidades nas periferias das grandes cidades, toda a infra-estrutura que uma experi\u00eancia com a S\u00e9tima Arte merece. As <span style=\"color: #008000;\">sess\u00f5es, com tel\u00e3o, cadeiras, projetor, som, cartazes, ingressos e at\u00e9 pipoqueiro, acontecem em igrejas, centros comunit\u00e1rios e outros espa\u00e7os dispon\u00edveis, reunindo p\u00fablicos de at\u00e9 400 pessoas<\/span>.<\/p>\n<p><span style=\"color: #008000;\"><br \/>\n<\/span><\/p>\n<p>(<a href=\"http:\/\/www.luizclaudiomarcolino.com.br\/2010\/07\/cine-b-chega-a-itaquaquecetuba-e-ferraz-de-vasconcelos\/\" target=\"_blank\">Texto publicado originalmente no website de Luiz Cl\u00e1udio Marcolino<\/a>)<\/p>\n","protected":false},"excerpt":{"rendered":"<p>Ao longo de tr\u00eas anos, cerca de 16 mil pessoas j\u00e1 participaram de mais de 130 exibi\u00e7\u00f5es em comunidades carentes[&#8230;]<\/p>\n","protected":false},"author":2,"featured_media":0,"comment_status":"open","ping_status":"open","sticky":false,"template":"","format":"standard","meta":[],"categories":[10],"tags":[154,242,263,266,529,655,760,1132],"_links":{"self":[{"href":"https:\/\/projetocineb.com.br\/index.php?rest_route=\/wp\/v2\/posts\/949"}],"collection":[{"href":"https:\/\/projetocineb.com.br\/index.php?rest_route=\/wp\/v2\/posts"}],"about":[{"href":"https:\/\/projetocineb.com.br\/index.php?rest_route=\/wp\/v2\/types\/post"}],"author":[{"embeddable":true,"href":"https:\/\/projetocineb.com.br\/index.php?rest_route=\/wp\/v2\/users\/2"}],"replies":[{"embeddable":true,"href":"https:\/\/projetocineb.com.br\/index.php?rest_route=%2Fwp%2Fv2%2Fcomments&post=949"}],"version-history":[{"count":0,"href":"https:\/\/projetocineb.com.br\/index.php?rest_route=\/wp\/v2\/posts\/949\/revisions"}],"wp:attachment":[{"href":"https:\/\/projetocineb.com.br\/index.php?rest_route=%2Fwp%2Fv2%2Fmedia&parent=949"}],"wp:term":[{"taxonomy":"category","embeddable":true,"href":"https:\/\/projetocineb.com.br\/index.php?rest_route=%2Fwp%2Fv2%2Fcategories&post=949"},{"taxonomy":"post_tag","embeddable":true,"href":"https:\/\/projetocineb.com.br\/index.php?rest_route=%2Fwp%2Fv2%2Ftags&post=949"}],"curies":[{"name":"wp","href":"https:\/\/api.w.org\/{rel}","templated":true}]}}