{"id":9495,"date":"2016-12-10T17:56:51","date_gmt":"2016-12-10T19:56:51","guid":{"rendered":"http:\/\/projetocineb.com.br\/?p=9495"},"modified":"2016-12-10T17:56:51","modified_gmt":"2016-12-10T19:56:51","slug":"dia-13-tem-7o-premio-cine-b","status":"publish","type":"post","link":"https:\/\/projetocineb.com.br\/?p=9495","title":{"rendered":"Dia 13 tem 7\u00ba Pr\u00eamio Cine B"},"content":{"rendered":"<p>Texto: <a href=\"https:\/\/uirapurunet.com\/\" target=\"_blank\">Carlos Rizzo<\/a><\/p>\n<p><em>O grande evento anual do Cine<\/em><em>\u00a0<\/em><em>B <\/em><em>est\u00e1 <\/em><em>marcado para 13 de dezembro, ter\u00e7a-feira, \u00e0s 20h<\/em><em>, no Caf\u00e9 dos Banc\u00e1rios<\/em><em>. O ator Ailton Gra\u00e7a ser\u00e1 o mestre de cerim\u00f4nias e diversos diretores j\u00e1 confirmaram presen\u00e7<\/em><em>a<\/em><em>\u00a0como Tata Amaral, de <\/em>Trago Comigo<em>; Cec\u00edlia Engels, de <\/em>Apart Horta<em>; Leonardo Brant, de <\/em>Comer O Qu\u00ea<em>;<\/em><em>\u00a0\u00a0Cacau Rhoden, de <\/em>Tarja Branca<em>, <\/em><em>Victor Lopes de <\/em>Betinho\u00a0&#8211;\u00a0A Esperan\u00e7a Equilibrista<em>\u00a0e Kleber Mendon\u00e7a Filho, de <\/em>Aquarius<em>.<\/em><\/p>\n<p align=\"justify\">O CineB, circuito alternativo de cinema que leva gratuitamente filmes brasileiros para comunidades da periferia de S\u00e3o Paulo e Osasco com dif\u00edcil acesso aos equipamentos culturais e institui\u00e7\u00f5es de ensino\u00a0far\u00e1 nesta ter\u00e7a-feira, 13 de dezembro, a partir das 20h, a 7\u00aa edi\u00e7\u00e3o do Pr\u00eamio Cine B do Cinema Brasileiro, que visa reconhecer o trabalho \u00a0desenvolvido no projeto\u00a0em 2016. S\u00e3o premiados com o Trof\u00e9u Cine\u00a0B os filmes que integraram o circuito e as comunidades que receberam o cinema itinerante.<\/p>\n<p align=\"justify\">O Pr\u00eamio Cine\u00a0B do Cinema Brasileiro, criado em 2009,\u00a0ser\u00e1 realizado na Sede do Sindicato dos Banc\u00e1rios de S\u00e3o Paulo, Osasco e Regi\u00e3o (Caf\u00e9 dos Banc\u00e1rios), localizado na\u00a0rua S\u00e3o Bento, 413, Edif\u00edcio Martinelli e ter\u00e1 como de mestre de cerim\u00f4nias o ator Ailton Gra\u00e7a. Diversos diretores confirmaram presen\u00e7a\u00a0no evento, como Tata Amaral, Cec\u00edlia Engels, Leonardo Brant, Cacau Rhoden e Kleber Machado.<\/p>\n<p align=\"justify\">Entre os filmes premiados nesta edi\u00e7\u00e3o est\u00e3o <em>O Segredo dos Diamantes<\/em>, de Helv\u00e9cio Ratton; B<em>etinho &#8211; A Esperan\u00e7a Equilibrista<\/em>, de Victor Lopes; <em>Tudo o que Aprendemos Juntos<\/em><em>,<\/em>\u00a0de S\u00e9rgio Machado; <em>Chico<\/em><em>\u00a0<\/em><em>&#8211;<\/em><em>\u00a0<\/em><em>Artista Brasileiro<\/em><em>,<\/em>\u00a0de Miguel Faria Jr; <em>Trago Comigo<\/em>, de Tata Amaral; <em>Apart Horta<\/em>, de Cec\u00edlia Engels; <em>Gonzaga &#8211; de Pai para Filho<\/em>, de Breno Silveira; <em>M\u00e3e S\u00f3 H\u00e1 Uma<\/em><em>,<\/em>\u00a0de Anna Muylaert; <em>Comer O Qu\u00ea?<\/em>, de Leonardo Brant;<em>\u00a0Tarja Branca<\/em>, de Cacau Rhoden; <em>Aquarius<\/em>, de Kleber Mendon\u00e7a Filho; <em>De Onde Eu Te Vejo<\/em>, de Luiz Villa\u00e7a e <em>Corda Bamba<\/em><em>\u00a0&#8211; Hist\u00f3ria de uma Menina Equilibrista<\/em>, de Eduardo Goldenstein, al\u00e9m de v\u00e1rios curtas-metragens.<\/p>\n<p align=\"justify\">Desde 2007, foram realizadas cerca de 450 sess\u00f5es, exibindo em torno de 95 longas-metragens e 65 curtas-metragens. Mais de<strong>\u00a0<\/strong>220 comunidades e bairros de S\u00e3o Paulo, Osasco e Regi\u00e3o, al\u00e9m de 40<strong>\u00a0<\/strong>associa\u00e7\u00f5es j\u00e1 participaram do projeto, que foi assistido por cerca de 53 mil pessoas. S\u00f3 este ano, foram dez longas-metragens, em 45 sess\u00f5es, que reuniram cerca de seis mil pessoas. O CineB \u00e9 realizado pelo Sindicato dos Banc\u00e1rios de S\u00e3o Paulo, Osasco e regi\u00e3o e produzido pela Brazucah Produ\u00e7\u00f5es.<\/p>\n<p><strong>Veja a rela\u00e7\u00e3o dos longa-metragens premiados<\/strong><strong><\/strong><\/p>\n<p><strong><em>O Segredo dos Diamantes<\/em><\/strong>,<strong>\u00a0<\/strong>de Helv\u00e9cio Ratton;<\/p>\n<p><strong><em>Betinho<\/em><\/strong><strong><em>\u00a0&#8211;<\/em><\/strong><strong><em>\u00a0A Esperan\u00e7a Equilibrista<\/em><\/strong>,<strong>\u00a0<\/strong>de\u00a0 Victor Lopes;<\/p>\n<p><strong><em>Tudo o que Aprendemos Juntos<\/em><\/strong>, de<strong>\u00a0<\/strong>S\u00e9rgio Machado;<\/p>\n<p><strong><em>Chico <\/em><\/strong><strong><em>&#8211; <\/em><\/strong><strong><em>Artista Brasileiro<\/em><\/strong>, de<strong>\u00a0<\/strong>Miguel Faria Jr;<\/p>\n<p><strong><em>Trago Comigo<\/em><\/strong>, de Tat\u00e1 Amaral;<\/p>\n<p><strong><em>Apart Horta<\/em><\/strong>, de<strong>\u00a0<\/strong>Cecilia Engels;<\/p>\n<p><strong><em>M\u00e3e <\/em><\/strong><strong><em>S<\/em><\/strong><strong><em>\u00f3 H\u00e1 Uma<\/em><\/strong>, de<strong>\u00a0<\/strong>Anna Muylaert;<\/p>\n<p><strong><em>Gonzaga de Pai para Filho<\/em><\/strong>, de Breno Silveira;<\/p>\n<p><strong><em>Comer o Qu\u00ea<\/em><\/strong>, de<strong>\u00a0<\/strong>Leonardo Brant;<\/p>\n<p><strong><em>Aquarius, <\/em><\/strong><em>de<\/em>\u00a0Kleber Mendon\u00e7a Filho;<\/p>\n<p><strong><em>Tarja Branca<\/em><\/strong>, de<strong>\u00a0<\/strong>Cacau Rhoden;<\/p>\n<p><strong><em>De <\/em><\/strong><strong><em>O<\/em><\/strong><strong><em>nde <\/em><\/strong><strong><em>E<\/em><\/strong><strong><em>u <\/em><\/strong><strong><em>T<\/em><\/strong><strong><em>e Vejo<\/em><\/strong>, de<strong>\u00a0<\/strong>Luiz Villa\u00e7a; e<\/p>\n<p><strong><em>Corda Bamba<\/em><\/strong><strong><em>\u00a0&#8211; Hist\u00f3ria de uma Menina Equilibrista<\/em><\/strong><strong>, <\/strong>de<strong>\u00a0<\/strong>Eduardo Goldenstein.<\/p>\n<p>&nbsp;<\/p>\n<p><strong>Veja aqui a rela\u00e7\u00e3o dos curta-metragens premiados<\/strong><strong><\/strong><\/p>\n<p><strong><em>Meu <\/em><\/strong><strong><em>A<\/em><\/strong><strong><em>migo Nietzsche<\/em><\/strong>, de Fauston Silva;<\/p>\n<p><strong><em>Grafitti<\/em><\/strong>, de<strong>\u00a0<\/strong>Lilian Sol\u00e1 Santiago;<\/p>\n<p><strong><em>Annoni, de 30 Anos de Marcos<\/em><\/strong>, de<strong>\u00a0<\/strong>Thiago Koche;<\/p>\n<p><strong><em>A Casa do Mestre Andr\u00e9<\/em><\/strong>,\u00a0 de<strong>\u00a0<\/strong>Leo Sykes;<\/p>\n<p><strong><em>Grafitti Dan\u00e7a<\/em><\/strong>, de<strong>\u00a0<\/strong>Rodrigo Eba;<\/p>\n<p><strong><em>Bravura<\/em><\/strong>, de<strong>\u00a0<\/strong>Leonardo Minozzo;<\/p>\n<p><strong><em>Matadeira<\/em><\/strong>, de Jorge Furtado;<\/p>\n<p><strong>Abra\u00e7o da Mar\u00e9<\/strong>, de Victor Ciriaco;<\/p>\n<p><strong>O Muro \u00e9 o <\/strong><strong>M<\/strong><strong>eio<\/strong>, de Eudaldo Mon\u00e7\u00e3o Jr;<\/p>\n<p><strong>D\u00e1 Licen\u00e7a de Contar<\/strong>, de Pedro Soffer Serran;<\/p>\n<p><strong><em>Do Meu Lado<\/em><\/strong>, de<strong>\u00a0<\/strong>Tarc\u00edsio lara Puiati;<\/p>\n<p><strong><em>Vlado<\/em><\/strong>, de Felipe Mucci;<\/p>\n<p><strong><em>O Sil\u00eancio <\/em><\/strong><strong><em>N<\/em><\/strong><strong><em>\u00e3o <\/em><\/strong><strong><em>E<\/em><\/strong><strong><em>st\u00e1 <\/em><\/strong><strong><em>M<\/em><\/strong><strong><em>orto, Querida V\u00f3 Helena<\/em><\/strong>, de William Costa Lima;<\/p>\n<p><strong><em>Verde Chorume<\/em><\/strong>, de<strong>\u00a0<\/strong>Roberta Bonoldi;<\/p>\n<p><strong><em>Muriel<\/em><\/strong>; de<strong>\u00a0<\/strong>Vanessa Cavalcante, e<\/p>\n<p><strong><em>Fio Terra<\/em><\/strong><strong>; <\/strong>de Ian Capill\u00e9<\/p>\n<p><strong>Veja as entidades agraciadas com o Pr\u00eamio Cineb 2016:<\/strong><strong><\/strong><\/p>\n<p><strong>Na cidade de S\u00e3o Paulo<\/strong><strong><\/strong><\/p>\n<p><strong>Regi\u00e3o Norte<\/strong><strong><\/strong><\/p>\n<p>Par\u00f3quia Natividade do Senhor<\/p>\n<p><strong>R<\/strong><strong>egi\u00e3o Sul<\/strong><strong><\/strong><\/p>\n<p>Par\u00f3quia Santos M\u00e1rtires, Escola Estadual Assis Chateaubriand, Escola Estadual Samuel Wainer, Caritas Diocesana de \u00a0Campo Limpo, Escola Estadual Dona Prisciliana Duarte de Almeida,\u00a0Biblioteca Comunit\u00e1ria Caminhos da Leitura, Escola Estadual\u00a0Herbert Baldus, Par\u00f3quia Senhor dos Passos e Nossa Senhora das Dores, Uni\u00e3o dos Moradores do Parque\u00a0 Cocaia, Escola Estadual Irm\u00e3 Charlita e AMAAF- Associa\u00e7\u00e3o de Moradores e Amigos da \u00c1gua Funda.<\/p>\n<p><strong>R<\/strong><strong>egi\u00e3o Leste<\/strong><strong><\/strong><\/p>\n<p>Associa\u00e7\u00e3o de Moradores de Vila Rica, Casa de Cultura do Itaim Paulista, PROCEDU &#8211; Projeto Cultural Educacional Novo Pantanal, Santu\u00e1rio Nossa Senhora da Paz, ONG Juntos e NCI Jos\u00e9 Bonif\u00e1cio.<\/p>\n<p><strong>Regi\u00e3o Oeste<\/strong><strong><\/strong><\/p>\n<p>Instituto Pared\u00e3o<em>, <\/em>Escola Estadual Jo\u00e3o XXIII, Par\u00f3quia Nossa Senhora \u00a0de Lourdes, Par\u00f3quia Nossa Senhora Aparecida, Par\u00f3quia S\u00e3o Jos\u00e9 do Jaguar\u00e9, Escola Municipal de Educa\u00e7\u00e3o Fundamental General Alvaro Silva Braga\u00a0e Escola Municipal de Educa\u00e7\u00e3o Fundamental\u00a0Conde Luiz Eduardo Matarazzo.<em>\u00a0<\/em><\/p>\n<p><strong>Regi\u00e3o Noroeste <\/strong><strong><\/strong><\/p>\n<p>Associa\u00e7\u00e3o Defesa da Cidadania<\/p>\n<p><strong>Na Grande S\u00e3o Paulo<\/strong><strong><\/strong><\/p>\n<p><strong>Cajamar<\/strong><strong><\/strong><\/p>\n<p>Associa\u00e7\u00e3o Sonhos Dourados<\/p>\n<p><strong>Itapecerica da Serra<\/strong><strong><\/strong><\/p>\n<p>Par\u00f3quia Maria M\u00e3e dos Caminhantes<strong><em>\u00a0\u00a0\u00a0\u00a0 <\/em><\/strong><strong><em><\/em><\/strong><\/p>\n<p><strong>Osasco<\/strong><strong><\/strong><\/p>\n<p>Escola Professor Jos\u00e9 Liberatti<\/p>\n<p><strong>\u00a0<\/strong><\/p>\n<p><strong>Universidades agraciadas como o Pr\u00eamio CineB 2016.<\/strong><strong><\/strong><\/p>\n<p>Universidade Anhanguera \u2013 Vila Mariana;<\/p>\n<p>FIAM FAAM \u2013 Ana Rosa;<\/p>\n<p>FIAM FAAM Morumbi,<\/p>\n<p>Unisa\u00a0Santo Amaro; e<\/p>\n<p>Unisantana.<\/p>\n<p align=\"justify\"><strong>C<\/strong><strong>onvidados <\/strong><strong>\u00a0que conf<\/strong><strong>irma<\/strong><strong>ram presen\u00e7a<\/strong><strong>:<\/strong><strong><\/strong><\/p>\n<p>Eduardo Silva,\u00a0personagem do filme <em>Apart Horta<\/em><em>;<\/em><\/p>\n<p>Sidney Santiago, personagem do filme <em>Apart Horta<\/em>\u00a0e ator da novela <em>Escrava M\u00e3e <\/em>(Record);<em><\/em><\/p>\n<p>Chico Neto,\u00a0personagem do filme <em>O Segredo dos Diamantes<\/em><em>;<\/em><\/p>\n<p>Nil Marcondes, ator da novela <em>E<\/em><em>scrava M\u00e3e<\/em>\u00a0(Record);<\/p>\n<p>Daniel Botelho,\u00a0personagem do filme <em>M\u00e3e s\u00f3 H\u00e1 Uma<\/em><em>;<\/em><\/p>\n<p>Marcos Ros\u00e1rio,\u00a0personagem da novela <em>I <\/em><em>L<\/em><em>ove Parais\u00f3polis<\/em>.<\/p>\n<p>Bruna Oliveira, Edisio Eduardo dos Santos, Kaique de Jesus, Elzio Vieira,\u00a0elenco do filme <em>Tudo que Aprendemos Juntos<\/em>.<\/p>\n","protected":false},"excerpt":{"rendered":"<p>Texto: Carlos Rizzo O grande evento anual do Cine\u00a0B est\u00e1 marcado para 13 de dezembro, ter\u00e7a-feira, \u00e0s 20h, no Caf\u00e9[&#8230;]<\/p>\n","protected":false},"author":2,"featured_media":9501,"comment_status":"open","ping_status":"open","sticky":false,"template":"","format":"standard","meta":[],"categories":[2],"tags":[23,252,988],"_links":{"self":[{"href":"https:\/\/projetocineb.com.br\/index.php?rest_route=\/wp\/v2\/posts\/9495"}],"collection":[{"href":"https:\/\/projetocineb.com.br\/index.php?rest_route=\/wp\/v2\/posts"}],"about":[{"href":"https:\/\/projetocineb.com.br\/index.php?rest_route=\/wp\/v2\/types\/post"}],"author":[{"embeddable":true,"href":"https:\/\/projetocineb.com.br\/index.php?rest_route=\/wp\/v2\/users\/2"}],"replies":[{"embeddable":true,"href":"https:\/\/projetocineb.com.br\/index.php?rest_route=%2Fwp%2Fv2%2Fcomments&post=9495"}],"version-history":[{"count":0,"href":"https:\/\/projetocineb.com.br\/index.php?rest_route=\/wp\/v2\/posts\/9495\/revisions"}],"wp:featuredmedia":[{"embeddable":true,"href":"https:\/\/projetocineb.com.br\/index.php?rest_route=\/wp\/v2\/media\/9501"}],"wp:attachment":[{"href":"https:\/\/projetocineb.com.br\/index.php?rest_route=%2Fwp%2Fv2%2Fmedia&parent=9495"}],"wp:term":[{"taxonomy":"category","embeddable":true,"href":"https:\/\/projetocineb.com.br\/index.php?rest_route=%2Fwp%2Fv2%2Fcategories&post=9495"},{"taxonomy":"post_tag","embeddable":true,"href":"https:\/\/projetocineb.com.br\/index.php?rest_route=%2Fwp%2Fv2%2Ftags&post=9495"}],"curies":[{"name":"wp","href":"https:\/\/api.w.org\/{rel}","templated":true}]}}