{"id":9514,"date":"2016-12-14T23:40:09","date_gmt":"2016-12-15T01:40:09","guid":{"rendered":"http:\/\/projetocineb.com.br\/?p=9514"},"modified":"2016-12-14T23:40:09","modified_gmt":"2016-12-15T01:40:09","slug":"arte-e-uma-trincheira-de-resistencia","status":"publish","type":"post","link":"https:\/\/projetocineb.com.br\/?p=9514","title":{"rendered":"\u201cArte \u00e9 uma trincheira de resist\u00eancia\u201d"},"content":{"rendered":"<p>Texto: <a href=\"https:\/\/uirapurunet.com\/\" target=\"_blank\">Carlos Rizzo<\/a>. Fotos: Danilo Ramos<\/p>\n<p>O Cine B homenageou, na \u00faltima ter\u00e7a-feira, 13\/12, realizadores e comunidade no 7\u00ba Pr\u00eamio do CineB do Cinema Brasileiro. O ator A\u00edlton Gra\u00e7a foi o mestre de cerim\u00f4nias da premia\u00e7\u00e3o que contou com a presen\u00e7a dos cineastas Kleber Mendon\u00e7a Filho, Victor Lopes e Tata Amaral, entre outros. O tom da festa foi de cr\u00edtica aos retrocessos que o Pa\u00eds enfrenta e o fortalecimento da cultura como \u201ctrincheira de resist\u00eancia\u201d.<\/p>\n<figure id=\"attachment_9518\" aria-describedby=\"caption-attachment-9518\" style=\"width: 497px\" class=\"wp-caption aligncenter\"><a href=\"http:\/\/projetocineb.com.br\/wp-content\/uploads\/2016\/12\/IMG_7479.jpg\"><img fetchpriority=\"high\" decoding=\"async\" class=\" wp-image-9518 \" title=\"IMG_7479\" src=\"http:\/\/projetocineb.com.br\/wp-content\/uploads\/2016\/12\/IMG_7479.jpg\" alt=\"\" width=\"497\" height=\"331\" \/><\/a><figcaption id=\"caption-attachment-9518\" class=\"wp-caption-text\">Os trof\u00e9us, confeccionados especialmente para a ocasi\u00e3o.<\/figcaption><\/figure>\n<p>Foi uma noite de gala, com direito a tapete vermelho, muita festa e a presen\u00e7a de grandes nomes do cinema nacional. O Caf\u00e9 dos Banc\u00e1rios foi pequeno para receber, na \u00faltima ter\u00e7a-feira, 13\/12, tantos convidados entre diretores, produtores e atores dos longas e curtas exibidos durante toda a temporada do Cine B, e dos representantes das comunidades e universidades parceiras do projeto. Todos foram premiados com um belo trof\u00e9u produzido exclusivamente para a ocasi\u00e3o.<\/p>\n<figure id=\"attachment_9519\" aria-describedby=\"caption-attachment-9519\" style=\"width: 441px\" class=\"wp-caption aligncenter\"><a href=\"http:\/\/projetocineb.com.br\/wp-content\/uploads\/2016\/12\/Montagem.jpg\"><img decoding=\"async\" class=\" wp-image-9519     \" title=\"Montagem\" src=\"http:\/\/projetocineb.com.br\/wp-content\/uploads\/2016\/12\/Montagem.jpg\" alt=\"\" width=\"441\" height=\"330\" \/><\/a><figcaption id=\"caption-attachment-9519\" class=\"wp-caption-text\">Na montagem: Kleber Mendon\u00e7a Filho, Cid\u00e1lio Vieira Santos com Daniel Botelho, Victor Lopes e Eduardo Silva.<\/figcaption><\/figure>\n<p>A festa foi conduzida pelo ator A\u00edlton Gra\u00e7a, que atuou em filmes como <em>Meu Tio Matou um Cara, Tapete Vermelho,<\/em><em>\u00a0Ver\u00f4nica e Sabotage<\/em>\u00a0todos exibidos no Cine B. Ele lembrou o papel fundamental da \u201carte como uma trincheira de resist\u00eancia cultural, de cidadania&#8230;a gente avan\u00e7ou muito e eu acho que vamos conseguir tirar esses caras da\u00ed [em refer\u00eancia ao governo Temer] eles est\u00e3o usurpando o poder, est\u00e3o surrupiando algo que n\u00e3o lhes pertence\u201d, comentou antes do in\u00edcio da cerim\u00f4nia.<\/p>\n<figure id=\"attachment_9522\" aria-describedby=\"caption-attachment-9522\" style=\"width: 466px\" class=\"wp-caption aligncenter\"><a href=\"http:\/\/projetocineb.com.br\/wp-content\/uploads\/2016\/12\/MOntagem_Comunidades2.jpg\"><img decoding=\"async\" class=\" wp-image-9522  \" title=\"MOntagem_Comunidades\" src=\"http:\/\/projetocineb.com.br\/wp-content\/uploads\/2016\/12\/MOntagem_Comunidades2.jpg\" alt=\"\" width=\"466\" height=\"309\" \/><\/a><figcaption id=\"caption-attachment-9522\" class=\"wp-caption-text\">Representantes das comunidades que receberam o Cine B em 2016.<\/figcaption><\/figure>\n<p>A abertura oficial do s\u00e9timo pr\u00eamio contou com a presen\u00e7a da secret\u00e1ria geral do Sindicato dos Banc\u00e1rios de S\u00e3o Paulo, Osasco e regi\u00e3o, Ivone Maria da Silva, do diretor de Cultura Marcelo Gon\u00e7alves, do presidente da CUT Nacional, Vagner Freitas, do ex-presidente do Sindicato e um dos idealizadores do projeto Cine B, Luiz Cl\u00e1udio Marcolino, pelo coordenador do projeto, Cid\u00e1lio Vieira Santos e pela diretora da Brazucah Produ\u00e7\u00f5es, Cinthya Alario. Todos lembraram o quanto o projeto \u00e9 importante para o fortalecimento da rela\u00e7\u00e3o entre o sindicato e sociedade. E o papel fundamental que a cultura t\u00eam na transforma\u00e7\u00e3o da sociedade brasileira, principalmente no processo de enfrentamento aos ataques que os direitos sociais e dos trabalhadores v\u00eam sofrendo pelo governo ileg\u00edtimo de Michel Temer. Para Ivone, com o Cine B o Sindicato \u201cconsegue levar uma luta maior\u201d, utilizando como ferramenta o cinema.<\/p>\n<figure id=\"attachment_9523\" aria-describedby=\"caption-attachment-9523\" style=\"width: 398px\" class=\"wp-caption aligncenter\"><a href=\"http:\/\/projetocineb.com.br\/wp-content\/uploads\/2016\/12\/IMG_7831.jpg\"><img loading=\"lazy\" decoding=\"async\" class=\" wp-image-9523  \" title=\"IMG_7831\" src=\"http:\/\/projetocineb.com.br\/wp-content\/uploads\/2016\/12\/IMG_7831.jpg\" alt=\"\" width=\"398\" height=\"265\" \/><\/a><figcaption id=\"caption-attachment-9523\" class=\"wp-caption-text\">Abertura oficial do pr\u00eamio, com a presen\u00e7a de Marcelo Gon\u00e7alves, Vagner Freitas, Ivone Maria da Silva, Luiz Carlos Marcolino e A\u00edlton Gra\u00e7a.<\/figcaption><\/figure>\n<figure id=\"attachment_9524\" aria-describedby=\"caption-attachment-9524\" style=\"width: 398px\" class=\"wp-caption aligncenter\"><a href=\"http:\/\/projetocineb.com.br\/wp-content\/uploads\/2016\/12\/IMG_8066.jpg\"><img loading=\"lazy\" decoding=\"async\" class=\" wp-image-9524  \" title=\"IMG_8066\" src=\"http:\/\/projetocineb.com.br\/wp-content\/uploads\/2016\/12\/IMG_8066.jpg\" alt=\"\" width=\"398\" height=\"265\" \/><\/a><figcaption id=\"caption-attachment-9524\" class=\"wp-caption-text\">A equipe de produ\u00e7\u00e3o do Cine B.<\/figcaption><\/figure>\n<p><strong>Pr\u00eamio<\/strong><strong><\/strong><\/p>\n<p>Compareceram \u00e0 premia\u00e7\u00e3o importantes cineastas como Kleber Mendon\u00e7a Filho, que recebeu o trof\u00e9u pelo aclamado <em>Aquarius,<\/em>\u00a0Tata Amaral, premiada por <em>Trago Comigo<\/em>, Victor Lopes, premiado por <em>Betinho &#8211; A Esperan\u00e7a Equilibrista<\/em>, Leonardo Brant agraciado por C<em>omer o Que? <\/em>Cec\u00edlia Engels, que levou a estatueta por <em>Apart Horta <\/em>e Cacau Rodhen premiado por <em>Tarja Branca<\/em>. O produtor Leonardo Barros da Conspira\u00e7\u00e3o Filmes recebeu o pr\u00eamio por <em>Gonzaga De Pai Para Filho<\/em>, a atriz Bruna Oliveira representou o cineasta S\u00e9rgio Machado de <em>Tudo que Aprendemos Juntos e<\/em>\u00a0Daniel Botelho recebeu o pr\u00eamio em nome de Anna Muylaert pelo filme <em>M\u00e3e S\u00f3 H\u00e1 Uma. <\/em>Tamb\u00e9m participaram da cerim\u00f4nia os atores Sidney Santiago e Eduardo Silva, de <em>Apart Horta<\/em>, e Nill Marcondes, al\u00e9m da premia\u00e7\u00e3o de diretores e atores de v\u00e1rios curta-metragens exibidos na temporada, como Rodrigo EBA!, diretor de <em>Graffiti Dan\u00e7a<\/em>, Fa\u00faston Silva diretor de <em>Meu Amigo Nietzsche<\/em>, Thiago Koche, diretor de <em>Annoni, 30 anos de Marcos<\/em>\u00a0e Roberta Bonoldi, diretora de <em>Verde Chorume<\/em>. Antes do in\u00edcio da premia\u00e7\u00e3o foi exibido um v\u00eddeo em homenagem ao ator Domingos Montagner, falecido em setembro, e que atuou em tr\u00eas filmes exibidos pelo Cine B em 2016: <em>Gonzaga de Pai para Filho<\/em>, <em>Tarja Branca<\/em> e <em>De Onde Eu Te Vejo<\/em>.<\/p>\n<figure id=\"attachment_9525\" aria-describedby=\"caption-attachment-9525\" style=\"width: 398px\" class=\"wp-caption aligncenter\"><a href=\"http:\/\/projetocineb.com.br\/wp-content\/uploads\/2016\/12\/Montagem-premiados.jpg\"><img loading=\"lazy\" decoding=\"async\" class=\" wp-image-9525  \" title=\"Montagem premiados\" src=\"http:\/\/projetocineb.com.br\/wp-content\/uploads\/2016\/12\/Montagem-premiados.jpg\" alt=\"\" width=\"398\" height=\"490\" \/><\/a><figcaption id=\"caption-attachment-9525\" class=\"wp-caption-text\">Produtores e diretores premiados.<\/figcaption><\/figure>\n<p>Para Kleber Mendon\u00e7a Filho, que veio de Recife para receber o pr\u00eamio, \u00e9 absolutamente essencial um projeto como o Cine B. \u201cCinema \u00e9 uma quest\u00e3o de classe. Os multiplex est\u00e3o nos centros de compras que tentam vender sempre uma ideia muito grande de exclus\u00e3o. Por isso eu sou a favor de todos os projetos que tentam democratizar o acesso ao cinema [&#8230;] e com <em>Aquarius <\/em>a gente apoiou todas essas iniciativas\u201d, explicou.<\/p>\n<figure id=\"attachment_9528\" aria-describedby=\"caption-attachment-9528\" style=\"width: 398px\" class=\"wp-caption aligncenter\"><a href=\"http:\/\/projetocineb.com.br\/wp-content\/uploads\/2016\/12\/Montagem-curtametragens-premiados.jpg\"><img loading=\"lazy\" decoding=\"async\" class=\" wp-image-9528  \" title=\"Montagem curtametragens premiados\" src=\"http:\/\/projetocineb.com.br\/wp-content\/uploads\/2016\/12\/Montagem-curtametragens-premiados.jpg\" alt=\"\" width=\"398\" height=\"490\" \/><\/a><figcaption id=\"caption-attachment-9528\" class=\"wp-caption-text\">Diretores do Sindicato dos Banc\u00e1rios entregam a premia\u00e7\u00e3o aos curta-metragens.<\/figcaption><\/figure>\n<p>Por parte da comunidade, estavam representadas mais de 30 entidades, associa\u00e7\u00f5es, ONGs, escolas, par\u00f3quias e universidades que abriram seus espa\u00e7os para que o Cine B pudesse levar toda a estrutura para transformar cada espa\u00e7o em uma sala de cinema. Para Maria Madalena Figueiredo, do Jardim Fontalis, o projeto \u00e9 \u201cimportante por conta da falta de oferta de atividades culturais na Zona Norte\u201d, explicou.<\/p>\n<figure id=\"attachment_9534\" aria-describedby=\"caption-attachment-9534\" style=\"width: 398px\" class=\"wp-caption aligncenter\"><a href=\"http:\/\/projetocineb.com.br\/wp-content\/uploads\/2016\/12\/Montagem-comunidades-premiadas1.jpg\"><img loading=\"lazy\" decoding=\"async\" class=\" wp-image-9534  \" title=\"Montagem comunidades premiadas\" src=\"http:\/\/projetocineb.com.br\/wp-content\/uploads\/2016\/12\/Montagem-comunidades-premiadas1.jpg\" alt=\"\" width=\"398\" height=\"490\" \/><\/a><figcaption id=\"caption-attachment-9534\" class=\"wp-caption-text\">Comunidades, escolas e universidades homenageadas.<\/figcaption><\/figure>\n<p>J\u00e1 para Daniela Bontempi, da Associa\u00e7\u00e3o dos Moradores de \u00c1gua Funda (AMAF), que acompanhou quatro sess\u00f5es do Cine B este ano, o projeto tem um car\u00e1ter que vai al\u00e9m simplesmente de uma sess\u00e3o. \u201cQuando foi feita a pergunta para a comunidade: quem j\u00e1 tinha ido ao cinema?, a gente se surpreende ao conhecer a quantidade de pessoas que nunca tinham ido antes numa sess\u00e3o. Ent\u00e3o pra gente \u00e9 emocionante participar desse hist\u00f3ria\u201d, elogia.<\/p>\n<figure id=\"attachment_9540\" aria-describedby=\"caption-attachment-9540\" style=\"width: 445px\" class=\"wp-caption aligncenter\"><a href=\"http:\/\/projetocineb.com.br\/wp-content\/uploads\/2016\/12\/DSC_0112.jpg\"><img loading=\"lazy\" decoding=\"async\" class=\" wp-image-9540  \" title=\"DSC_0112\" src=\"http:\/\/projetocineb.com.br\/wp-content\/uploads\/2016\/12\/DSC_0112.jpg\" alt=\"\" width=\"445\" height=\"298\" \/><\/a><figcaption id=\"caption-attachment-9540\" class=\"wp-caption-text\">Cid\u00e1lio (ao centro) com os atores Nill Marcondes e Sidney Santiago que integram elenco da novela Escrava-M\u00e3e da Rede Record.<\/figcaption><\/figure>\n<figure id=\"attachment_9526\" aria-describedby=\"caption-attachment-9526\" style=\"width: 464px\" class=\"wp-caption aligncenter\"><a href=\"http:\/\/projetocineb.com.br\/wp-content\/uploads\/2016\/12\/IMG_8354.jpg\"><img loading=\"lazy\" decoding=\"async\" class=\" wp-image-9526  \" title=\"IMG_8354\" src=\"http:\/\/projetocineb.com.br\/wp-content\/uploads\/2016\/12\/IMG_8354.jpg\" alt=\"\" width=\"464\" height=\"309\" \/><\/a><figcaption id=\"caption-attachment-9526\" class=\"wp-caption-text\">At\u00e9 o pr\u00f3ximo Pr\u00eamio Cine B do Cinema Brasileiro!<\/figcaption><\/figure>\n<p>Para o coordenador do CineB, Cid\u00e1lio Viera Santos, o pr\u00eamio Cine B vem se consolidando entre os produtores de cinema. \u201cNeste ano tivemos a presen\u00e7a de diretores e atores importantes, que apoiam e apostam nos projetos de democratiza\u00e7\u00e3o do cinema brasileiro\u201d, comenta. Marcelo Gon\u00e7alves, diretor de Cultura do Sindicato lembra do papel das comunidades, presentes no pr\u00eamio. \u201cO objetivo do Cine B \u00e9 alcan\u00e7ar as comunidades. Apesar do ano dif\u00edcil que vivemos, eu vejo a esperan\u00e7a reunida aqui. De um lado, a cultura representada pelo cinema e a galera da periferia, que \u00e9 a nossa grande luta, a nossa esperan\u00e7a, que tem que vir para o centro e se fazer ouvida. Aqui no Cine B ela se faz ouvida\u201d, finaliza.<\/p>\n<p><strong>Conhe\u00e7a os longa-metragens homenageados no 7\u00ba Pr\u00eamio Cine B do Cinema Brasileiro.<\/strong><\/p>\n<p><strong><em>O Segredo dos Diamantes<\/em><\/strong>,<strong>\u00a0<\/strong>de Helv\u00e9cio Ratton;<\/p>\n<p><strong><em>Betinho<\/em><\/strong><strong><em>\u00a0&#8211;<\/em><\/strong><strong><em>\u00a0A Esperan\u00e7a Equilibrista<\/em><\/strong>,<strong>\u00a0<\/strong>de\u00a0 Victor Lopes;<\/p>\n<p><strong><em>Tudo o que Aprendemos Juntos<\/em><\/strong>, de<strong>\u00a0<\/strong>S\u00e9rgio Machado;<\/p>\n<p><strong><em>Chico\u00a0<\/em><\/strong><strong><em>&#8211;\u00a0<\/em><\/strong><strong><em>Artista Brasileiro<\/em><\/strong>, de<strong>\u00a0<\/strong>Miguel Faria Jr;<\/p>\n<p><strong><em>Trago Comigo<\/em><\/strong>, de Tat\u00e1 Amaral;<\/p>\n<p><strong><em>Apart Horta<\/em><\/strong>, de<strong>\u00a0<\/strong>Cecilia Engels;<\/p>\n<p><strong><em>M\u00e3e\u00a0<\/em><\/strong><strong><em>S<\/em><\/strong><strong><em>\u00f3 H\u00e1 Uma<\/em><\/strong>, de<strong>\u00a0<\/strong>Anna Muylaert;<\/p>\n<p><strong><em>Gonzaga de Pai para Filho<\/em><\/strong>, de Breno Silveira;<\/p>\n<p><strong><em>Comer o Qu\u00ea<\/em><\/strong>, de<strong>\u00a0<\/strong>Leonardo Brant;<\/p>\n<p><strong><em>Aquarius,\u00a0<\/em><\/strong><em>de<\/em>\u00a0Kleber Mendon\u00e7a Filho;<\/p>\n<p><strong><em>Tarja Branca<\/em><\/strong>, de<strong>\u00a0<\/strong>Cacau Rhoden;<\/p>\n<p><strong><em>De\u00a0<\/em><\/strong><strong><em>O<\/em><\/strong><strong><em>nde\u00a0<\/em><\/strong><strong><em>E<\/em><\/strong><strong><em>u\u00a0<\/em><\/strong><strong><em>T<\/em><\/strong><strong><em>e Vejo<\/em><\/strong>, de<strong>\u00a0<\/strong>Luiz Villa\u00e7a;<\/p>\n<p><strong><em>Corda Bamba<\/em><\/strong><strong><em>\u00a0&#8211; Hist\u00f3ria de uma Menina Equilibrista<\/em><\/strong><strong>,\u00a0<\/strong>de<strong>\u00a0<\/strong>Eduardo Goldenstein.<\/p>\n<p>&nbsp;<\/p>\n<p><strong>Conhe\u00e7a os curta-metragens premiados<\/strong><strong><\/strong><\/p>\n<p><strong><em>Meu\u00a0<\/em><\/strong><strong><em>A<\/em><\/strong><strong><em>migo Nietzsche<\/em><\/strong>, de Fauston Silva;<\/p>\n<p><strong><em>Grafitti<\/em><\/strong>, de<strong>\u00a0<\/strong>Lilian Sol\u00e1 Santiago;<\/p>\n<p><strong><em>Annoni, de 30 Anos de Marcos<\/em><\/strong>, de<strong>\u00a0<\/strong>Thiago Koche;<\/p>\n<p><strong><em>A Casa do Mestre Andr\u00e9<\/em><\/strong>,\u00a0 de<strong>\u00a0<\/strong>Leo Sykes;<\/p>\n<p><strong><em>Grafitti Dan\u00e7a<\/em><\/strong>, de<strong>\u00a0<\/strong>Rodrigo Eba;<\/p>\n<p><strong><em>Bravura<\/em><\/strong>, de<strong>\u00a0<\/strong>Leonardo Minozzo;<\/p>\n<p><strong><em>Matadeira<\/em><\/strong>, de Jorge Furtado;<\/p>\n<p><strong>Abra\u00e7o da Mar\u00e9<\/strong>, de Victor Ciriaco;<\/p>\n<p><strong>O Muro \u00e9 o\u00a0<\/strong><strong>M<\/strong><strong>eio<\/strong>, de Eudaldo Mon\u00e7\u00e3o Jr;<\/p>\n<p><strong>D\u00e1 Licen\u00e7a de Contar<\/strong>, de Pedro Soffer Serran;<\/p>\n<p><strong><em>Do Meu Lado<\/em><\/strong>, de<strong>\u00a0<\/strong>Tarc\u00edsio lara Puiati;<\/p>\n<p><strong><em>Vlado<\/em><\/strong>, de Felipe Mucci;<\/p>\n<p><strong><em>O Sil\u00eancio\u00a0<\/em><\/strong><strong><em>N<\/em><\/strong><strong><em>\u00e3o\u00a0<\/em><\/strong><strong><em>E<\/em><\/strong><strong><em>st\u00e1\u00a0<\/em><\/strong><strong><em>M<\/em><\/strong><strong><em>orto, Querida V\u00f3 Helena<\/em><\/strong>, de William Costa Lima;<\/p>\n<p><strong><em>Verde Chorume<\/em><\/strong>, de<strong>\u00a0<\/strong>Roberta Bonoldi;<\/p>\n<p><strong><em>Muriel<\/em><\/strong>; de<strong>\u00a0<\/strong>Vanessa Cavalcante;<\/p>\n<p><strong><em>Fio Terra<\/em><\/strong><strong>;\u00a0<\/strong>de Ian Capill\u00e9.<\/p>\n<p>&nbsp;<\/p>\n<p><strong>Conhe\u00e7a as entidades agraciadas com o Pr\u00eamio Cineb 2016:<\/strong><strong><\/strong><\/p>\n<p><strong>Na cidade de S\u00e3o Paulo<\/strong><strong><\/strong><\/p>\n<p><strong>Regi\u00e3o Norte<\/strong><strong><\/strong><\/p>\n<p>Par\u00f3quia Natividade do Senhor<\/p>\n<p><strong>R<\/strong><strong>egi\u00e3o Sul<\/strong><strong><\/strong><\/p>\n<p>Par\u00f3quia Santos M\u00e1rtires, Escola Estadual Assis Chateaubriand, Escola Estadual Samuel Wainer, Caritas Diocesana de \u00a0Campo Limpo, Escola Estadual Dona Prisciliana Duarte de Almeida,\u00a0Biblioteca Comunit\u00e1ria Caminhos da Leitura, Escola Estadual\u00a0Herbert Baldus, Par\u00f3quia Senhor dos Passos e Nossa Senhora das Dores, Uni\u00e3o dos Moradores do Parque\u00a0 Cocaia, Escola Estadual Irm\u00e3 Charlita e AMAAF- Associa\u00e7\u00e3o de Moradores e Amigos da \u00c1gua Funda.<\/p>\n<p><strong>R<\/strong><strong>egi\u00e3o Leste<\/strong><strong><\/strong><\/p>\n<p>Associa\u00e7\u00e3o de Moradores de Vila Rica, Casa de Cultura do Itaim Paulista, PROCEDU \u2013 Projeto Cultural Educacional Novo Pantanal, Santu\u00e1rio Nossa Senhora da Paz, ONG Juntos e NCI Jos\u00e9 Bonif\u00e1cio.<\/p>\n<p><strong>Regi\u00e3o Oeste<\/strong><strong><\/strong><\/p>\n<p>Instituto Pared\u00e3o<em>,\u00a0<\/em>Escola Estadual Jo\u00e3o XXIII, Par\u00f3quia Nossa Senhora \u00a0de Lourdes, Par\u00f3quia Nossa Senhora Aparecida, Par\u00f3quia S\u00e3o Jos\u00e9 do Jaguar\u00e9, Escola Municipal de Educa\u00e7\u00e3o Fundamental General Alvaro Silva Braga\u00a0e Escola Municipal de Educa\u00e7\u00e3o Fundamental\u00a0Conde Luiz Eduardo Matarazzo.<em>\u00a0<\/em><\/p>\n<p><strong>Regi\u00e3o Noroeste<\/strong><strong><\/strong><\/p>\n<p>Associa\u00e7\u00e3o Defesa da Cidadania<\/p>\n<p><strong>Na Grande S\u00e3o Paulo<\/strong><strong><\/strong><\/p>\n<p><strong>Cajamar<\/strong><strong><\/strong><\/p>\n<p>Associa\u00e7\u00e3o Sonhos Dourados<\/p>\n<p><strong>Itapecerica da Serra<\/strong><strong><\/strong><\/p>\n<p>Par\u00f3quia Maria M\u00e3e dos Caminhantes<strong><em>\u00a0\u00a0\u00a0\u00a0<\/em><\/strong><strong><em><\/em><\/strong><\/p>\n<p><strong>Osasco<\/strong><strong><\/strong><\/p>\n<p>Escola Professor Jos\u00e9 Liberatti<\/p>\n<p><strong>\u00a0<\/strong><\/p>\n<p><strong>Universidades agraciadas como o Pr\u00eamio CineB 2016.<\/strong><strong><\/strong><\/p>\n<p>Universidade Anhanguera \u2013 Vila Mariana;<\/p>\n<p>FIAM FAAM \u2013 Ana Rosa;<\/p>\n<p>FIAM FAAM Morumbi,<\/p>\n<p>Unisa\u00a0Santo Amaro; e<\/p>\n<p>Unisantana.<\/p>\n<p>&nbsp;<\/p>\n<p>&nbsp;<\/p>\n","protected":false},"excerpt":{"rendered":"<p>Texto: Carlos Rizzo. Fotos: Danilo Ramos O Cine B homenageou, na \u00faltima ter\u00e7a-feira, 13\/12, realizadores e comunidade no 7\u00ba Pr\u00eamio[&#8230;]<\/p>\n","protected":false},"author":2,"featured_media":9516,"comment_status":"open","ping_status":"open","sticky":false,"template":"","format":"standard","meta":[],"categories":[2],"tags":[23,51,181,237,659,724,760,781,986,987,1155,1213],"_links":{"self":[{"href":"https:\/\/projetocineb.com.br\/index.php?rest_route=\/wp\/v2\/posts\/9514"}],"collection":[{"href":"https:\/\/projetocineb.com.br\/index.php?rest_route=\/wp\/v2\/posts"}],"about":[{"href":"https:\/\/projetocineb.com.br\/index.php?rest_route=\/wp\/v2\/types\/post"}],"author":[{"embeddable":true,"href":"https:\/\/projetocineb.com.br\/index.php?rest_route=\/wp\/v2\/users\/2"}],"replies":[{"embeddable":true,"href":"https:\/\/projetocineb.com.br\/index.php?rest_route=%2Fwp%2Fv2%2Fcomments&post=9514"}],"version-history":[{"count":0,"href":"https:\/\/projetocineb.com.br\/index.php?rest_route=\/wp\/v2\/posts\/9514\/revisions"}],"wp:featuredmedia":[{"embeddable":true,"href":"https:\/\/projetocineb.com.br\/index.php?rest_route=\/wp\/v2\/media\/9516"}],"wp:attachment":[{"href":"https:\/\/projetocineb.com.br\/index.php?rest_route=%2Fwp%2Fv2%2Fmedia&parent=9514"}],"wp:term":[{"taxonomy":"category","embeddable":true,"href":"https:\/\/projetocineb.com.br\/index.php?rest_route=%2Fwp%2Fv2%2Fcategories&post=9514"},{"taxonomy":"post_tag","embeddable":true,"href":"https:\/\/projetocineb.com.br\/index.php?rest_route=%2Fwp%2Fv2%2Ftags&post=9514"}],"curies":[{"name":"wp","href":"https:\/\/api.w.org\/{rel}","templated":true}]}}