{"id":9542,"date":"2017-02-23T12:31:50","date_gmt":"2017-02-23T15:31:50","guid":{"rendered":"http:\/\/projetocineb.com.br\/?p=9542"},"modified":"2017-02-23T12:31:50","modified_gmt":"2017-02-23T15:31:50","slug":"cine-b-comemora-dez-anos-e-quem-ganha-e-voce","status":"publish","type":"post","link":"https:\/\/projetocineb.com.br\/?p=9542","title":{"rendered":"Cine B comemora dez anos e quem ganha \u00e9 voc\u00ea"},"content":{"rendered":"<p>Texto: <a href=\"https:\/\/uirapurunet.com\/\" target=\"_blank\">Carlos Rizzo<\/a><\/p>\n<p><em>A nova temporada do Cine B come\u00e7a em mar\u00e7o com muita novidade. No ano em que o Cine B completa dez anos, est\u00e3o previstas a exibi\u00e7\u00e3o de v\u00e1rios filmes in\u00e9ditos, debates, pr\u00e9-estreias de filmes, exposi\u00e7\u00f5es de fotos, sess\u00f5es que fizeram sucesso, exibi\u00e7\u00e3o de filmes alternativos e muito mais.<\/em><\/p>\n<p>Prepare o seu cora\u00e7\u00e3o, porque vai ter muita novidade no Cine B neste ano. Afinal, n\u00e3o \u00e9 todo dia que uma iniciativa que busca democratizar o acesso ao cinema nacional e divulgar os filmes produzidos no Brasil completa dez anos de exist\u00eancia.<\/p>\n<p>Desde 2007, quando a Brazucah iniciou um projeto-piloto financiado pelo Sindicato dos Banc\u00e1rios de S\u00e3o Paulo, Osasco e Regi\u00e3o, ningu\u00e9m imaginava que o Cine B iria t\u00e3o longe. Conduzido com muito carinho e respeito ao p\u00fablico e aos realizadores, fo projeto j\u00e1 alcan\u00e7ou um p\u00fablico superior a 55 mil espectadores em mais de 430 sess\u00f5es gratuitas realizadas em comunidades e universidades de S\u00e3o Paulo. Mais de 100 diferentes longa-metragens e 69 curta-metragens brasileiros chegaram a milhares de pessoas que nunca haviam pisado uma \u00fanica vez numa sala de cinema, ou que n\u00e3o conheciam a diversidade, for\u00e7a e beleza do cinema nacional.<\/p>\n<p>Por isso 2017 \u00e9 um ano especial para o Cine B. Porque \u00e9 tempo de comemorar a trajet\u00f3ria de sucesso, ao lado do p\u00fablico que aprendeu a curtir a diversidade da cultura brasileira. A temporada come\u00e7a em mar\u00e7o com uma s\u00e9rie de novidades, com filmes e document\u00e1rios in\u00e9ditos. Uma sess\u00e3o especial abrir\u00e1 a temporada no espa\u00e7o L\u00e9lia Abramo, localizado na Regional Paulista do Sindicato dos Banc\u00e1rios. Na sequ\u00eancia, ser\u00e3o programadas sess\u00f5es nas comunidades, com as entidades parceiras do projeto. Em breve a programa\u00e7\u00e3o estar\u00e1 disponibilizada no blog.<\/p>\n<p>Al\u00e9m das sess\u00f5es nas comunidades, est\u00e3o previstos debates com diretores e atores dos filmes exibidos, pr\u00e9-estreias, exposi\u00e7\u00e3o de fotos contando a hist\u00f3ria dos dez anos do projeto, sess\u00f5es com filmes que fizeram sucesso no Cine B, exibi\u00e7\u00e3o de filmes alternativos e, claro, muitos brindes, al\u00e9m da deliciosa pipoca do Seu Antonio, que acompanha todas as sess\u00f5es do projeto desde 2007.<\/p>\n<p>Fique ligado! N\u00e3o deixe de acompanhar mais um ano desse maravilhoso projeto e participe das comemora\u00e7\u00f5es de dez anos do Cine B!<\/p>\n<p>&nbsp;<\/p>\n","protected":false},"excerpt":{"rendered":"<p>Texto: Carlos Rizzo A nova temporada do Cine B come\u00e7a em mar\u00e7o com muita novidade. No ano em que o[&#8230;]<\/p>\n","protected":false},"author":2,"featured_media":9561,"comment_status":"open","ping_status":"open","sticky":false,"template":"","format":"standard","meta":[],"categories":[2],"tags":[181,243,252,1158],"_links":{"self":[{"href":"https:\/\/projetocineb.com.br\/index.php?rest_route=\/wp\/v2\/posts\/9542"}],"collection":[{"href":"https:\/\/projetocineb.com.br\/index.php?rest_route=\/wp\/v2\/posts"}],"about":[{"href":"https:\/\/projetocineb.com.br\/index.php?rest_route=\/wp\/v2\/types\/post"}],"author":[{"embeddable":true,"href":"https:\/\/projetocineb.com.br\/index.php?rest_route=\/wp\/v2\/users\/2"}],"replies":[{"embeddable":true,"href":"https:\/\/projetocineb.com.br\/index.php?rest_route=%2Fwp%2Fv2%2Fcomments&post=9542"}],"version-history":[{"count":0,"href":"https:\/\/projetocineb.com.br\/index.php?rest_route=\/wp\/v2\/posts\/9542\/revisions"}],"wp:featuredmedia":[{"embeddable":true,"href":"https:\/\/projetocineb.com.br\/index.php?rest_route=\/wp\/v2\/media\/9561"}],"wp:attachment":[{"href":"https:\/\/projetocineb.com.br\/index.php?rest_route=%2Fwp%2Fv2%2Fmedia&parent=9542"}],"wp:term":[{"taxonomy":"category","embeddable":true,"href":"https:\/\/projetocineb.com.br\/index.php?rest_route=%2Fwp%2Fv2%2Fcategories&post=9542"},{"taxonomy":"post_tag","embeddable":true,"href":"https:\/\/projetocineb.com.br\/index.php?rest_route=%2Fwp%2Fv2%2Ftags&post=9542"}],"curies":[{"name":"wp","href":"https:\/\/api.w.org\/{rel}","templated":true}]}}