{"id":9563,"date":"2017-03-22T14:43:22","date_gmt":"2017-03-22T17:43:22","guid":{"rendered":"http:\/\/projetocineb.com.br\/?p=9563"},"modified":"2017-03-22T14:43:22","modified_gmt":"2017-03-22T17:43:22","slug":"temporada-do-cineb-comeca-com-redemoinho-na-zona-leste","status":"publish","type":"post","link":"https:\/\/projetocineb.com.br\/?p=9563","title":{"rendered":"Quinta, 23\/3, tem pr\u00e9-estreia no Graja\u00fa"},"content":{"rendered":"<p>Texto: <a href=\"https:\/\/uirapurunet.com\/\" target=\"_blank\">Carlos Rizzo<\/a><\/p>\n<p><em>Na pr\u00f3xima quinta-feira, 23\/3, a EE Herbet Baldus abre seus port\u00f5es para a comunidade para exibir o in\u00e9dito \u201cPitanga\u201d, de Beto Brant e Camila Pitanga. O diretor e produtor estar\u00e3o na escola para debater o filme com os alunos.<\/em><\/p>\n<p>No ano em que completa 10 anos, o CineB prepara uma s\u00e9rie de atividades especiais. Entre elas, est\u00e1 a pr\u00e9-estreia, na pr\u00f3xima quinta-feira, 23\/3, do filme \u201cPitanga\u201d, de Beto Brant e Camila Pitanga, na Escola Estadual Herbert Baldus, localizado no Jardim S\u00e3o Bernardo, no Graja\u00fa, Zona Sul de S\u00e3o Paulo. O diretor Beto Brant e o produtor Renato Ciasca estar\u00e3o na escola para debater o filme com os alunos.<\/p>\n<p>O in\u00edcio da temporada aconteceu na \u00faltima ter\u00e7a-feira no Sal\u00e3o do Santu\u00e1rio Nossa Senhora da Paz, na Zona Leste, e contou com mais de 150 pessoas que foram assistir o longa \u201cRedemoinho\u201d, do diretor estreante Jos\u00e9 Luiz Villamarim.<\/p>\n<p>Para o Coordenador do CineB Cid\u00e1lio Vieira Santos, a temporada ter\u00e1 muitas novidades.\u201cDez anos representa um marco. Poucos projetos de cultura t\u00eam o car\u00e1ter do CineB, que busca valorizar a produ\u00e7\u00e3o do cinema nacional e democratizar o acesso ao cinema, e duram tanto tempo. Por isso queremos comemorar muito. A temporada contar\u00e1 com pr\u00e9-estreias de filmes, debates, exposi\u00e7\u00f5es de fotos, exibi\u00e7\u00e3o de filmes alternativos entre outras novidades\u201d, explica.<\/p>\n<p align=\"justify\">Pitanga\u201d entra em cartaz no circuito comercial somente no dia 6 de abril, e conta a trajet\u00f3ria art\u00edstica do ator Antonio Pitanga, pai de Camila, que foi dirigido por grandes cineastas brasileiros como Glauber Rocha, Cac\u00e1 Diegues e Walter Lima Jr em alguns dos momentos de maior inquieta\u00e7\u00e3o art\u00edstica do cinema brasileiro. A\u00a0entrada \u00e9 sempre franca, mas \u00e9 preciso retirar o ingresso\u00a0com anteced\u00eancia.<\/p>\n<p><strong>SERVI\u00c7O<\/strong><strong> <\/strong><strong><\/strong><\/p>\n<p>Dia: 23\u00a0de mar\u00e7o, ter\u00e7a-feira, \u00e0s 19h<\/p>\n<p>Filme: PITANGA<\/p>\n<p>Entrada:\u00a0franca (com retirada de ingressos)<\/p>\n<p>Lugares: 150<\/p>\n<p>P\u00fablico:\u00a0o filme \u00e9 aberto a todos, respeitando-se a classifica\u00e7\u00e3o e a capacidade do local.<\/p>\n<p>Local: EE Herbert Baldus<\/p>\n<p>Endere\u00e7o:\u00a0<strong>\u00a0<\/strong>R. Can\u00e7\u00e3o da Terra, 100 &#8211; Jardim Sao Bernardo, S\u00e3o Paulo.<\/p>\n<p>Retirada de convites: na secretaria escola.<\/p>\n","protected":false},"excerpt":{"rendered":"<p>Texto: Carlos Rizzo Na pr\u00f3xima quinta-feira, 23\/3, a EE Herbet Baldus abre seus port\u00f5es para a comunidade para exibir o[&#8230;]<\/p>\n","protected":false},"author":2,"featured_media":9568,"comment_status":"closed","ping_status":"closed","sticky":false,"template":"","format":"standard","meta":[],"categories":[2],"tags":[181,237,252,1132,1183],"_links":{"self":[{"href":"https:\/\/projetocineb.com.br\/index.php?rest_route=\/wp\/v2\/posts\/9563"}],"collection":[{"href":"https:\/\/projetocineb.com.br\/index.php?rest_route=\/wp\/v2\/posts"}],"about":[{"href":"https:\/\/projetocineb.com.br\/index.php?rest_route=\/wp\/v2\/types\/post"}],"author":[{"embeddable":true,"href":"https:\/\/projetocineb.com.br\/index.php?rest_route=\/wp\/v2\/users\/2"}],"replies":[{"embeddable":true,"href":"https:\/\/projetocineb.com.br\/index.php?rest_route=%2Fwp%2Fv2%2Fcomments&post=9563"}],"version-history":[{"count":0,"href":"https:\/\/projetocineb.com.br\/index.php?rest_route=\/wp\/v2\/posts\/9563\/revisions"}],"wp:featuredmedia":[{"embeddable":true,"href":"https:\/\/projetocineb.com.br\/index.php?rest_route=\/wp\/v2\/media\/9568"}],"wp:attachment":[{"href":"https:\/\/projetocineb.com.br\/index.php?rest_route=%2Fwp%2Fv2%2Fmedia&parent=9563"}],"wp:term":[{"taxonomy":"category","embeddable":true,"href":"https:\/\/projetocineb.com.br\/index.php?rest_route=%2Fwp%2Fv2%2Fcategories&post=9563"},{"taxonomy":"post_tag","embeddable":true,"href":"https:\/\/projetocineb.com.br\/index.php?rest_route=%2Fwp%2Fv2%2Ftags&post=9563"}],"curies":[{"name":"wp","href":"https:\/\/api.w.org\/{rel}","templated":true}]}}