{"id":957,"date":"2010-07-18T13:10:38","date_gmt":"2010-07-18T16:10:38","guid":{"rendered":"http:\/\/projetocineb.com.br\/?p=957"},"modified":"2010-07-18T13:10:38","modified_gmt":"2010-07-18T16:10:38","slug":"vila-nova-cachoeirinha","status":"publish","type":"post","link":"https:\/\/projetocineb.com.br\/?p=957","title":{"rendered":"VILA NOVA CACHOEIRINHA"},"content":{"rendered":"<p><em>Fotos de Vivian Szelpal<\/em><\/p>\n<p>O Cine B est\u00e1 chegando em diversos pontos de <span style=\"color: #ff6600;\">movimentos de moradias em S\u00e3o Paulo<\/span>. E neste m\u00eas de julho, a primeira sess\u00e3o ocorreu no <span style=\"color: #ff6600;\">Conjunto Habitacional Vila Nova Cachoeirinha<\/span>, na <span style=\"color: #ff6600;\">zona norte<\/span> de da capital paulista.<\/p>\n<figure id=\"attachment_959\" aria-describedby=\"caption-attachment-959\" style=\"width: 384px\" class=\"wp-caption aligncenter\"><a href=\"http:\/\/projetocineb.com.br\/wp-content\/uploads\/2010\/07\/cachoeira01.jpg\"><img fetchpriority=\"high\" decoding=\"async\" class=\"size-full wp-image-959  \" title=\"A sala onde foi montada a estrutura do Cine B, no Conjunto Habitacional Vila Nova Cachoeirinha\" src=\"http:\/\/projetocineb.com.br\/wp-content\/uploads\/2010\/07\/cachoeira01.jpg\" alt=\"A sala onde foi montada a estrutura do Cine B, no Conjunto Habitacional Vila Nova Cachoeirinha\" width=\"384\" height=\"255\" \/><\/a><figcaption id=\"caption-attachment-959\" class=\"wp-caption-text\">A sala onde foi montada a estrutura do Cine B, no Conjunto Habitacional Vila Nova Cachoeirinha<\/figcaption><\/figure>\n<p>Donizete Fernandes, conselheiro nacional de habita\u00e7\u00e3o pela UMM (Uni\u00e3o do Movimento de Moradia), entidade presente em 27 estados brasileiros explicou que em 1990 procuravam uma terra dispon\u00edvel para ocupa\u00e7\u00e3o. \u201cEnt\u00e3o encontramos este terreno que estava nas m\u00e3os da Limpurb e come\u00e7amos a nos organizar para consegui-lo\u201d, disse Donizete.<\/p>\n<p>\u201cNa \u00e9poca concorremos na licita\u00e7\u00e3o do terreno com a subprefeitura, o cemit\u00e9rio vizinho ao terreno e a Guarda Municipal. S\u00f3 na gest\u00e3o da perfeita Marta Suplicy que de fato conseguimos a posse do terreno\u201d, disse Ricardo Marques Carneiro, coordenador executivo da Associa\u00e7\u00e3o dos Moradores Sem Terra das zonas norte e leste.<\/p>\n<p><span style=\"color: #ff6600;\">\u201cTudo aqui foi conquistado com muito esfor\u00e7o, a come\u00e7ar que tivemos que formar, entre os futuros moradores, grupos de vigilantes para impedir que outros habitantes da regi\u00e3o formassem no terreno uma nova favela\u201d, disse o morador Ant\u00f4nio Alves, que tamb\u00e9m foi vigilante e conta que chegou at\u00e9 a apanhar para defender o territ\u00f3rio<\/span>.<\/p>\n<figure id=\"attachment_971\" aria-describedby=\"caption-attachment-971\" style=\"width: 384px\" class=\"wp-caption aligncenter\"><a href=\"http:\/\/projetocineb.com.br\/wp-content\/uploads\/2010\/07\/cachoeira13.jpg\"><img decoding=\"async\" class=\"size-full wp-image-971  \" title=\"Na abertura do Cine B, Sivi faz a abertura ao lado de Cid\u00e1lio Vieira Santos da Brazucah Produ\u00e7\u00f5es, Donizete, Fil e Ant\u00f4nio, moradores do Residencial\" src=\"http:\/\/projetocineb.com.br\/wp-content\/uploads\/2010\/07\/cachoeira13.jpg\" alt=\"Na abertura do Cine B, Sivi faz a abertura ao lado de Cid\u00e1lio Vieira Santos da Brazucah Produ\u00e7\u00f5es, Donizete, Fil e Ant\u00f4nio, moradores do Residencial\" width=\"384\" height=\"255\" \/><\/a><figcaption id=\"caption-attachment-971\" class=\"wp-caption-text\">Na abertura do Cine B, Sivi faz a abertura ao lado de Cid\u00e1lio Vieira Santos da Brazucah Produ\u00e7\u00f5es, Donizete, Fil e Ant\u00f4nio, moradores do Residencial<\/figcaption><\/figure>\n<p>Passada essa fase de ocupa\u00e7\u00e3o, a <span style=\"color: #ff6600;\">constru\u00e7\u00e3o foi conquistada atrav\u00e9s de benef\u00edcios dos governos municipal, estadual e federal<\/span>. A <span style=\"color: #ff6600;\">gest\u00e3o do condom\u00ednio \u00e9 feita de forma pioneira<\/span>, atrav\u00e9s de um conselho formado por representantes de cada bloco de apartamentos. \u201cN\u00e3o temos s\u00edndico, discutimos tudo coletivamente, desde como gastar o dinheiro, at\u00e9 como disciplinarmos os moradores\u201d, disse Claudemir Fil, coordenador de um dos blocos. Inclusive, foram alguns coordenadores dos blocos (o Fil, a Sivi, a dona Alice e o Ricardo Carneiro) que agitaram esta sess\u00e3o do Cine B no condom\u00ednio.<\/p>\n<p>Na abertura da exibi\u00e7\u00e3o, Donizete Fernandes, aproveitou a ocasi\u00e3o para convidar a todos para a <span style=\"color: #ff6600;\">inaugura\u00e7\u00e3o da Casa de Forma\u00e7\u00e3o da Brasil\u00e2ndia<\/span>, que acontecer\u00e1 <span style=\"color: #ff6600;\">hoje (domingo), 14horas, na Avenida Candido Sampaio, 666<\/span>. \u201c\u00c9 uma casa que poder\u00e1 capacitar e formar cidad\u00e3os para conquistar o direito de moradia, al\u00e9m de conscientizar sobre as pol\u00edticas p\u00fablicas e os direitos e deveres de cada indiv\u00edduo\u201d, disse Donizete, que ressalta a <span style=\"color: #ff6600;\">parceria com o Sindicato dos Banc\u00e1rios de S\u00e3o Paulo, Osasco e Regi\u00e3o, na constru\u00e7\u00e3o da Casa de Forma\u00e7\u00e3o da Brasil\u00e2ndia<\/span>.<\/p>\n<figure id=\"attachment_960\" aria-describedby=\"caption-attachment-960\" style=\"width: 403px\" class=\"wp-caption aligncenter\"><a href=\"http:\/\/projetocineb.com.br\/wp-content\/uploads\/2010\/07\/cachoeira02.jpg\"><img decoding=\"async\" class=\"size-full wp-image-960\" title=\"Ricardo Marques Carneiro, Donizete Fernandes e Ant\u00f4nio Alves\" src=\"http:\/\/projetocineb.com.br\/wp-content\/uploads\/2010\/07\/cachoeira02.jpg\" alt=\"\" width=\"403\" height=\"268\" \/><\/a><figcaption id=\"caption-attachment-960\" class=\"wp-caption-text\">Ricardo Marques Carneiro, Donizete Fernandes e Ant\u00f4nio Alves<\/figcaption><\/figure>\n<p style=\"text-align: center;\">\n<h2><span style=\"color: #008000;\">ROMEU E JULIETA<\/span><\/h2>\n<p>O Cine B traz em sua nova programa\u00e7\u00e3o o longa <em>O casamento de<\/em> <em>Romeu e Julieta<\/em>, de Bruno Barreto para animar os moradores e confraternizar as comunidades de forma diferente. <span style=\"color: #ff6600;\">O resultado, segundo os cond\u00f4minos, foi satisfat\u00f3rio<\/span>. Na abertura do evento, a Severina do Amaral, mas conhecida como Sivi, que \u00e9 representante de bloco e coordenadora do Movimento de Moradia dos Trabalhadores Sem Terra de S\u00e3o Paulo, Osasco e Regi\u00e3o, disse que espera ter outra exibi\u00e7\u00e3o de filmes na comunidade. \u201cPrincipalmente filmes infantis, para que as crian\u00e7as possam aproveitar mais o evento\u201d, disse Sivi.<\/p>\n<figure id=\"attachment_962\" aria-describedby=\"caption-attachment-962\" style=\"width: 384px\" class=\"wp-caption aligncenter\"><a href=\"http:\/\/projetocineb.com.br\/wp-content\/uploads\/2010\/07\/cachoeira04.jpg\"><img loading=\"lazy\" decoding=\"async\" class=\"size-full wp-image-962  \" title=\"O p\u00fablico assiste a uma vinheta do Cine B, na cena, Juv\u00e2ndia Moreira, presidenta do Sindicato dos Banc\u00e1rios de S\u00e3o Paulo, Osasco e Regi\u00e3o\" src=\"http:\/\/projetocineb.com.br\/wp-content\/uploads\/2010\/07\/cachoeira04.jpg\" alt=\"O p\u00fablico assiste a uma vinheta do Cine B, na cena, Juv\u00e2ndia Moreira, presidenta do Sindicato dos Banc\u00e1rios de S\u00e3o Paulo, Osasco e Regi\u00e3o\" width=\"384\" height=\"255\" \/><\/a><figcaption id=\"caption-attachment-962\" class=\"wp-caption-text\">O p\u00fablico assiste a uma vinheta do Cine B, na cena, Juv\u00e2ndia Moreira, presidenta do Sindicato dos Banc\u00e1rios de S\u00e3o Paulo, Osasco e Regi\u00e3o<\/figcaption><\/figure>\n<h2><span style=\"color: #008000;\">CLICKS<\/span><\/h2>\n<figure id=\"attachment_965\" aria-describedby=\"caption-attachment-965\" style=\"width: 384px\" class=\"wp-caption aligncenter\"><a href=\"http:\/\/projetocineb.com.br\/wp-content\/uploads\/2010\/07\/cachoeira07.jpg\"><img loading=\"lazy\" decoding=\"async\" class=\"size-full wp-image-965  \" title=\"Vania Vianes da Silva, Neila Ribeiro da Silva e Juliana Ribeiro Olca Okawara, de 4 anos\" src=\"http:\/\/projetocineb.com.br\/wp-content\/uploads\/2010\/07\/cachoeira07.jpg\" alt=\"Vania Vianes da Silva, Neila Ribeiro da Silva e Juliana Ribeiro Olca Okawara, de 4 anos\" width=\"384\" height=\"255\" \/><\/a><figcaption id=\"caption-attachment-965\" class=\"wp-caption-text\">Vania Vianes da Silva, Neila Ribeiro da Silva e Juliana Ribeiro Olca Okawara, de 4 anos<\/figcaption><\/figure>\n<figure id=\"attachment_966\" aria-describedby=\"caption-attachment-966\" style=\"width: 384px\" class=\"wp-caption aligncenter\"><a href=\"http:\/\/projetocineb.com.br\/wp-content\/uploads\/2010\/07\/cachoeira08.jpg\"><img loading=\"lazy\" decoding=\"async\" class=\"size-full wp-image-966  \" title=\"Estela In\u00e1cio, Dandara In\u00e1cio Oliveira de 6 anos, Aysha In\u00e1cio de 1 anos e tr\u00eas meses e Sulamita da Mata\" src=\"http:\/\/projetocineb.com.br\/wp-content\/uploads\/2010\/07\/cachoeira08.jpg\" alt=\"Estela In\u00e1cio, Dandara In\u00e1cio Oliveira de 6 anos, Aysha In\u00e1cio de 1 anos e tr\u00eas meses e Sulamita da Mata\" width=\"384\" height=\"255\" \/><\/a><figcaption id=\"caption-attachment-966\" class=\"wp-caption-text\">Estela In\u00e1cio, Dandara In\u00e1cio Oliveira de 6 anos, Aysha In\u00e1cio de 1 anos e tr\u00eas meses e Sulamita da Mata<\/figcaption><\/figure>\n<figure id=\"attachment_968\" aria-describedby=\"caption-attachment-968\" style=\"width: 384px\" class=\"wp-caption aligncenter\"><a href=\"http:\/\/projetocineb.com.br\/wp-content\/uploads\/2010\/07\/cachoeira10.jpg\"><img loading=\"lazy\" decoding=\"async\" class=\"size-full wp-image-968  \" title=\"As amigas Karina da Silva D\u00e1vila e Danieli Silva Sena\" src=\"http:\/\/projetocineb.com.br\/wp-content\/uploads\/2010\/07\/cachoeira10.jpg\" alt=\"As amigas Karina da Silva D\u00e1vila e Danieli Silva Sena\" width=\"384\" height=\"255\" \/><\/a><figcaption id=\"caption-attachment-968\" class=\"wp-caption-text\">As amigas Karina da Silva D\u00e1vila e Danieli Silva Sena<\/figcaption><\/figure>\n<figure id=\"attachment_972\" aria-describedby=\"caption-attachment-972\" style=\"width: 384px\" class=\"wp-caption aligncenter\"><a href=\"http:\/\/projetocineb.com.br\/wp-content\/uploads\/2010\/07\/cachoeira14.jpg\"><img loading=\"lazy\" decoding=\"async\" class=\"size-full wp-image-972  \" title=\"Vista de fora da sala onde foi realizado o Cine B\" src=\"http:\/\/projetocineb.com.br\/wp-content\/uploads\/2010\/07\/cachoeira14.jpg\" alt=\"Vista de fora da sala onde foi realizado o Cine B\" width=\"384\" height=\"255\" \/><\/a><figcaption id=\"caption-attachment-972\" class=\"wp-caption-text\">Vista de fora da sala onde foi realizado o Cine B<\/figcaption><\/figure>\n<figure id=\"attachment_970\" aria-describedby=\"caption-attachment-970\" style=\"width: 384px\" class=\"wp-caption aligncenter\"><a href=\"http:\/\/projetocineb.com.br\/wp-content\/uploads\/2010\/07\/cachoeira12.jpg\"><img loading=\"lazy\" decoding=\"async\" class=\"size-full wp-image-970  \" title=\"Davina Lopes Bezerra, Aur\u00e9lia Jacobino de Souza, Lucas Jacobino da Silva de 7 anos e Gilvaneide Jacobino de Souza\" src=\"http:\/\/projetocineb.com.br\/wp-content\/uploads\/2010\/07\/cachoeira12.jpg\" alt=\"Davina Lopes Bezerra, Aur\u00e9lia Jacobino de Souza, Lucas Jacobino da Silva de 7 anos e Gilvaneide Jacobino de Souza\" width=\"384\" height=\"255\" \/><\/a><figcaption id=\"caption-attachment-970\" class=\"wp-caption-text\">Davina Lopes Bezerra, Aur\u00e9lia Jacobino de Souza, Lucas Jacobino da Silva de 7 anos e Gilvaneide Jacobino de Souza<\/figcaption><\/figure>\n<figure id=\"attachment_976\" aria-describedby=\"caption-attachment-976\" style=\"width: 384px\" class=\"wp-caption aligncenter\"><a href=\"http:\/\/projetocineb.com.br\/wp-content\/uploads\/2010\/07\/cachoeira18.jpg\"><img loading=\"lazy\" decoding=\"async\" class=\"size-full wp-image-976  \" title=\"Rog\u00e9rio dos Santos Cardozo de 16 anos com seu pai Luiz Ant\u00f4nio Cardozo, moradores do Residencial Vila Nova Cachoeirinha\" src=\"http:\/\/projetocineb.com.br\/wp-content\/uploads\/2010\/07\/cachoeira18.jpg\" alt=\"Rog\u00e9rio dos Santos Cardozo de 16 anos com seu pai Luiz Ant\u00f4nio Cardozo, moradores do Residencial Vila Nova Cachoeirinha\" width=\"384\" height=\"255\" \/><\/a><figcaption id=\"caption-attachment-976\" class=\"wp-caption-text\">Rog\u00e9rio dos Santos Cardozo de 16 anos com seu pai Luiz Ant\u00f4nio Cardozo, moradores do Residencial Vila Nova Cachoeirinha<\/figcaption><\/figure>\n<figure id=\"attachment_974\" aria-describedby=\"caption-attachment-974\" style=\"width: 384px\" class=\"wp-caption aligncenter\"><a href=\"http:\/\/projetocineb.com.br\/wp-content\/uploads\/2010\/07\/cachoeira16.jpg\"><img loading=\"lazy\" decoding=\"async\" class=\"size-full wp-image-974  \" title=\"Rodrigo D. Ferreira e Sivi\" src=\"http:\/\/projetocineb.com.br\/wp-content\/uploads\/2010\/07\/cachoeira16.jpg\" alt=\"Rodrigo D. Ferreira e Sivi\" width=\"384\" height=\"255\" \/><\/a><figcaption id=\"caption-attachment-974\" class=\"wp-caption-text\">Rodrigo D. Ferreira e Sivi<\/figcaption><\/figure>\n<figure id=\"attachment_963\" aria-describedby=\"caption-attachment-963\" style=\"width: 384px\" class=\"wp-caption aligncenter\"><a href=\"http:\/\/projetocineb.com.br\/wp-content\/uploads\/2010\/07\/cachoeira05.jpg\"><img loading=\"lazy\" decoding=\"async\" class=\"size-full wp-image-963  \" title=\"O p\u00fablico j\u00e1 no escurinho do cinema\" src=\"http:\/\/projetocineb.com.br\/wp-content\/uploads\/2010\/07\/cachoeira05.jpg\" alt=\"O p\u00fablico j\u00e1 no escurinho do cinema\" width=\"384\" height=\"255\" \/><\/a><figcaption id=\"caption-attachment-963\" class=\"wp-caption-text\">O p\u00fablico j\u00e1 no escurinho do cinema<\/figcaption><\/figure>\n<figure id=\"attachment_969\" aria-describedby=\"caption-attachment-969\" style=\"width: 384px\" class=\"wp-caption aligncenter\"><a href=\"http:\/\/projetocineb.com.br\/wp-content\/uploads\/2010\/07\/cachoeira11.jpg\"><img loading=\"lazy\" decoding=\"async\" class=\"size-full wp-image-969  \" title=\"A sala ficou cheia de gente para assistir ao engra\u00e7ado O casamento de Romeu e Julieta\" src=\"http:\/\/projetocineb.com.br\/wp-content\/uploads\/2010\/07\/cachoeira11.jpg\" alt=\"A sala ficou cheia de gente para assistir ao engra\u00e7ado O casamento de Romeu e Julieta\" width=\"384\" height=\"255\" \/><\/a><figcaption id=\"caption-attachment-969\" class=\"wp-caption-text\">A sala ficou cheia de gente para assistir ao engra\u00e7ado O casamento de Romeu e Julieta<\/figcaption><\/figure>\n<figure id=\"attachment_975\" aria-describedby=\"caption-attachment-975\" style=\"width: 384px\" class=\"wp-caption aligncenter\"><a href=\"http:\/\/projetocineb.com.br\/wp-content\/uploads\/2010\/07\/cachoeira17.jpg\"><img loading=\"lazy\" decoding=\"async\" class=\"size-full wp-image-975  \" title=\"No final da exibi\u00e7\u00e3o, teve o tradicional sorteio de camisetas do Cine B\" src=\"http:\/\/projetocineb.com.br\/wp-content\/uploads\/2010\/07\/cachoeira17.jpg\" alt=\"No final da exibi\u00e7\u00e3o, teve o tradicional sorteio de camisetas do Cine B\" width=\"384\" height=\"255\" \/><\/a><figcaption id=\"caption-attachment-975\" class=\"wp-caption-text\">No final da exibi\u00e7\u00e3o, teve sorteio de camisetas do Cine B<\/figcaption><\/figure>\n<figure id=\"attachment_973\" aria-describedby=\"caption-attachment-973\" style=\"width: 384px\" class=\"wp-caption aligncenter\"><a href=\"http:\/\/projetocineb.com.br\/wp-content\/uploads\/2010\/07\/cachoeira15.jpg\"><img loading=\"lazy\" decoding=\"async\" class=\"size-full wp-image-973  \" title=\"Os sortudos da noite!\" src=\"http:\/\/projetocineb.com.br\/wp-content\/uploads\/2010\/07\/cachoeira15.jpg\" alt=\"Os sortudos da noite!\" width=\"384\" height=\"255\" \/><\/a><figcaption id=\"caption-attachment-973\" class=\"wp-caption-text\">Os sortudos da noite!<\/figcaption><\/figure>\n","protected":false},"excerpt":{"rendered":"<p>Fotos de Vivian Szelpal O Cine B est\u00e1 chegando em diversos pontos de movimentos de moradias em S\u00e3o Paulo. E[&#8230;]<\/p>\n","protected":false},"author":2,"featured_media":0,"comment_status":"open","ping_status":"open","sticky":false,"template":"","format":"standard","meta":[],"categories":[2],"tags":[154,159,242,266,859,1005,1132,1225,1249],"_links":{"self":[{"href":"https:\/\/projetocineb.com.br\/index.php?rest_route=\/wp\/v2\/posts\/957"}],"collection":[{"href":"https:\/\/projetocineb.com.br\/index.php?rest_route=\/wp\/v2\/posts"}],"about":[{"href":"https:\/\/projetocineb.com.br\/index.php?rest_route=\/wp\/v2\/types\/post"}],"author":[{"embeddable":true,"href":"https:\/\/projetocineb.com.br\/index.php?rest_route=\/wp\/v2\/users\/2"}],"replies":[{"embeddable":true,"href":"https:\/\/projetocineb.com.br\/index.php?rest_route=%2Fwp%2Fv2%2Fcomments&post=957"}],"version-history":[{"count":0,"href":"https:\/\/projetocineb.com.br\/index.php?rest_route=\/wp\/v2\/posts\/957\/revisions"}],"wp:attachment":[{"href":"https:\/\/projetocineb.com.br\/index.php?rest_route=%2Fwp%2Fv2%2Fmedia&parent=957"}],"wp:term":[{"taxonomy":"category","embeddable":true,"href":"https:\/\/projetocineb.com.br\/index.php?rest_route=%2Fwp%2Fv2%2Fcategories&post=957"},{"taxonomy":"post_tag","embeddable":true,"href":"https:\/\/projetocineb.com.br\/index.php?rest_route=%2Fwp%2Fv2%2Ftags&post=957"}],"curies":[{"name":"wp","href":"https:\/\/api.w.org\/{rel}","templated":true}]}}