{"id":9597,"date":"2017-03-27T13:00:31","date_gmt":"2017-03-27T16:00:31","guid":{"rendered":"http:\/\/projetocineb.com.br\/?p=9597"},"modified":"2017-03-27T13:00:31","modified_gmt":"2017-03-27T16:00:31","slug":"beto-brant-participa-de-debate-no-grajau","status":"publish","type":"post","link":"https:\/\/projetocineb.com.br\/?p=9597","title":{"rendered":"Beto Brant participa de debate no Graja\u00fa"},"content":{"rendered":"<p class=\"MsoNormal\" style=\"text-align: justify; text-justify: inter-ideograph;\" align=\"justify\">Texto e Foto: Carlos Rizzo<\/p>\n<p class=\"MsoNormal\" style=\"text-align: justify; text-justify: inter-ideograph;\" align=\"justify\"><em><span style=\"font-family: Calibri;\">O diretor Beto Brant e o produtor Renato Ciasca estiveram, <\/span><span style=\"font-family: Calibri;\">na \u00faltima quinta-feira, 23\/3, na pr\u00e9-estreia do document\u00e1rio \u201cPitanga\u201d na E.E Herbert Baldus, localizada no Graja\u00fa, Zona Sul de S\u00e3o Paulo, onde participaram de um debate com os alunos do ensino m\u00e9dio.<\/span><\/em><\/p>\n<p class=\"MsoNormal\" style=\"text-align: justify; text-justify: inter-ideograph;\" align=\"justify\"><span style=\"mso-spacerun: 'yes'; font-family: Calibri; mso-fareast-font-family: SimSun; mso-bidi-font-family: 'Times New Roman'; font-size: 12,0000pt;\">Foi a primeira vez que Beto Brant, diretor de longas-metragens como \u201cO Invasor\u201d e \u201cOs Matadores\u201d entre outros sucessos do cinema nacional, esteve no Graja\u00fa. Conhecido por ser o ponto final de uma das lotadas linhas de trem da CPTM &#8211; Companhia Paulista de Trens Metropolitanos, o distrito \u00e9 um dos mais populosos da cidade e ber\u00e7o de muitos rappers, como Criolo. Ali, no Jardim S\u00e3o Bernardo, fica a Escola Estadual Herbert Baldus, que se revelou uma das grandes parceiras do CineB em 2016.<\/span><\/p>\n<figure id=\"attachment_9599\" aria-describedby=\"caption-attachment-9599\" style=\"width: 449px\" class=\"wp-caption aligncenter\"><a href=\"http:\/\/projetocineb.com.br\/wp-content\/uploads\/2017\/03\/DSC_0046.jpg\"><img fetchpriority=\"high\" decoding=\"async\" class=\" wp-image-9599  \" title=\"DSC_0046\" src=\"http:\/\/projetocineb.com.br\/wp-content\/uploads\/2017\/03\/DSC_0046.jpg\" alt=\"\" width=\"449\" height=\"298\" \/><\/a><figcaption id=\"caption-attachment-9599\" class=\"wp-caption-text\">Pre-estreia atraiu alunos para sess\u00e3o.<\/figcaption><\/figure>\n<p class=\"MsoNormal\" style=\"text-align: justify; text-justify: inter-ideograph;\" align=\"justify\"><span style=\"mso-spacerun: 'yes'; font-family: Calibri; mso-fareast-font-family: SimSun; mso-bidi-font-family: 'Times New Roman'; font-size: 12,0000pt;\">A ida de Brant ao Graja\u00fa, surgiu com a possibilidade do CineB realizar mais uma pr\u00e9-estreia de um filme nacional, dessa vez o document\u00e1rio \u201cPitanga\u201d. Mas diferente de todas as outras pr\u00e9-estreias que aconteceram no espa\u00e7o L\u00e9lia Abramo, localizado na Regional Paulista do Sindicato dos Banc\u00e1rios de S\u00e3o Paulo, Osasco e Regi\u00e3o, o coordenador do projeto Cid\u00e1lio Vieira Santos convidou o diretor para ir at\u00e9 a escola na Zona Sul. Brant aceitou de pronto.<\/span><\/p>\n<figure id=\"attachment_9600\" aria-describedby=\"caption-attachment-9600\" style=\"width: 449px\" class=\"wp-caption aligncenter\"><a href=\"http:\/\/projetocineb.com.br\/wp-content\/uploads\/2017\/03\/DSC_0060.jpg\"><img decoding=\"async\" class=\" wp-image-9600  \" title=\"DSC_0060\" src=\"http:\/\/projetocineb.com.br\/wp-content\/uploads\/2017\/03\/DSC_0060.jpg\" alt=\"\" width=\"449\" height=\"298\" \/><\/a><figcaption id=\"caption-attachment-9600\" class=\"wp-caption-text\">Abertura oficial, com Cid\u00e1lio, a diretora Marlene e professores<\/figcaption><\/figure>\n<p class=\"MsoNormal\" style=\"text-align: justify; text-justify: inter-ideograph;\" align=\"justify\"><span style=\"font-family: Calibri; background: #ffffff;\">\u201c<\/span><span style=\"font-family: Calibri; background: #ffffff;\">Pitanga<span style=\"font-family: 'Open Sans';\">\u201d <\/span><\/span><span style=\"font-family: Calibri; background: #ffffff;\">\u00e9 <span style=\"font-family: Calibri;\">dirigido a quatro m<\/span><span style=\"font-family: 'Open Sans';\">\u00e3<\/span><span style=\"font-family: Calibri;\">os: Beto Brant e Camila Pitanga. E<\/span><\/span><span style=\"font-family: Calibri; background: #ffffff;\">ntra em cartaz no circuito comercial somente no dia 6 de abril, e conta a trajet<span style=\"font-family: 'Open Sans';\">\u00f3<\/span><span style=\"font-family: Calibri;\">ria art<\/span><span style=\"font-family: 'Open Sans';\">\u00ed<\/span><span style=\"font-family: Calibri;\">stica do ator Antonio Pitanga, pai de Camila, que foi dirigido por grandes cineastas brasileiros como Glauber Rocha, Cac<\/span><span style=\"font-family: 'Open Sans';\">\u00e1 <\/span><span style=\"font-family: Calibri;\">Diegues e Walter Lima Jr. em alguns dos momentos de maior inquieta<\/span><span style=\"font-family: 'Open Sans';\">\u00e7\u00e3<\/span><span style=\"font-family: Calibri;\">o art<\/span><span style=\"font-family: 'Open Sans';\">\u00ed<\/span><span style=\"font-family: Calibri;\">stica do cinema brasileiro.<\/span><\/span><\/p>\n<figure id=\"attachment_9601\" aria-describedby=\"caption-attachment-9601\" style=\"width: 449px\" class=\"wp-caption aligncenter\"><a href=\"http:\/\/projetocineb.com.br\/wp-content\/uploads\/2017\/03\/DSC_0121.jpg\"><img decoding=\"async\" class=\" wp-image-9601  \" title=\"DSC_0121\" src=\"http:\/\/projetocineb.com.br\/wp-content\/uploads\/2017\/03\/DSC_0121.jpg\" alt=\"\" width=\"449\" height=\"298\" \/><\/a><figcaption id=\"caption-attachment-9601\" class=\"wp-caption-text\">Debate com o diretor Beto Brant (esquerda), produtor Renato Ciasca.<\/figcaption><\/figure>\n<p class=\"MsoNormal\" style=\"text-align: justify; text-justify: inter-ideograph;\" align=\"justify\"><span style=\"font-family: Calibri; background: #ffffff;\">Um filme que combina com o perfil do projeto<\/span><span style=\"font-family: Calibri; background: #ffffff;\">\u00a0<\/span><span style=\"font-family: Calibri; background: #ffffff;\">\u201d<\/span><span class=\"15\" style=\"font-family: Calibri; background: #ffffff;\">Fa<span style=\"font-family: 'Open Sans';\">\u00e7<\/span><span style=\"font-family: Calibri;\">a a Coisa Certa<\/span><\/span><span class=\"15\" style=\"font-family: Calibri; background: #ffffff;\">\u201d<\/span><span style=\"font-family: Calibri; background: #ffffff;\">, um cineclube organizado <\/span><span style=\"font-family: Calibri; background: #ffffff;\">pelos alunos da escola com apoio e orienta<span style=\"font-family: 'Open Sans';\">\u00e7\u00e3<\/span><span style=\"font-family: Calibri;\">o do<\/span><\/span><span style=\"font-family: Calibri; background: #ffffff;\">\u00a0professor de Hist<span style=\"font-family: 'Open Sans';\">\u00f3<\/span><span style=\"font-family: Calibri;\">ria Kleber Oliveira da Natividade. O nome do projeto <\/span><span style=\"font-family: 'Open Sans';\">\u00e9 <\/span><span style=\"font-family: Calibri;\">uma homenagem ao mais famoso filme de Spike Lee, cineasta <\/span><\/span><span style=\"font-family: Calibri; background: #ffffff;\">estadunidense<\/span><span style=\"font-family: Calibri; background: #ffffff;\">\u00a0militante do movimento negro.<\/span><\/p>\n<figure id=\"attachment_9602\" aria-describedby=\"caption-attachment-9602\" style=\"width: 449px\" class=\"wp-caption aligncenter\"><a href=\"http:\/\/projetocineb.com.br\/wp-content\/uploads\/2017\/03\/DSC_0159.jpg\"><img loading=\"lazy\" decoding=\"async\" class=\" wp-image-9602  \" title=\"DSC_0159\" src=\"http:\/\/projetocineb.com.br\/wp-content\/uploads\/2017\/03\/DSC_0159.jpg\" alt=\"\" width=\"449\" height=\"298\" \/><\/a><figcaption id=\"caption-attachment-9602\" class=\"wp-caption-text\">Brant elogiou a qualidade do encontro.<\/figcaption><\/figure>\n<figure id=\"attachment_9610\" aria-describedby=\"caption-attachment-9610\" style=\"width: 449px\" class=\"wp-caption aligncenter\"><a href=\"http:\/\/projetocineb.com.br\/wp-content\/uploads\/2017\/03\/DSC_0172.jpg\"><img loading=\"lazy\" decoding=\"async\" class=\" wp-image-9610  \" title=\"DSC_0172\" src=\"http:\/\/projetocineb.com.br\/wp-content\/uploads\/2017\/03\/DSC_0172.jpg\" alt=\"\" width=\"449\" height=\"298\" \/><\/a><figcaption id=\"caption-attachment-9610\" class=\"wp-caption-text\">Ciasca lembrou v\u00e1rias passagens do processo de produ\u00e7\u00e3o.<\/figcaption><\/figure>\n<p class=\"MsoNormal\" style=\"text-align: justify; text-justify: inter-ideograph;\" align=\"justify\"><span style=\"font-family: Calibri; background: #ffffff;\">Foi a segunda vez que o CineB esteve na Herbert Baldus com toda sua estrutura para transformar o p<span style=\"font-family: 'Open Sans';\">\u00e1<\/span><span style=\"font-family: Calibri;\">tio da escola em uma sala de cinema. A diretora Marlene Isa Scarlim, que n<\/span><span style=\"font-family: 'Open Sans';\">\u00e3<\/span><span style=\"font-family: Calibri;\">o acompanhou a primeira exibi<\/span><span style=\"font-family: 'Open Sans';\">\u00e7\u00e3<\/span><span style=\"font-family: Calibri;\">o, em setembro do ano passado, contou que a repercuss<\/span><span style=\"font-family: 'Open Sans';\">\u00e3<\/span><span style=\"font-family: Calibri;\">o foi positiva na escola. <\/span><span style=\"font-family: 'Open Sans';\">\u201c<\/span><span style=\"font-family: Calibri;\">Os alunos comentaram durante muito tempo. <\/span><\/span><span style=\"font-family: Calibri; background: #ffffff;\">T<\/span><span style=\"font-family: Calibri; background: #ffffff;\">inha aluno aqui que nunca tinha ido ao cinema, e a escola virou um cinema. Foi muito bonito. S<span style=\"font-family: 'Open Sans';\">\u00f3 <\/span><span style=\"font-family: Calibri;\">tenho a agradecer o trabalho do CineB<\/span><span style=\"font-family: 'Open Sans';\">\u201d<\/span><span style=\"font-family: Calibri;\">, elogiou.<\/span><\/span><\/p>\n<figure id=\"attachment_9605\" aria-describedby=\"caption-attachment-9605\" style=\"width: 449px\" class=\"wp-caption aligncenter\"><a href=\"http:\/\/projetocineb.com.br\/wp-content\/uploads\/2017\/03\/DSC_01521.jpg\"><img loading=\"lazy\" decoding=\"async\" class=\" wp-image-9605  \" title=\"DSC_0152\" src=\"http:\/\/projetocineb.com.br\/wp-content\/uploads\/2017\/03\/DSC_01521.jpg\" alt=\"\" width=\"449\" height=\"298\" \/><\/a><figcaption id=\"caption-attachment-9605\" class=\"wp-caption-text\">P\u00e1tio em sil\u00eancio, com todos ligados na conversa.<\/figcaption><\/figure>\n<p class=\"MsoNormal\" style=\"text-align: justify; text-justify: inter-ideograph;\" align=\"justify\"><span style=\"font-family: Calibri; background: #ffffff;\">Al<span style=\"font-family: 'Open Sans';\">\u00e9<\/span><span style=\"font-family: Calibri;\">m do CineB ter montado na escola uma sess<\/span><span style=\"font-family: 'Open Sans';\">\u00e3<\/span><span style=\"font-family: Calibri;\">o ano passado, os alunos, comandados pelo professor Kleber, acompanharam duas sess<\/span><span style=\"font-family: 'Open Sans';\">\u00f5<\/span><span style=\"font-family: Calibri;\">es especiais no Espa<\/span><span style=\"font-family: 'Open Sans';\">\u00e7<\/span><span style=\"font-family: Calibri;\">o L<\/span><span style=\"font-family: 'Open Sans';\">\u00e9<\/span><span style=\"font-family: Calibri;\">lia Abramo: a pr<\/span><span style=\"font-family: 'Open Sans';\">\u00e9<\/span><span style=\"font-family: Calibri;\">-estreia de M<\/span><span style=\"font-family: 'Open Sans';\">\u00e3<\/span><span style=\"font-family: Calibri;\">e S<\/span><span style=\"font-family: 'Open Sans';\">\u00f3 <\/span><span style=\"font-family: Calibri;\">H<\/span><span style=\"font-family: 'Open Sans';\">\u00e1 <\/span><span style=\"font-family: Calibri;\">Uma de Ana Muylaert e Trago Comigo de Tata Amaral, que contaram com a presenta das diretoras para um debate. Mas sessa vez, foi a pr<\/span><span style=\"font-family: 'Open Sans';\">\u00e9<\/span><span style=\"font-family: Calibri;\">-estreia que foi at<\/span><span style=\"font-family: 'Open Sans';\">\u00e9 <\/span><span style=\"font-family: Calibri;\">a escola. Antes de come<\/span><span style=\"font-family: 'Open Sans';\">\u00e7<\/span><span style=\"font-family: Calibri;\">ar a sess<\/span><span style=\"font-family: 'Open Sans';\">\u00e3<\/span><span style=\"font-family: Calibri;\">o, o professor Kleber falou da parceria com o CineB e explicou que o projeto de cinema da escola est<\/span><span style=\"font-family: 'Open Sans';\">\u00e1 <\/span><span style=\"font-family: Calibri;\">sempre com atividades e ideias novas. Kleber esperava com bastante expectativa a sess<\/span><span style=\"font-family: 'Open Sans';\">\u00e3<\/span><span style=\"font-family: Calibri;\">o e a participa<\/span><span style=\"font-family: 'Open Sans';\">\u00e7\u00e3<\/span><span style=\"font-family: Calibri;\">o de Brant. <\/span><span style=\"font-family: 'Open Sans';\">\u201c\u00c9 <\/span><span style=\"font-family: Calibri;\">com grande honra que recebemos mais uma vez o CineB, dessa vez com uma pre-estreia, o que <\/span><span style=\"font-family: 'Open Sans';\">\u00e9 <\/span><span style=\"font-family: Calibri;\">muito positivo<\/span><span style=\"font-family: 'Open Sans';\">\u201d<\/span><span style=\"font-family: Calibri;\">, explicou.<\/span><\/span><\/p>\n<figure id=\"attachment_9606\" aria-describedby=\"caption-attachment-9606\" style=\"width: 449px\" class=\"wp-caption aligncenter\"><a href=\"http:\/\/projetocineb.com.br\/wp-content\/uploads\/2017\/03\/DSC_0162.jpg\"><img loading=\"lazy\" decoding=\"async\" class=\" wp-image-9606  \" title=\"DSC_0162\" src=\"http:\/\/projetocineb.com.br\/wp-content\/uploads\/2017\/03\/DSC_0162.jpg\" alt=\"\" width=\"449\" height=\"298\" \/><\/a><figcaption id=\"caption-attachment-9606\" class=\"wp-caption-text\">Alunos elogiaram o trabalho do CineB.<\/figcaption><\/figure>\n<p class=\"MsoNormal\" style=\"text-align: justify; text-justify: inter-ideograph;\" align=\"justify\"><span style=\"font-family: Calibri; background: #ffffff;\">Quando a sess<span style=\"font-family: 'Open Sans';\">\u00e3<\/span><span style=\"font-family: Calibri;\">o come<\/span><span style=\"font-family: 'Open Sans';\">\u00e7<\/span><span style=\"font-family: Calibri;\">ou, <\/span><span style=\"font-family: 'Open Sans';\">\u00e0<\/span><span style=\"font-family: Calibri;\">s 19h30 em ponto, estavam presentes cerca de 150 pessoas entre alunos e corpo docente. Brant e o produtor Renato Ciasca chegaram na escola meia hora antes de terminar a exibi<\/span><span style=\"font-family: 'Open Sans';\">\u00e7\u00e3<\/span><span style=\"font-family: Calibri;\">o e ficaram acompanhando a rea<\/span><span style=\"font-family: 'Open Sans';\">\u00e7\u00e3<\/span><span style=\"font-family: Calibri;\">o do p<\/span><span style=\"font-family: 'Open Sans';\">\u00fa<\/span><span style=\"font-family: Calibri;\">blico, que aplaudiu muito o document<\/span><span style=\"font-family: 'Open Sans';\">\u00e1<\/span><span style=\"font-family: Calibri;\">rio.<\/span><\/span><\/p>\n<p class=\"MsoNormal\" style=\"text-align: center;\" align=\"justify\"><a href=\"http:\/\/projetocineb.com.br\/wp-content\/uploads\/2017\/03\/DSC_0247.jpg\"><img loading=\"lazy\" decoding=\"async\" class=\"aligncenter  wp-image-9608\" title=\"DSC_0247\" src=\"http:\/\/projetocineb.com.br\/wp-content\/uploads\/2017\/03\/DSC_0247.jpg\" alt=\"Alunos tiveram uma participa\u00e7\u00e3o ativa no debate.\" width=\"449\" height=\"298\" \/><\/a><\/p>\n<p class=\"MsoNormal\" style=\"text-align: justify; text-justify: inter-ideograph;\" align=\"justify\"><span style=\"font-family: Calibri; background: #ffffff;\">O debate contou com a participa<span style=\"font-family: 'Open Sans';\">\u00e7\u00e3<\/span><span style=\"font-family: Calibri;\">o de Beto Brant, Renato Ciasca e professor Kleber. Teve a media<\/span><span style=\"font-family: 'Open Sans';\">\u00e7\u00e3<\/span><span style=\"font-family: Calibri;\">o de Cid<\/span><span style=\"font-family: 'Open Sans';\">\u00e1<\/span><span style=\"font-family: Calibri;\">lio Vieira Santos que formou uma grande roda em torno dos debatedores. Brant e Ciasca responderam diversas perguntas sobre o processo de cria<\/span><span style=\"font-family: 'Open Sans';\">\u00e7\u00e3<\/span><span style=\"font-family: Calibri;\">o do filme, a conviv<\/span><span style=\"font-family: 'Open Sans';\">\u00ea<\/span><span style=\"font-family: Calibri;\">ncia com Antonio Pitanga, a hist<\/span><span style=\"font-family: 'Open Sans';\">\u00f3<\/span><span style=\"font-family: Calibri;\">ria do cinema brasileiro, o mercado cinematogr<\/span><span style=\"font-family: 'Open Sans';\">\u00e1<\/span><span style=\"font-family: Calibri;\">fico do pa<\/span><span style=\"font-family: 'Open Sans';\">\u00ed<\/span><span style=\"font-family: Calibri;\">s e a atual situa<\/span><span style=\"font-family: 'Open Sans';\">\u00e7\u00e3<\/span><span style=\"font-family: Calibri;\">o pol<\/span><span style=\"font-family: 'Open Sans';\">\u00ed<\/span><span style=\"font-family: Calibri;\">tico-econ<\/span><span style=\"font-family: 'Open Sans';\">\u00f4<\/span><span style=\"font-family: Calibri;\">mica-cultural do Brasil. <\/span><span style=\"font-family: 'Open Sans';\">\u201c<\/span><span style=\"font-family: Calibri;\">Foi muito bom. Voc<\/span><span style=\"font-family: 'Open Sans';\">\u00ea <\/span><span style=\"font-family: Calibri;\">chegar num lugar que n<\/span><span style=\"font-family: 'Open Sans';\">\u00e3<\/span><span style=\"font-family: Calibri;\">o conhece e entrar numa sala cheia de jovens olhando para uma tela, todo mundo acompanhando, se divertindo com um filme que voc<\/span><span style=\"font-family: 'Open Sans';\">\u00ea <\/span><span style=\"font-family: Calibri;\">fez [&#8230;] voc<\/span><span style=\"font-family: 'Open Sans';\">\u00ea <\/span><span style=\"font-family: Calibri;\">percebe que aqui tem um fogo aceso, com a conversa que tivemos, com o tipo das perguntas, com a participa<\/span><span style=\"font-family: 'Open Sans';\">\u00e7\u00e3<\/span><span style=\"font-family: Calibri;\">o do professor de hist<\/span><span style=\"font-family: 'Open Sans';\">\u00f3<\/span><span style=\"font-family: Calibri;\">ria [Kleber] que fez uma leitura muito l<\/span><span style=\"font-family: 'Open Sans';\">\u00fa<\/span><span style=\"font-family: Calibri;\">cida e construtiva do filme como mestre que ele <\/span><span style=\"font-family: 'Open Sans';\">\u00e9\u201d<\/span><span style=\"font-family: Calibri;\">, comentou depois do debate.<\/span><\/span><\/p>\n<figure id=\"attachment_9609\" aria-describedby=\"caption-attachment-9609\" style=\"width: 449px\" class=\"wp-caption aligncenter\"><a href=\"http:\/\/projetocineb.com.br\/wp-content\/uploads\/2017\/03\/DSC_0263.jpg\"><img loading=\"lazy\" decoding=\"async\" class=\" wp-image-9609  \" title=\"DSC_0263\" src=\"http:\/\/projetocineb.com.br\/wp-content\/uploads\/2017\/03\/DSC_0263.jpg\" alt=\"\" width=\"449\" height=\"298\" \/><\/a><figcaption id=\"caption-attachment-9609\" class=\"wp-caption-text\">Foram muitas perguntas para o diretor e o produtor.<\/figcaption><\/figure>\n<p class=\"MsoNormal\" style=\"text-align: justify; text-justify: inter-ideograph;\" align=\"justify\"><span style=\"font-family: Calibri; background: #ffffff;\">A participa<span style=\"font-family: 'Open Sans';\">\u00e7\u00e3<\/span><span style=\"font-family: Calibri;\">o dos alunos foi grande e o encontro s<\/span><span style=\"font-family: 'Open Sans';\">\u00f3 <\/span><span style=\"font-family: Calibri;\">se encerrou por conta do limite de hor<\/span><span style=\"font-family: 'Open Sans';\">\u00e1<\/span><span style=\"font-family: Calibri;\">rio da escola. Alunos e professores elogiaram a qualidade do filme e do debate. Para a professora de portugu<\/span><span style=\"font-family: 'Open Sans';\">\u00ea<\/span><span style=\"font-family: Calibri;\">s e espanhol, Miralva de Ara<\/span><span style=\"font-family: 'Open Sans';\">\u00fa<\/span><span style=\"font-family: Calibri;\">jo Damasceno, que atua na sala de leitura da escola, a atividade toda engrandeceu a vida escolar. <\/span><span style=\"font-family: 'Open Sans';\">\u201c<\/span><span style=\"font-family: Calibri;\">Os alunos se comportaram de forma perfeita, foram questionadores e at<\/span><span style=\"font-family: 'Open Sans';\">\u00e9 <\/span><span style=\"font-family: Calibri;\">cr<\/span><span style=\"font-family: 'Open Sans';\">\u00ed<\/span><span style=\"font-family: Calibri;\">ticos<\/span><span style=\"font-family: 'Open Sans';\">\u201d<\/span><span style=\"font-family: Calibri;\">, avaliou. Ketelen Vieira da Silva, do terceiro ano, estava extasiada com a sess<\/span><span style=\"font-family: 'Open Sans';\">\u00e3<\/span><span style=\"font-family: Calibri;\">o e o debate que aconteceram na escola. <\/span><span style=\"font-family: 'Open Sans';\">\u201c<\/span><span style=\"font-family: Calibri;\">O que mais me chamou a aten<\/span><span style=\"font-family: 'Open Sans';\">\u00e7\u00e3<\/span><span style=\"font-family: Calibri;\">o foi a vida de Pitanga, o legado dele, que foi o mais bonito que eu j<\/span><span style=\"font-family: 'Open Sans';\">\u00e1 <\/span><span style=\"font-family: Calibri;\">vi. Muito obrigado por voc<\/span><span style=\"font-family: 'Open Sans';\">\u00ea<\/span><span style=\"font-family: Calibri;\">s vieram at<\/span><span style=\"font-family: 'Open Sans';\">\u00e9 <\/span><span style=\"font-family: Calibri;\">aqui, de verdade<\/span><span style=\"font-family: 'Open Sans';\">\u201d<\/span><span style=\"font-family: Calibri;\">, revelou.<\/span><\/span><\/p>\n<figure id=\"attachment_9611\" aria-describedby=\"caption-attachment-9611\" style=\"width: 449px\" class=\"wp-caption aligncenter\"><a href=\"http:\/\/projetocineb.com.br\/wp-content\/uploads\/2017\/03\/DSC_0334.jpg\"><img loading=\"lazy\" decoding=\"async\" class=\" wp-image-9611  \" title=\"DSC_0334\" src=\"http:\/\/projetocineb.com.br\/wp-content\/uploads\/2017\/03\/DSC_0334.jpg\" alt=\"\" width=\"449\" height=\"283\" \/><\/a><figcaption id=\"caption-attachment-9611\" class=\"wp-caption-text\">Ao final, todos satisfeitos. Na foto, Cid\u00e1lio, Brant (centro) e professores da EE Herbert Baldus.<\/figcaption><\/figure>\n<p class=\"MsoNormal\" style=\"text-align: justify; text-justify: inter-ideograph;\" align=\"justify\"><span style=\"font-family: Calibri; background: #ffffff;\">Para Gustavo de Almeida Alves, tamb<span style=\"font-family: 'Open Sans';\">\u00e9<\/span><span style=\"font-family: Calibri;\">m do terceiro ano, que participou ativamente do debate, o trabalho que o CineB faz de divulgar o cinema brasileiro <\/span><span style=\"font-family: 'Open Sans';\">\u00e9 <\/span><span style=\"font-family: Calibri;\">de grande import<\/span><span style=\"font-family: 'Open Sans';\">\u00e2<\/span><span style=\"font-family: Calibri;\">ncia para a periferia de cidade, para os jovens que muitas vezes s<\/span><span style=\"font-family: 'Open Sans';\">\u00f3 <\/span><span style=\"font-family: Calibri;\">tem esse acesso. <\/span><span style=\"font-family: 'Open Sans';\">\u201c<\/span><span style=\"font-family: Calibri;\">Ter contato com o diretor <\/span><span style=\"font-family: 'Open Sans';\">\u00e9 <\/span><span style=\"font-family: Calibri;\">como voc<\/span><span style=\"font-family: 'Open Sans';\">\u00ea <\/span><span style=\"font-family: Calibri;\">ir na fonte da arte cinematogr<\/span><span style=\"font-family: 'Open Sans';\">\u00e1<\/span><span style=\"font-family: Calibri;\">fica, porque ele representa muita gente, representando o que a gente <\/span><span style=\"font-family: 'Open Sans';\">\u00e9<\/span><span style=\"font-family: Calibri;\">. Eu me sinto muito mais forte no que eu sou depois de viver isso<\/span><span style=\"font-family: 'Open Sans';\">\u201d<\/span><span style=\"font-family: Calibri;\">, finalizou.<\/span><\/span><\/p>\n<figure id=\"attachment_9613\" aria-describedby=\"caption-attachment-9613\" style=\"width: 449px\" class=\"wp-caption aligncenter\"><a href=\"http:\/\/projetocineb.com.br\/wp-content\/uploads\/2017\/03\/DSC_0032.jpg\"><img loading=\"lazy\" decoding=\"async\" class=\" wp-image-9613  \" title=\"DSC_0032\" src=\"http:\/\/projetocineb.com.br\/wp-content\/uploads\/2017\/03\/DSC_0032.jpg\" alt=\"\" width=\"449\" height=\"298\" \/><\/a><figcaption id=\"caption-attachment-9613\" class=\"wp-caption-text\">At\u00e9 a pr\u00f3xima sess\u00e3o!<\/figcaption><\/figure>\n<p class=\"MsoNormal\" style=\"margin-bottom: 0,0000pt; text-align: justify; text-justify: inter-ideograph; background: #ffffff;\" align=\"justify\"><span style=\"mso-spacerun: 'yes'; font-family: 'Open Sans'; mso-fareast-font-family: 'Times New Roman'; font-size: 10,0000pt;\">O C<\/span><span style=\"mso-spacerun: 'yes'; font-family: 'Open Sans'; mso-fareast-font-family: 'Times New Roman'; font-size: 10,0000pt;\">ine<\/span><span style=\"mso-spacerun: 'yes'; font-family: 'Open Sans'; mso-fareast-font-family: 'Times New Roman'; font-size: 10,0000pt;\">B \u00e9 um circuito itinerante de cinema <\/span><span style=\"mso-spacerun: 'yes'; font-family: 'Open Sans'; mso-fareast-font-family: 'Times New Roman'; font-size: 10,0000pt;\">que completa em 2017 dez anos de atividades ininterruptas. R<\/span><span style=\"mso-spacerun: 'yes'; font-family: 'Open Sans'; mso-fareast-font-family: 'Times New Roman'; font-size: 10,0000pt;\">ealizado pelo Sindicato dos Banc\u00e1rios de S\u00e3o Paulo, Osasco e Regi\u00e3o e pela Brazucah Produ\u00e7\u00f5es. Desde 2007, o j\u00e1 atingiu um p\u00fablico superior a 5<\/span><span style=\"mso-spacerun: 'yes'; font-family: 'Open Sans'; mso-fareast-font-family: 'Times New Roman'; font-size: 10,0000pt;\">6<\/span><span style=\"mso-spacerun: 'yes'; font-family: 'Open Sans'; mso-fareast-font-family: 'Times New Roman'; font-size: 10,0000pt;\">\u00a0mil espectadores em mais de 4<\/span><span style=\"mso-spacerun: 'yes'; font-family: 'Open Sans'; mso-fareast-font-family: 'Times New Roman'; font-size: 10,0000pt;\">3<\/span><span style=\"mso-spacerun: 'yes'; font-family: 'Open Sans'; mso-fareast-font-family: 'Times New Roman'; font-size: 10,0000pt;\">0 sess\u00f5es gratuitas realizadas em comunidades de S\u00e3o Paulo. A iniciativa busca democratizar o acesso ao cinema nacional e divulgar os filmes produzidos no Brasil. <\/span><span style=\"mso-spacerun: 'yes'; font-family: 'Open Sans'; mso-fareast-font-family: 'Times New Roman'; font-size: 10,0000pt;\">F<\/span><span style=\"mso-spacerun: 'yes'; font-family: 'Open Sans'; mso-fareast-font-family: 'Times New Roman'; font-size: 10,0000pt;\">oram exibidos na tela do C<\/span><span style=\"mso-spacerun: 'yes'; font-family: 'Open Sans'; mso-fareast-font-family: 'Times New Roman'; font-size: 10,0000pt;\">ine<\/span><span style=\"mso-spacerun: 'yes'; font-family: 'Open Sans'; mso-fareast-font-family: 'Times New Roman'; font-size: 10,0000pt;\">B mais de <\/span><span style=\"mso-spacerun: 'yes'; font-family: 'Open Sans'; mso-fareast-font-family: 'Times New Roman'; font-size: 10,0000pt;\">100<\/span><span style=\"mso-spacerun: 'yes'; font-family: 'Open Sans'; mso-fareast-font-family: 'Times New Roman'; font-size: 10,0000pt;\">\u00a0longas-metragens e <\/span><span style=\"mso-spacerun: 'yes'; font-family: 'Open Sans'; mso-fareast-font-family: 'Times New Roman'; font-size: 10,0000pt;\">69<\/span><span style=\"mso-spacerun: 'yes'; font-family: 'Open Sans'; mso-fareast-font-family: 'Times New Roman'; font-size: 10,0000pt;\">\u00a0curtas-metragens, al\u00e9m da realiza\u00e7\u00e3o de pr\u00e9-estreias exclusivas<\/span><span style=\"mso-spacerun: 'yes'; font-family: 'Open Sans'; mso-fareast-font-family: 'Times New Roman'; font-size: 10,0000pt;\">.<\/span><\/p>\n","protected":false},"excerpt":{"rendered":"<p>Texto e Foto: Carlos Rizzo O diretor Beto Brant e o produtor Renato Ciasca estiveram, na \u00faltima quinta-feira, 23\/3, na[&#8230;]<\/p>\n","protected":false},"author":2,"featured_media":9598,"comment_status":"open","ping_status":"open","sticky":false,"template":"","format":"standard","meta":[],"categories":[2],"tags":[136,181,237,252,431,727,897,972,1052,1132,1183],"_links":{"self":[{"href":"https:\/\/projetocineb.com.br\/index.php?rest_route=\/wp\/v2\/posts\/9597"}],"collection":[{"href":"https:\/\/projetocineb.com.br\/index.php?rest_route=\/wp\/v2\/posts"}],"about":[{"href":"https:\/\/projetocineb.com.br\/index.php?rest_route=\/wp\/v2\/types\/post"}],"author":[{"embeddable":true,"href":"https:\/\/projetocineb.com.br\/index.php?rest_route=\/wp\/v2\/users\/2"}],"replies":[{"embeddable":true,"href":"https:\/\/projetocineb.com.br\/index.php?rest_route=%2Fwp%2Fv2%2Fcomments&post=9597"}],"version-history":[{"count":0,"href":"https:\/\/projetocineb.com.br\/index.php?rest_route=\/wp\/v2\/posts\/9597\/revisions"}],"wp:featuredmedia":[{"embeddable":true,"href":"https:\/\/projetocineb.com.br\/index.php?rest_route=\/wp\/v2\/media\/9598"}],"wp:attachment":[{"href":"https:\/\/projetocineb.com.br\/index.php?rest_route=%2Fwp%2Fv2%2Fmedia&parent=9597"}],"wp:term":[{"taxonomy":"category","embeddable":true,"href":"https:\/\/projetocineb.com.br\/index.php?rest_route=%2Fwp%2Fv2%2Fcategories&post=9597"},{"taxonomy":"post_tag","embeddable":true,"href":"https:\/\/projetocineb.com.br\/index.php?rest_route=%2Fwp%2Fv2%2Ftags&post=9597"}],"curies":[{"name":"wp","href":"https:\/\/api.w.org\/{rel}","templated":true}]}}