{"id":9637,"date":"2017-05-12T11:50:25","date_gmt":"2017-05-12T14:50:25","guid":{"rendered":"http:\/\/projetocineb.com.br\/?p=9637"},"modified":"2017-05-12T11:50:25","modified_gmt":"2017-05-12T14:50:25","slug":"por-tras-do-ceu-em-sessao-especial-na-regional-paulista","status":"publish","type":"post","link":"https:\/\/projetocineb.com.br\/?p=9637","title":{"rendered":"\u201cPor Tr\u00e1s do C\u00e9u\u201d dia 25\/5 na Regional Paulista"},"content":{"rendered":"<p><em>A Regional Paulista do Sindicato dos Banc\u00e1rios recebe, na quinta-feira, 25\/5, o Cine B para as comemora\u00e7\u00f5es pelos 10 anos do projeto com a exibi\u00e7\u00e3o do longa \u201cPor Tr\u00e1s do C\u00e9u\u201d, de Caio S\u00f3h. Com entrada franca e presen\u00e7a do produtor do filme Denis Feij\u00e3o.<\/em><\/p>\n<p>Mais uma sess\u00e3o especial acontece na pr\u00f3xima quinta-feira, 25\/5, 19h, no Espa\u00e7o L\u00e9lia Abramo, na Reginal Paulista do Sindicato dos Banc\u00e1rios como parte das comemora\u00e7\u00f5es dos 10 anos de exist\u00eancia do projeto Cine B. Em cartaz o longa-metragem \u201cPor Tr\u00e1s do C\u00e9u\u201d, escrito e dirigido por Caio S\u00f3h. A entrada \u00e9 franca, mas \u00e9 preciso fazer reserva dos convites diretamente na Regional ou pelo e-mail producaocineb@brazucah.com.br. O produtor do filme, Denis Feij\u00e3o, que tamb\u00e9m foi produtor do filme &#8220;Sabotage &#8211; O Maestro do Can\u00e3o&#8221; participar\u00e1 de um bate-papo com o p\u00fablico.<\/p>\n<p align=\"justify\">O filme, que acabou de estrear no circuito comercial foi o vencedor do Pr\u00eamio do P\u00fablico na 11\u00aa edi\u00e7\u00e3o do Festival de Cinema Latino-Americano de S\u00e3o Paulo, em 2016. Gravado no interior da Para\u00edba, conta a hist\u00f3ria de Aparecida, mulher forte do sert\u00e3o que mora em\u00a0um lugar tomado pela extrema pobreza, mas\u00a0vive cheia de sonhos e esperan\u00e7a. Enquanto o marido leva uma vida amargurada por uma trag\u00e9dia do passado, a jovem decide tomar uma atitude que pode mudar sua trajet\u00f3ria para sempre: partir para a cidade grande.\u00a0O filme \u00e9 o terceiro do jovem diretor de 38 anos e conta com a participa\u00e7\u00e3o de Nathalia Dill, Emilio Orciollo Neto\u00a0e Paula Burlamaqui no elenco.<\/p>\n<p align=\"justify\">Para o coordenador do Cine B, Cid\u00e1lio Vieira Santos, ter chegado a 10 anos de exibi\u00e7\u00f5es ininterruptas \u00e9 um marco para um projeto alternativo como o Cine B. \u201cA parceria entre o Sindicato dos Banc\u00e1rios de S\u00e3o Paulo, Osasco e Regi\u00e3o, a Brazucah Produ\u00e7\u00f5es, produtores e diretores brasileiros e a receptividade por parte das comunidades \u00e9 o que garante a longevidade do projeto. E estamos melhorando a cada ano. Exemplo disso \u00e9 que as tr\u00eas sess\u00f5es do in\u00edcio da temporada foram com filmes in\u00e9ditos ou que estavam entrando em cartaz no circuito comercial\u201d, destaca.<\/p>\n<p align=\"justify\">Em mar\u00e7o foram exibidos \u201cRedemoinho\u201d, de Jos\u00e9 Luiz Villamarim em um sal\u00e3o paroquial da Zona Leste e o in\u00e9dito \u201cPitanga\u201d, de Beto Brant, que participou de um debate com alunos de uma escola estadual da Zona Sul de S\u00e3o Paulo. Para abril, est\u00e3o previstas, al\u00e9m de \u201cPor Tr\u00e1s do C\u00e9u\u201d, o longa \u201cPequenos Segredos\u201d, de David Schurmann.<\/p>\n<p align=\"justify\">O CineB \u00e9 um circuito itinerante de cinema realizado pelo Sindicato dos Banc\u00e1rios de S\u00e3o Paulo, Osasco e Regi\u00e3o e pela Brazucah Produ\u00e7\u00f5es. Desde 2007, o j\u00e1 atingiu um p\u00fablico superior a 56\u00a0mil espectadores em mais de 430 sess\u00f5es gratuitas realizadas em comunidades de S\u00e3o Paulo. A iniciativa busca democratizar o acesso ao cinema nacional e divulgar os filmes produzidos no Brasil. Foram exibidos na tela do CineB mais de 100\u00a0longas-metragens e 69\u00a0curtas-metragens, al\u00e9m da realiza\u00e7\u00e3o de pr\u00e9-estreias exclusivas.<\/p>\n<p align=\"justify\"><strong>Servi\u00e7o<\/strong><strong><\/strong><\/p>\n<p align=\"justify\">FILME: \u201cPor Tr\u00e1s do C\u00e9u\u201d<\/p>\n<p align=\"justify\">DATA: Quinta-feira, 25\/5, 19h<\/p>\n<p align=\"justify\">LOCAL: Regional Paulista do Sindicato dos Banc\u00e1rios<\/p>\n<p align=\"justify\">ENDERE\u00c7O: Rua Carlos Sampaio, 305, Bela Vista, S\u00e3o Paulo. Pr\u00f3ximo ao Metr\u00f4 Brigadeiro.<\/p>\n<p align=\"justify\">ENTRADA: Franca. Retirar convite antecipadamente diretamente na Regional ou pelo e-mail producaocineb@brazucah.com.br<\/p>\n","protected":false},"excerpt":{"rendered":"<p>A Regional Paulista do Sindicato dos Banc\u00e1rios recebe, na quinta-feira, 25\/5, o Cine B para as comemora\u00e7\u00f5es pelos 10 anos[&#8230;]<\/p>\n","protected":false},"author":2,"featured_media":9639,"comment_status":"open","ping_status":"open","sticky":false,"template":"","format":"standard","meta":[],"categories":[2],"tags":[165,237,252,485,976,1049],"_links":{"self":[{"href":"https:\/\/projetocineb.com.br\/index.php?rest_route=\/wp\/v2\/posts\/9637"}],"collection":[{"href":"https:\/\/projetocineb.com.br\/index.php?rest_route=\/wp\/v2\/posts"}],"about":[{"href":"https:\/\/projetocineb.com.br\/index.php?rest_route=\/wp\/v2\/types\/post"}],"author":[{"embeddable":true,"href":"https:\/\/projetocineb.com.br\/index.php?rest_route=\/wp\/v2\/users\/2"}],"replies":[{"embeddable":true,"href":"https:\/\/projetocineb.com.br\/index.php?rest_route=%2Fwp%2Fv2%2Fcomments&post=9637"}],"version-history":[{"count":0,"href":"https:\/\/projetocineb.com.br\/index.php?rest_route=\/wp\/v2\/posts\/9637\/revisions"}],"wp:featuredmedia":[{"embeddable":true,"href":"https:\/\/projetocineb.com.br\/index.php?rest_route=\/wp\/v2\/media\/9639"}],"wp:attachment":[{"href":"https:\/\/projetocineb.com.br\/index.php?rest_route=%2Fwp%2Fv2%2Fmedia&parent=9637"}],"wp:term":[{"taxonomy":"category","embeddable":true,"href":"https:\/\/projetocineb.com.br\/index.php?rest_route=%2Fwp%2Fv2%2Fcategories&post=9637"},{"taxonomy":"post_tag","embeddable":true,"href":"https:\/\/projetocineb.com.br\/index.php?rest_route=%2Fwp%2Fv2%2Ftags&post=9637"}],"curies":[{"name":"wp","href":"https:\/\/api.w.org\/{rel}","templated":true}]}}