{"id":9676,"date":"2017-04-24T09:47:34","date_gmt":"2017-04-24T12:47:34","guid":{"rendered":"http:\/\/projetocineb.com.br\/?p=9676"},"modified":"2017-04-24T09:47:34","modified_gmt":"2017-04-24T12:47:34","slug":"pequeno-segredo-emociona-na-agua-funda","status":"publish","type":"post","link":"https:\/\/projetocineb.com.br\/?p=9676","title":{"rendered":"\u201cPequeno Segredo\u201d emociona p\u00fablico na \u00c1gua Funda"},"content":{"rendered":"<p><em>P\u00fablico elogia o trabalho de David Sch\u00fcrmann, diretor do longa <\/em><em>\u201c<\/em><em>Pequeno Segredo<\/em><em>\u201d<\/em><em>, que participou, na \u00faltima quinta-feira (20\/4) de um bate papo na Associa\u00e7\u00e3o dos Moradores Amigos da \u00c1gua Funda (AMAAF).<\/em><\/p>\n<p align=\"justify\">A Associa\u00e7\u00e3o dos Moradores Amigos da \u00c1gua Funda (AMAAF) abriu as portas da entidade na \u00faltima quinta-feira, 20\/4, v\u00e9spera do feriado de Tiradentes, para um evento pr\u00e1 l\u00e1 de especial: uma sess\u00e3o do Cine B com o filme \u201cPequeno Segredo\u201d, que fez grande sucesso no cinema comercial no final do ano passado e emocionou o p\u00fablico presente ao Cine B. Ap\u00f3s a sess\u00e3o, o diretor do longa, David Sch\u00fcrmann, participou de um bate papo e, por mais de uma hora, contou aos moradores detalhes das grava\u00e7\u00f5es e da hist\u00f3ria real de sua irm\u00e3 adotiva em que o filme foi baseado.<\/p>\n<figure id=\"attachment_9680\" aria-describedby=\"caption-attachment-9680\" style=\"width: 449px\" class=\"wp-caption aligncenter\"><a href=\"http:\/\/projetocineb.com.br\/wp-content\/uploads\/2017\/04\/DSC_0004.jpg\"><img fetchpriority=\"high\" decoding=\"async\" class=\" wp-image-9680  \" title=\"DSC_0004\" src=\"http:\/\/projetocineb.com.br\/wp-content\/uploads\/2017\/04\/DSC_0004.jpg\" alt=\"\" width=\"449\" height=\"284\" \/><\/a><figcaption id=\"caption-attachment-9680\" class=\"wp-caption-text\">Antes de come\u00e7ar a sess\u00e3o, o p\u00fablico saboreia a pipoca de Seu Antonio.<\/figcaption><\/figure>\n<p align=\"justify\">\u201cPequeno Segredo\u201d\u00a0narra a vida\u00a0de uma menina e tr<span style=\"font-family: 'Open Sans';\">\u00ea<\/span><span style=\"font-family: Calibri;\">s mulheres<\/span>\u00a0que compartilham um segredo.\u00a0Hist<span style=\"font-family: 'Open Sans';\">\u00f3<\/span><span style=\"font-family: Calibri;\">rias de amor, fam<\/span><span style=\"font-family: 'Open Sans';\">\u00ed<\/span><span style=\"font-family: Calibri;\">lia, felicidade e frustra<\/span><span style=\"font-family: 'Open Sans';\">\u00e7\u00e3<\/span><span style=\"font-family: Calibri;\">o s<\/span><span style=\"font-family: 'Open Sans';\">\u00e3<\/span><span style=\"font-family: Calibri;\">o interligadas por um<\/span>\u00a0\u00fa<span style=\"font-family: Calibri;\">nico e <\/span>\u201cPequeno Segredo\u201d<span style=\"font-family: Calibri;\">, que o filme revela a partir da metade da hist<\/span><span style=\"font-family: 'Open Sans';\">\u00f3<\/span><span style=\"font-family: Calibri;\">ria<\/span>. Um filme surpreendente e inspirador, que segundo o diretor demorou seis anos para ficar pronto.<\/p>\n<figure id=\"attachment_9683\" aria-describedby=\"caption-attachment-9683\" style=\"width: 430px\" class=\"wp-caption aligncenter\"><a href=\"http:\/\/projetocineb.com.br\/wp-content\/uploads\/2017\/04\/DSC_0015.jpg\"><img decoding=\"async\" class=\" wp-image-9683  \" title=\"DSC_0015\" src=\"http:\/\/projetocineb.com.br\/wp-content\/uploads\/2017\/04\/DSC_0015.jpg\" alt=\"\" width=\"430\" height=\"298\" \/><\/a><figcaption id=\"caption-attachment-9683\" class=\"wp-caption-text\">Isabel Graciana Mendes dos Ramos, presidente da AMAAF.<\/figcaption><\/figure>\n<p align=\"justify\">Para a presidente da AMAAF, Isabel Graciana Mendes dos Ramos, a primeira vez que o Cine B esteve na entidade, em novembro do ano passado, repercutiu bastante entre os associados e frequentadores dos projetos de cultura. \u201cV\u00e1rias pessoas, depois da sess\u00e3o, me encontravam na rua e perguntavam quando o Cine B voltaria\u201d, relembrou. Isabel contou, antes da sess\u00e3o, que a expectativa era grande por conta do bate-papo com o diretor do longa: \u201c\u00c9 uma oportunidade \u00fanica que a comunidade t\u00eam de estar pr\u00f3ximo a um diretor e saber como tudo isso acontece, porque \u00e9 f\u00e1cil ver na tela pronta, mas o que acontece nos bastidores \u00e9 dif\u00edcil de imaginar\u201d.<\/p>\n<figure id=\"attachment_9684\" aria-describedby=\"caption-attachment-9684\" style=\"width: 449px\" class=\"wp-caption aligncenter\"><a href=\"http:\/\/projetocineb.com.br\/wp-content\/uploads\/2017\/04\/DSC_0038.jpg\"><img decoding=\"async\" class=\" wp-image-9684  \" title=\"DSC_0038\" src=\"http:\/\/projetocineb.com.br\/wp-content\/uploads\/2017\/04\/DSC_0038.jpg\" alt=\"\" width=\"449\" height=\"285\" \/><\/a><figcaption id=\"caption-attachment-9684\" class=\"wp-caption-text\">Emily, professora de canto coral, Luiza, diretora da AMAAF, Maria Luciana, frequentadora do espa\u00e7o e Analu, tamb\u00e9m diretora da associa\u00e7\u00e3o.<\/figcaption><\/figure>\n<p align=\"justify\">A AMAAFF oferece diversas atividades culturais como oficinas de teatro, dan\u00e7a e canto coral, al\u00e9m de gin\u00e1stica e oficinas de inform\u00e1tica. Daniela Bontempi, arte-educadora e professora de teatro no espa\u00e7o, foi uma das respons\u00e1veis por levar o Cine B para a associa\u00e7\u00e3o: \u201cpercebi a import\u00e2ncia de trazer o Cine B para esse lugar, que tem uma car\u00eancia cultural e onde as pessoas se interessam por novidades\u201d, explicou.<\/p>\n<figure id=\"attachment_9685\" aria-describedby=\"caption-attachment-9685\" style=\"width: 449px\" class=\"wp-caption aligncenter\"><a href=\"http:\/\/projetocineb.com.br\/wp-content\/uploads\/2017\/04\/DSC_0054.jpg\"><img loading=\"lazy\" decoding=\"async\" class=\" wp-image-9685  \" title=\"DSC_0054\" src=\"http:\/\/projetocineb.com.br\/wp-content\/uploads\/2017\/04\/DSC_0054.jpg\" alt=\"\" width=\"449\" height=\"288\" \/><\/a><figcaption id=\"caption-attachment-9685\" class=\"wp-caption-text\">Muitos jovens presentes na sess\u00e3o.<\/figcaption><\/figure>\n<p align=\"justify\">Irene Luchesi, de 81 anos, moradora da Vila Guarani \u00e9 um exemplo. Ela adora uma novidade e estava l\u00e1 para assistir ao filme e conhecer o diretor. Foi \u00e0 sess\u00e3o acompanha pelo vizinho, Mario Ferreira Ramos. \u201cA gente anda junto por causa da seguran\u00e7a\u201d, confessou. Diz que trabalhou na associa\u00e7\u00e3o mas hoje somente frequenta as aulas de zouka, dan\u00e7a e participa semanalmente do baile que a entidade promove. \u201cEu assisti ao outro filme [\u201cDe Onde Eu Te Vejo\u201d, exibido ano passado] e adorei. N\u00e3o podia perder o de hoje\u201d, comentou.<\/p>\n<figure id=\"attachment_9686\" aria-describedby=\"caption-attachment-9686\" style=\"width: 449px\" class=\"wp-caption aligncenter\"><a href=\"http:\/\/projetocineb.com.br\/wp-content\/uploads\/2017\/04\/DSC_0058.jpg\"><img loading=\"lazy\" decoding=\"async\" class=\" wp-image-9686  \" title=\"DSC_0058\" src=\"http:\/\/projetocineb.com.br\/wp-content\/uploads\/2017\/04\/DSC_0058.jpg\" alt=\"\" width=\"449\" height=\"298\" \/><\/a><figcaption id=\"caption-attachment-9686\" class=\"wp-caption-text\">Irene Luchesi, de 81 anos com o vizinho Mario Ferreira Ramos: &quot;n\u00e3o podia perder&quot;<\/figcaption><\/figure>\n<p align=\"justify\">Na abertura oficial, ao lado do coordenador do Cine B, Cid\u00e1lio Vieira Santos, Isabel lembrou que as pessoas est\u00e3o deixando de ir ao cinema, principalmente aqueles de porta para a rua. \u201cOs cinemas do Centro praticamente acabaram\u201d, lamentou. \u201cPor isso acreditamos nesse projeto. Ele re\u00fane as pessoas, como antigamente os cinemas faziam\u201d, enfatizou.<\/p>\n<figure id=\"attachment_9687\" aria-describedby=\"caption-attachment-9687\" style=\"width: 449px\" class=\"wp-caption aligncenter\"><a href=\"http:\/\/projetocineb.com.br\/wp-content\/uploads\/2017\/04\/DSC_0068.jpg\"><img loading=\"lazy\" decoding=\"async\" class=\" wp-image-9687  \" title=\"DSC_0068\" src=\"http:\/\/projetocineb.com.br\/wp-content\/uploads\/2017\/04\/DSC_0068.jpg\" alt=\"\" width=\"449\" height=\"298\" \/><\/a><figcaption id=\"caption-attachment-9687\" class=\"wp-caption-text\">Na abertura oficial da sess\u00e3o, Isabel, Cid\u00e1lio Vieira Santos e Daniela Bontempi.<\/figcaption><\/figure>\n<p align=\"justify\">\u201cPequeno Segredo\u201d que segurou o p\u00fablico presente, cerca de 80 pessoas\u201d at\u00e9 o fim da sess\u00e3o. O diretor David Sch\u00fcrmann chegou \u00e0 AMAAF pouco antes do filme terminar. Ele contou que estava animado com a possibilidade de conversar com o p\u00fablico. \u201cEu tive meu primeiro filme \u2018O Mundo em Duas Voltas\u2019, exibido no Cine B mas n\u00e3o tive a oportunidade de conhecer o projeto naquele momento\u201d, explicou.<\/p>\n<figure id=\"attachment_9700\" aria-describedby=\"caption-attachment-9700\" style=\"width: 831px\" class=\"wp-caption aligncenter\"><a href=\"http:\/\/projetocineb.com.br\/wp-content\/uploads\/2017\/04\/DSC_0169.jpg\"><img loading=\"lazy\" decoding=\"async\" class=\"size-full wp-image-9700\" title=\"DSC_0169\" src=\"http:\/\/projetocineb.com.br\/wp-content\/uploads\/2017\/04\/DSC_0169.jpg\" alt=\"\" width=\"831\" height=\"516\" \/><\/a><figcaption id=\"caption-attachment-9700\" class=\"wp-caption-text\">O Cine B \u00e9 um evento para as fam\u00edlias das comunidades de S\u00e3o Paulo.<\/figcaption><\/figure>\n<p>Ao final da sess\u00e3o, a produ\u00e7\u00e3o do Cine B montou uma mesa com Sch\u00fcrmann, Daniela Bontempi e Cid\u00e1lio. O p\u00fablico presente demonstrou muito interesse em conhecer mais detelhes sobre a hist\u00f3ria real de Kat e como David encarou contar a hist\u00f3ria da irm\u00e3 adotiva, que foi infectada pelo v\u00edrus da Aids depois de uma transfus\u00e3o de sangue no in\u00edcio dos anos 1990, quando o tratamento a base de coquet\u00e9is estava come\u00e7ando a surtir efeito.<\/p>\n<figure id=\"attachment_9703\" aria-describedby=\"caption-attachment-9703\" style=\"width: 1890px\" class=\"wp-caption aligncenter\"><a href=\"http:\/\/projetocineb.com.br\/wp-content\/uploads\/2017\/04\/Montagem.jpg\"><img loading=\"lazy\" decoding=\"async\" class=\"size-full wp-image-9703\" title=\"Montagem\" src=\"http:\/\/projetocineb.com.br\/wp-content\/uploads\/2017\/04\/Montagem.jpg\" alt=\"\" width=\"1890\" height=\"1417\" \/><\/a><figcaption id=\"caption-attachment-9703\" class=\"wp-caption-text\">Moradores participaram do debate com muitas perguntas.<\/figcaption><\/figure>\n<p>Foi mais de uma hora de depoimentos emocionantes, tanto de David, quanto do p\u00fablico presente que n\u00e3o arredou o p\u00e9 at\u00e9 o fim do bate-papo, elogiando o filme e a luta da m\u00e3e adotiva de Kat, Helo\u00edsa Sch\u00fcrmann, m\u00e3e do cineasta, na luta em defesa da filha.<\/p>\n<p><a href=\"http:\/\/projetocineb.com.br\/wp-content\/uploads\/2017\/04\/DSC_0221.jpg\"><img loading=\"lazy\" decoding=\"async\" class=\"aligncenter size-full wp-image-9705\" title=\"DSC_0221\" src=\"http:\/\/projetocineb.com.br\/wp-content\/uploads\/2017\/04\/DSC_0221.jpg\" alt=\"\" width=\"831\" height=\"552\" \/><\/a><\/p>\n<p>Para a assistente social Ana L\u00facia dos Reis Concei\u00e7\u00e3o que esteve pela segunda vez em uma sess\u00e3o do Cine B, o filme cont\u00e9m uma mensagem pol\u00edtica muito forte. \u201dAl\u00e9m do amor, o filme traz para o debate uma quest\u00e3o social importante. Acho que todo mundo deveria assistir. Inclusive convidei muita gente do bairro, mas infelizmente n\u00e3o s\u00e3o todos que est\u00e3o abertos \u00a0para ter esse tipo de contato e esse tipo de debate. Achei muito rico contar com a presen\u00e7a do diretor, e maravilhoso o trabalho do Cine B. Eu apoio e gostaria que viesse sempre\u201d, finalizou.<\/p>\n<p>Marcelo Cust\u00f3dio Saraiva, mensageiro motociclista e morador da regi\u00e3o, que esteve pela primeira vez numa sess\u00e3o do Cine B, comentou que ficou com uma \u00f3tima impress\u00e3o do projeto e elogiou bastante a qualidade do filme. \u201cPara mim, o personagem principal do filme \u00e9 o amor, que transcede qualquer barreira. [&#8230;] Atravessa parede de pres\u00eddio, atravessa o oceano. E esse amor que o filme passou vai atravessar gera\u00e7\u00f5es. Porque o maior exemplo de doa\u00e7\u00e3o que existe \u00e9 aquele de quem doa seus dias de velhice, como aconteceu com os pais do David. Minha vida vai ser antes e depois desse filme\u201d, abriu o cora\u00e7\u00e3o, emocionado. J\u00e1 para Gabriel Malentac, de 10 anos, que estava acompanho dos pais, da v\u00f3 e da irm\u00e3, e foi um dos que questionou o cineasta, o filme foi \u201ccomovente\u201d. \u201c\u00c9 uma hist\u00f3ria real e tem uma morte nela, e isso d\u00f3i um pouco o cora\u00e7\u00e3o\u201d, refletiu.<\/p>\n<p>Ao final do debate, Sch\u00fcrmann agradeceu o interesse e a participa\u00e7\u00e3o p\u00fablico. \u201cO Cine B \u00e9 uma iniciativa maravilhosa porque o povo est\u00e1 ali sentindo o filme, vivendo o filme e a gente tem a chance de responder as perguntas que ficam na cabe\u00e7a das pessoas\u201d, concluiu.<\/p>\n<p><iframe src=\"https:\/\/www.youtube.com\/embed\/alXPEIdBLQE\" frameborder=\"0\" width=\"560\" height=\"315\"><\/iframe><\/p>\n<p>O CineB \u00e9 um circuito itinerante de cinema realizado pelo Sindicato dos Banc\u00e1rios de S\u00e3o Paulo, Osasco e Regi\u00e3o e pela Brazucah Produ\u00e7\u00f5es. Desde 2007, o j\u00e1 atingiu um p\u00fablico superior a 56 mil espectadores em mais de 430 sess\u00f5es gratuitas realizadas em comunidades de S\u00e3o Paulo. A iniciativa busca democratizar o acesso ao cinema nacional e divulgar os filmes produzidos no Brasil. Foram exibidos na tela do CineB mais de 100 longas-metragens e 69 curtas-metragens, al\u00e9m da realiza\u00e7\u00e3o de pr\u00e9-estreias exclusivas.<\/p>\n","protected":false},"excerpt":{"rendered":"<p>P\u00fablico elogia o trabalho de David Sch\u00fcrmann, diretor do longa \u201cPequeno Segredo\u201d, que participou, na \u00faltima quinta-feira (20\/4) de um[&#8230;]<\/p>\n","protected":false},"author":2,"featured_media":9716,"comment_status":"open","ping_status":"open","sticky":false,"template":"","format":"standard","meta":[],"categories":[2],"tags":[50,63,181,237,252,370,959,1132],"_links":{"self":[{"href":"https:\/\/projetocineb.com.br\/index.php?rest_route=\/wp\/v2\/posts\/9676"}],"collection":[{"href":"https:\/\/projetocineb.com.br\/index.php?rest_route=\/wp\/v2\/posts"}],"about":[{"href":"https:\/\/projetocineb.com.br\/index.php?rest_route=\/wp\/v2\/types\/post"}],"author":[{"embeddable":true,"href":"https:\/\/projetocineb.com.br\/index.php?rest_route=\/wp\/v2\/users\/2"}],"replies":[{"embeddable":true,"href":"https:\/\/projetocineb.com.br\/index.php?rest_route=%2Fwp%2Fv2%2Fcomments&post=9676"}],"version-history":[{"count":0,"href":"https:\/\/projetocineb.com.br\/index.php?rest_route=\/wp\/v2\/posts\/9676\/revisions"}],"wp:featuredmedia":[{"embeddable":true,"href":"https:\/\/projetocineb.com.br\/index.php?rest_route=\/wp\/v2\/media\/9716"}],"wp:attachment":[{"href":"https:\/\/projetocineb.com.br\/index.php?rest_route=%2Fwp%2Fv2%2Fmedia&parent=9676"}],"wp:term":[{"taxonomy":"category","embeddable":true,"href":"https:\/\/projetocineb.com.br\/index.php?rest_route=%2Fwp%2Fv2%2Fcategories&post=9676"},{"taxonomy":"post_tag","embeddable":true,"href":"https:\/\/projetocineb.com.br\/index.php?rest_route=%2Fwp%2Fv2%2Ftags&post=9676"}],"curies":[{"name":"wp","href":"https:\/\/api.w.org\/{rel}","templated":true}]}}