{"id":9718,"date":"2017-05-03T11:07:08","date_gmt":"2017-05-03T14:07:08","guid":{"rendered":"http:\/\/projetocineb.com.br\/?p=9718"},"modified":"2017-05-03T11:07:08","modified_gmt":"2017-05-03T14:07:08","slug":"cine-b-exibe-pequeno-segredo-em-itaquera","status":"publish","type":"post","link":"https:\/\/projetocineb.com.br\/?p=9718","title":{"rendered":"Cine B exibe \u201cPequeno Segredo\u201d em Itaquera"},"content":{"rendered":"<p><em>NCI Juntos Venceremos, em Itaquera exibiu na \u00faltima quinta-fera, 27\/4, o filme \u201cPequeno Segredo\u201d de David Sch\u00fcrmann. Antes da sess\u00e3o, o Grupo Afromix, formado por frequentadoras do espa\u00e7o, fez uma apresenta\u00e7\u00e3o de dan\u00e7a.<\/em><\/p>\n<p>Pela segunda vez, na \u00faltima quinta-feira, 27\/4, \u00e0s v\u00e9speras da Greve Geral que parou o pa\u00eds, o Cine B esteve no N\u00facleo de Conviv\u00eancia do Idoso (NCI) Juntos Venceremos, que fica pr\u00f3ximo ao Conjunto Habitacional Jos\u00e9 Bonif\u00e1cio, Itaquera. Dessa vez para exibir o filme \u201cPequeno Segredo\u201d, de David Sch\u00fcrmann, que conta a hist\u00f3ria real de sua irm\u00e3 adotiva.<\/p>\n<figure id=\"attachment_9720\" aria-describedby=\"caption-attachment-9720\" style=\"width: 449px\" class=\"wp-caption aligncenter\"><a href=\"http:\/\/projetocineb.com.br\/wp-content\/uploads\/2017\/05\/DSC_0006.jpg\"><img fetchpriority=\"high\" decoding=\"async\" class=\" wp-image-9720  \" title=\"DSC_0006\" src=\"http:\/\/projetocineb.com.br\/wp-content\/uploads\/2017\/05\/DSC_0006.jpg\" alt=\"\" width=\"449\" height=\"298\" \/><\/a><figcaption id=\"caption-attachment-9720\" class=\"wp-caption-text\">NCI Juntos Venceremos fica pr\u00f3ximo \u00e1 esta\u00e7\u00e3o Dom Bosco, na Zona Leste.<\/figcaption><\/figure>\n<p>O longa-metragem narra a vida de uma menina e tr\u00eas mulheres que compartilham um segredo. Hist\u00f3rias de amor, fam\u00edlia, felicidade e frustra\u00e7\u00e3o s\u00e3o interligadas por um \u00fanico e \u201cPequeno Segredo\u201d, que o filme revela a partir da metade da hist\u00f3ria. Um filme surpreendente e inspirador, que segundo o diretor demorou seis anos para ficar pronto. Integram o elenco do filme a atriz Julia Lemmertz e o ator Marcello Antony.<\/p>\n<p style=\"text-align: center;\"><a href=\"http:\/\/projetocineb.com.br\/wp-content\/uploads\/2017\/05\/DSC_0021.jpg\"><img decoding=\"async\" class=\"aligncenter  wp-image-9721\" title=\"DSC_0021\" src=\"http:\/\/projetocineb.com.br\/wp-content\/uploads\/2017\/05\/DSC_0021.jpg\" alt=\"&quot;As Macarenas&quot;, apresenta\u00e7\u00e3o do grupo de Dan\u00e7a Afromix coordenado pela professora Tyninha Rocha.\" width=\"447\" height=\"298\" \/><\/a><\/p>\n<p>A primeira vez que o Cine B esteve no NCI Juntos Venceremos, em novembro do ano passado, exibiu \u201cCorda Bamba &#8211; Hist\u00f3ria de uma Menina Equilibrista\u201d e foi muito bem recebido pelo p\u00fablico, na maioria idosos que moram pr\u00f3ximo ao espa\u00e7o. E desta vez n\u00e3o foi diferente. Segundo Cl\u00e1udia Marques Martins, gerente de servi\u00e7os do NCI, a repercuss\u00e3o da sess\u00e3o foi \u00f3tima, \u201ccomentaram muito sobre a sess\u00e3o de cinema e insistiram para o projeto voltar. Por isso entrei em contato com o Cid\u00e1lio [Vieira Santos, coordenador do Cine B]\u201d. Cl\u00e1udia explica que a maioria das pessoas que frequenta o espa\u00e7o n\u00e3o tem condi\u00e7\u00f5es de ir ao cinema. \u201cSe vai ao cinema, n\u00e3o vai sozinho, vai levar outra pessoa, vai gastar com transporte, pipoca, tudo isso sai caro. E com o Cine B, todos podem vir curtir um filme de qualidade e at\u00e9 a pipoca \u00e9 de gra\u00e7a\u201d, conclui.<\/p>\n<figure id=\"attachment_9722\" aria-describedby=\"caption-attachment-9722\" style=\"width: 449px\" class=\"wp-caption aligncenter\"><a href=\"http:\/\/projetocineb.com.br\/wp-content\/uploads\/2017\/05\/DSC_0096.jpg\"><img decoding=\"async\" class=\" wp-image-9722  \" title=\"DSC_0096\" src=\"http:\/\/projetocineb.com.br\/wp-content\/uploads\/2017\/05\/DSC_0096.jpg\" alt=\"\" width=\"449\" height=\"298\" \/><\/a><figcaption id=\"caption-attachment-9722\" class=\"wp-caption-text\">Os ganhadores dos livros doados pela ONG Eh Aqui.<\/figcaption><\/figure>\n<p>O NCI \u00e9 administrado pelo ONG Juntos &#8211; Jardins Unidos em Torno das Obras Sociais &#8211; antiga parceira do Cine B, e oferece atividades como gin\u00e1stica, dan\u00e7a, ioga, roda de conversa e passeios para os 120 idosos que frequentam diariamente o espa\u00e7o, divididos entre os per\u00edodos da manh\u00e3 e da tarde.<\/p>\n<figure id=\"attachment_9723\" aria-describedby=\"caption-attachment-9723\" style=\"width: 449px\" class=\"wp-caption aligncenter\"><a href=\"http:\/\/projetocineb.com.br\/wp-content\/uploads\/2017\/05\/DSC_0147.jpg\"><img loading=\"lazy\" decoding=\"async\" class=\" wp-image-9723  \" title=\"DSC_0147\" src=\"http:\/\/projetocineb.com.br\/wp-content\/uploads\/2017\/05\/DSC_0147.jpg\" alt=\"\" width=\"449\" height=\"298\" \/><\/a><figcaption id=\"caption-attachment-9723\" class=\"wp-caption-text\">O coordenador do Cine B, Cid\u00e1lio Vieira Santos e a gerente do NCI, Cl\u00e1udia Martins com o trof\u00e9u do 7\u00ba Premio CineB, recebido pela entidade em dezembro de 2016.<\/figcaption><\/figure>\n<p>Um dos destaques da sess\u00e3o no NCI foi uma apresenta\u00e7\u00e3o de dan\u00e7a das frequentadoras do espa\u00e7o. Antes da exibi\u00e7\u00e3o do filme, alunas de Afromix fizeram uma apresenta\u00e7\u00e3o tendo como base a m\u00fasica \u201cMacarena\u201d. Segundo a professora Tyninha Rocha, a Dan\u00e7a Afromix foi criada pelo Mestre Tico, e tem como base os movimentos da capoeira. \u201c\u00c9 poss\u00edvel dan\u00e7ar todos os ritmos de uma forma diferente, resgatando a nossa cultura popular e a ancestralidade\u201d, explicou. O grupo se apresentou pouco antes da abertura oficial da sess\u00e3o, que foi seguida por uma sauda\u00e7\u00e3o especial do diretor do filme, David Sch\u00fcrmann, aos frequentadores do espa\u00e7o. A mensagem foi gravada quando ele esteve na sess\u00e3o da \u00c1gua Funda, no dia 20 de abril.<\/p>\n<figure id=\"attachment_9724\" aria-describedby=\"caption-attachment-9724\" style=\"width: 449px\" class=\"wp-caption aligncenter\"><a href=\"http:\/\/projetocineb.com.br\/wp-content\/uploads\/2017\/05\/DSC_0282.jpg\"><img loading=\"lazy\" decoding=\"async\" class=\" wp-image-9724  \" title=\"DSC_0282\" src=\"http:\/\/projetocineb.com.br\/wp-content\/uploads\/2017\/05\/DSC_0282.jpg\" alt=\"\" width=\"449\" height=\"298\" \/><\/a><figcaption id=\"caption-attachment-9724\" class=\"wp-caption-text\">A angolana Angelica Souza Tomas, integrante do grupo de dan\u00e7a com uma edi\u00e7\u00e3o do jornal Le Monde Diplomatique Brasil, que apoia o projeto.<\/figcaption><\/figure>\n<p>Antes de come\u00e7ar o filme, tamb\u00e9m foram sorteados cerca de dez livros, doados pela ONG Eh Aqui, uma parceira do Cine B que funciona como uma facilitadora na doa\u00e7\u00e3o de livros, visando democratizar o acesso \u00e0 cultura.<\/p>\n<figure id=\"attachment_9725\" aria-describedby=\"caption-attachment-9725\" style=\"width: 449px\" class=\"wp-caption aligncenter\"><a href=\"http:\/\/projetocineb.com.br\/wp-content\/uploads\/2017\/05\/DSC_0300.jpg\"><img loading=\"lazy\" decoding=\"async\" class=\" wp-image-9725  \" title=\"DSC_0300\" src=\"http:\/\/projetocineb.com.br\/wp-content\/uploads\/2017\/05\/DSC_0300.jpg\" alt=\"\" width=\"449\" height=\"298\" \/><\/a><figcaption id=\"caption-attachment-9725\" class=\"wp-caption-text\">Ana Celma Albuquerque com os netos Vit\u00f3ria, Melissa e Guilherme &quot;Essa magia do cinema me encanta demais&quot;.<\/figcaption><\/figure>\n<p>Ao final da sess\u00e3o, o p\u00fablico aplaudiu bastante o filme, que emocionou muitos dos presentes. Foi o caso de Isabela de Moraes Ros\u00e1rio, que estava acompanhado do namorado e amigas. Ela achou o filme um pouco lento no in\u00edcio, \u201cmas o final me emocionou muito, quanto aconteceram coisas que eu n\u00e3o esperava\u201d, comentou. J\u00e1 para Maria Jos\u00e9 Santana Gomes, que mora a um quarteir\u00e3o do NCI, o filme foi muito \u201cbonito\u201d. \u201cGostei mais hoje do que da outra vez [sess\u00e3o de dezembro]. O outro filme era bonito tamb\u00e9m, mas agora tinham artistas que a gente conhece\u201d, comentou.<\/p>\n<figure id=\"attachment_9726\" aria-describedby=\"caption-attachment-9726\" style=\"width: 449px\" class=\"wp-caption aligncenter\"><a href=\"http:\/\/projetocineb.com.br\/wp-content\/uploads\/2017\/05\/DSC_0297.jpg\"><img loading=\"lazy\" decoding=\"async\" class=\" wp-image-9726  \" title=\"DSC_0297\" src=\"http:\/\/projetocineb.com.br\/wp-content\/uploads\/2017\/05\/DSC_0297.jpg\" alt=\"\" width=\"449\" height=\"298\" \/><\/a><figcaption id=\"caption-attachment-9726\" class=\"wp-caption-text\">Ganhadoras dos brindes do Cine B. At\u00e9 a pr\u00f3xima sess\u00e3o!<\/figcaption><\/figure>\n<p>O CineB \u00e9 um circuito itinerante de cinema realizado pelo Sindicato dos Banc\u00e1rios de S\u00e3o Paulo, Osasco e Regi\u00e3o e pela Brazucah Produ\u00e7\u00f5es. Desde 2007, o j\u00e1 atingiu um p\u00fablico superior a 56 mil espectadores em mais de 430 sess\u00f5es gratuitas realizadas em comunidades de S\u00e3o Paulo. A iniciativa busca democratizar o acesso ao cinema nacional e divulgar os filmes produzidos no Brasil. Foram exibidos na tela do CineB mais de 100 longas-metragens e 69 curtas-metragens, al\u00e9m da realiza\u00e7\u00e3o de pr\u00e9-estreias exclusivas.<\/p>\n","protected":false},"excerpt":{"rendered":"<p>NCI Juntos Venceremos, em Itaquera exibiu na \u00faltima quinta-fera, 27\/4, o filme \u201cPequeno Segredo\u201d de David Sch\u00fcrmann. Antes da sess\u00e3o,[&#8230;]<\/p>\n","protected":false},"author":2,"featured_media":9719,"comment_status":"open","ping_status":"open","sticky":false,"template":"","format":"standard","meta":[],"categories":[2],"tags":[154,181,237,242,370,656,839,841,887,959,1132],"_links":{"self":[{"href":"https:\/\/projetocineb.com.br\/index.php?rest_route=\/wp\/v2\/posts\/9718"}],"collection":[{"href":"https:\/\/projetocineb.com.br\/index.php?rest_route=\/wp\/v2\/posts"}],"about":[{"href":"https:\/\/projetocineb.com.br\/index.php?rest_route=\/wp\/v2\/types\/post"}],"author":[{"embeddable":true,"href":"https:\/\/projetocineb.com.br\/index.php?rest_route=\/wp\/v2\/users\/2"}],"replies":[{"embeddable":true,"href":"https:\/\/projetocineb.com.br\/index.php?rest_route=%2Fwp%2Fv2%2Fcomments&post=9718"}],"version-history":[{"count":0,"href":"https:\/\/projetocineb.com.br\/index.php?rest_route=\/wp\/v2\/posts\/9718\/revisions"}],"wp:featuredmedia":[{"embeddable":true,"href":"https:\/\/projetocineb.com.br\/index.php?rest_route=\/wp\/v2\/media\/9719"}],"wp:attachment":[{"href":"https:\/\/projetocineb.com.br\/index.php?rest_route=%2Fwp%2Fv2%2Fmedia&parent=9718"}],"wp:term":[{"taxonomy":"category","embeddable":true,"href":"https:\/\/projetocineb.com.br\/index.php?rest_route=%2Fwp%2Fv2%2Fcategories&post=9718"},{"taxonomy":"post_tag","embeddable":true,"href":"https:\/\/projetocineb.com.br\/index.php?rest_route=%2Fwp%2Fv2%2Ftags&post=9718"}],"curies":[{"name":"wp","href":"https:\/\/api.w.org\/{rel}","templated":true}]}}