{"id":9757,"date":"2017-05-04T19:40:26","date_gmt":"2017-05-04T22:40:26","guid":{"rendered":"http:\/\/projetocineb.com.br\/?p=9757"},"modified":"2017-05-04T19:40:26","modified_gmt":"2017-05-04T22:40:26","slug":"tres-filmes-sao-destaque-em-maio","status":"publish","type":"post","link":"https:\/\/projetocineb.com.br\/?p=9757","title":{"rendered":"Tr\u00eas filmes s\u00e3o destaque em maio"},"content":{"rendered":"<p><em><span style=\"font-size: small;\">\u201cElis\u201d, de Hugo Prata, \u201cJonas e o Circo sem Lona\u201d, de Paula Gomes e \u201cPor tr\u00e1s do C\u00e9u\u201d, de Caio S\u00f3h, todos filmes que entraram recentemente em cartaz ser\u00e3o exibidos entre o dia 18 e 25 de maio no Cine B.<\/span><\/em><\/p>\n<p><span style=\"font-size: small;\">\u00a0<\/span><span style=\"font-size: small;\">Maio come\u00e7ou e o Cine B j\u00e1 est\u00e1 com as atra\u00e7\u00f5es do m\u00eas definidas. Tr\u00eas filmes v\u00e3o estrear nas telas de um dos maiores programas de democratiza\u00e7\u00e3o do cinema brasileiro do Brasil. Os filmes entraram recentemente em cartaz, entre o final do ano passado e o in\u00edcio deste ano. S\u00e3o eles: \u201cElis\u201d, de Hugo Prata, \u201cJonas e o Circo sem Lona\u201d, de Paula Gomes e \u201cPor tr\u00e1s do C\u00e9u\u201d, de Caio S\u00f3h.<\/span><\/p>\n<figure id=\"attachment_9760\" aria-describedby=\"caption-attachment-9760\" style=\"width: 900px\" class=\"wp-caption aligncenter\"><a href=\"http:\/\/projetocineb.com.br\/wp-content\/uploads\/2017\/05\/Elis-andreia-horta.jpg\"><img fetchpriority=\"high\" decoding=\"async\" class=\"size-full wp-image-9760\" title=\"Elis-andreia-horta\" src=\"http:\/\/projetocineb.com.br\/wp-content\/uploads\/2017\/05\/Elis-andreia-horta.jpg\" alt=\"\" width=\"900\" height=\"604\" \/><\/a><figcaption id=\"caption-attachment-9760\" class=\"wp-caption-text\">&#8220;Elis&#8221;, Um filme de Hugo Prata com Andreia Horta, Caco Ciocler, Gustavo Machado e L\u00facio Mauro Filho<\/figcaption><\/figure>\n<p><span style=\"font-size: small;\">O elogiado \u201cElis\u201d, conta a vida de Elis Regina Carvalho Costa, cantora desde crian\u00e7a, que entra na vida adulta deixando o Rio Grande do Sul para espalhar seu talento pelo Brasil a partir do Rio de Janeiro. Em r\u00e1pida ascens\u00e3o, ela logo conquista uma legi\u00e3o de f\u00e3s, entre eles o famoso compositor e produtor Ronaldo B\u00f4scoli, com quem acaba se casando. Estrela de TV, pol\u00eamica, intensa e briguenta, a &#8220;Pimentinha&#8221; n\u00e3o tarda a ser reconhecida como a maior voz do Brasil, em carreira marcada por altos e baixos. Com dire\u00e7\u00e3o de Hugo Prata, traz no elenco Andreia Horta, Gustavo Machado e Caco Ciolcler entre outros. Ser\u00e1 exibido em dois locais: Na Regional Osasco do Sindicato dos Banc\u00e1rios (dia 18) e na EMEF Desembargador Amorim Lima (dia 20).<\/span><\/p>\n<figure id=\"attachment_9767\" aria-describedby=\"caption-attachment-9767\" style=\"width: 640px\" class=\"wp-caption aligncenter\"><a href=\"http:\/\/projetocineb.com.br\/wp-content\/uploads\/2017\/05\/Jonas-e-o-Circo-Sem-Lona.jpg\"><img decoding=\"async\" class=\"size-full wp-image-9767\" title=\"Jonas-e-o-Circo-Sem-Lona\" src=\"http:\/\/projetocineb.com.br\/wp-content\/uploads\/2017\/05\/Jonas-e-o-Circo-Sem-Lona.jpg\" alt=\"\" width=\"640\" height=\"360\" \/><\/a><figcaption id=\"caption-attachment-9767\" class=\"wp-caption-text\">&#8220;Jonas e o Circo sem Lona&#8221; \u00e9 um document\u00e1rio sobre a vida de uma crian\u00e7a que sonha em trabalhar no circo com o tio.<\/figcaption><\/figure>\n<p>&nbsp;<\/p>\n<p><span style=\"font-size: small;\">\u201cJonas e o Circo sem Lona\u201d \u00e9 um document\u00e1rio de Paula Gomes. <\/span><span style=\"font-size: small;\">Aos 13 anos de idade, Jonas \u00e9 filho e neto de artistas de circo. O garoto tem seu pr\u00f3prio circo improvisado, frequentado pelos moradores do pobre bairro onde vive, na Bahia. \u00c9 ele quem coordena os n\u00fameros, prepara os figurinos, a m\u00fasica e controla os ingressos. Jonas pretende abandonar a escola para se juntar ao tio e viver num circo itinerante, mas a m\u00e3e prefere que ele permane\u00e7a na escola. No meio desta briga, ele descobre as dificuldades da vida adulta. <\/span><span style=\"font-size: small;\">Ser\u00e1 exibido no Instituto Pared\u00e3o, no Rio Pequeno (dia 27).<\/span><\/p>\n<p>&nbsp;<\/p>\n<figure id=\"attachment_9762\" aria-describedby=\"caption-attachment-9762\" style=\"width: 827px\" class=\"wp-caption aligncenter\"><a href=\"http:\/\/projetocineb.com.br\/wp-content\/uploads\/2017\/05\/por-tras-do-ceu-3.jpeg\"><img decoding=\"async\" class=\"size-full wp-image-9762\" title=\"por-tras-do-ceu-3\" src=\"http:\/\/projetocineb.com.br\/wp-content\/uploads\/2017\/05\/por-tras-do-ceu-3.jpeg\" alt=\"\" width=\"827\" height=\"613\" \/><\/a><figcaption id=\"caption-attachment-9762\" class=\"wp-caption-text\">&#8220;Por Tr\u00e1s do C\u00e9u&#8221;, de Caio S\u00f3h, apresenta um universo on\u00edrico.<\/figcaption><\/figure>\n<p><span style=\"font-size: small;\">J\u00e1 o filme \u201cPor tr\u00e1s do C\u00e9u\u201d, de Caio S\u00f3h, foi lan\u00e7ado em mar\u00e7o deste ano e narra a hist\u00f3ria de Aparecida, e seu sonho de ver de perto o que existe al\u00e9m do seu mundo \u2013 seja a cidade, seja o firmamento. No que parece ser um pequeno vilarejo nos confins do sert\u00e3o nordestino, Aparecida e seu marido Edivaldo, veem suas mon\u00f3tonas vidas passarem sem sentido. Indignada com Deus e o diabo, a mulher questiona a exist\u00eancia, a dor e os limites do ser humano e vai atr\u00e1s de seu destino. Com Nathalia Dill, Erm\u00edlio Orciollo Neto e Renato G\u00f3es no elenco. Ser\u00e1 exibido em uma sess\u00e3o especial, na Regional Paulista (dia 25) com a presen\u00e7a do produtor do filme, Denis Feij\u00e3o.<\/span><\/p>\n<p><span style=\"font-size: small;\">Para o coordenador do Cine B, Cid\u00e1lio Vieira Santos, cada vez mais o projeto vai se sintonizando no que de melhor tem sido feito pela produ\u00e7\u00e3o nacional. \u201cAtores, produtores e diretores reconhecem no Cine B um importante canal de acesso \u00e0 popula\u00e7\u00e3o brasileira aos filmes produzidos no pa\u00eds, que muitas vezes nem sequer chegam ao p\u00fablico\u201d, destaca.<\/span><\/p>\n<p><span style=\"font-size: small;\">O CineB \u00e9 um circuito itinerante de cinema realizado pelo Sindicato dos Banc\u00e1rios de S\u00e3o Paulo, Osasco e Regi\u00e3o e pela Brazucah Produ\u00e7\u00f5es. Desde 2007, o j\u00e1 atingiu um p\u00fablico superior a 56 mil espectadores em mais de 430 sess\u00f5es gratuitas realizadas em comunidades de S\u00e3o Paulo. A iniciativa busca democratizar o acesso ao cinema nacional e divulgar os filmes produzidos no Brasil. Foram exibidos na tela do CineB mais de 100 longas-metragens e 69 curtas-metragens, al\u00e9m da realiza\u00e7\u00e3o de pr\u00e9-estreias exclusivas.<\/span><\/p>\n<p><span style=\"font-size: small;\">\u00a0<\/span><\/p>\n<p><strong><span style=\"font-size: small;\">SERVI\u00c7O<\/span><\/strong><\/p>\n<p><strong><span style=\"font-size: small;\">FILME: ELIS<\/span><\/strong><\/p>\n<p><strong><span style=\"font-size: small;\">DIA: 18 de maio, quinta-feira, 19h<\/span><\/strong><\/p>\n<p><strong><span style=\"font-size: small;\">LOCAL: <\/span><\/strong><span style=\"font-size: small;\">Sal\u00e3o de Festas da\u00a0Regional de Osasco <\/span><\/p>\n<p><strong><span style=\"font-size: small;\">ENDERE\u00c7O: <\/span><\/strong><span style=\"font-size: small;\">Rua Presidente Castelo Branco, 150 \u2013 Centro. Osasco<\/span><\/p>\n<p><strong><span style=\"font-size: small;\">RETIRADA DE CONVITES: <\/span><\/strong><span style=\"font-size: small;\">No local ou pelo\u00a0e-mail producaocineb@brazucah.com.br<\/span><\/p>\n<p><strong><span style=\"font-size: small;\">\u00a0<\/span><\/strong><\/p>\n<p><strong><span style=\"font-size: small;\">FILME: ELIS<\/span><\/strong><\/p>\n<p><strong><span style=\"font-size: small;\">DIA: 20\u00a0de maio, s\u00e1bado, 19h<\/span><\/strong><\/p>\n<p><strong><span style=\"font-size: small;\">LOCAL: <\/span><\/strong><span style=\"font-size: small;\">EMEF Desembargador Amorim Lima<\/span><\/p>\n<p><strong><span style=\"font-size: small;\">ENDERE\u00c7O: <\/span><\/strong><span style=\"font-size: small;\">Professor Vicente Peixoto,250 &#8211; Butant\u00e3. S\u00e3o Paulo<\/span><\/p>\n<p><strong><span style=\"font-size: small;\">PONTO DE REFER\u00caNCIA:\u00a0<\/span><\/strong><span style=\"font-size: small;\">Pra\u00e7a Elis Regina<\/span><\/p>\n<p><strong><span style=\"font-size: small;\">RETIRADA DE CONVITES: <\/span><\/strong><span style=\"font-size: small;\">Secretaria da escola<\/span><\/p>\n<p><strong><span style=\"font-size: small;\">INFORMA\u00c7\u00d5ES: <\/span><\/strong><span style=\"font-size: small;\">producaocineb@brazucah.com.br<\/span><\/p>\n<p><strong><span style=\"font-size: small;\">\u00a0<\/span><\/strong><\/p>\n<p><strong><span style=\"font-size: small;\">FILME: A DEFINIR<\/span><\/strong><\/p>\n<p><strong><span style=\"font-size: small;\">DIA: 23 de maio, ter\u00e7a-feira, 19h<\/span><\/strong><\/p>\n<p><strong><span style=\"font-size: small;\">LOCAL: <\/span><\/strong><span style=\"font-size: small;\">Audit\u00f3rio do Campus Morumbi da Universidade FIAM-FAAM<\/span><\/p>\n<p><strong><span style=\"font-size: small;\">ENDERE\u00c7O: <\/span><\/strong><span style=\"font-size: small;\">Avenida Morumbi, 501 &#8211; Morumbi. S\u00e3o Paulo<\/span><\/p>\n<p><strong><span style=\"font-size: small;\">RETIRADA DE CONVITES: <\/span><\/strong><span style=\"font-size: small;\">S<\/span><span style=\"font-size: small;\">ecretaria da Universidade<\/span><\/p>\n<p><strong><span style=\"font-size: small;\">INFORMA\u00c7\u00d5ES: <\/span><\/strong><span style=\"font-size: small;\">producaocineb@brazucah.com.br<\/span><\/p>\n<p><strong><span style=\"font-size: small;\">\u00a0<\/span><\/strong><\/p>\n<p><strong><span style=\"font-size: small;\">FILME: POR TR\u00c1S DO C\u00c9U<\/span><\/strong><\/p>\n<p><strong><span style=\"font-size: small;\">DIA:\u00a025 de maio, quinta-feira, 19h<\/span><\/strong><\/p>\n<p><strong><span style=\"font-size: small;\">LOCAL: <\/span><\/strong><span style=\"font-size: small;\">Regional Paulista do Sindicato dos Banc\u00e1rios<\/span><\/p>\n<p><strong><span style=\"font-size: small;\">ENDERE\u00c7O: <\/span><\/strong><span style=\"font-size: small;\">Rua Carlos Sampaio, 305 &#8211; Bela Vista. S\u00e3o Paulo<\/span><\/p>\n<p><strong><span style=\"font-size: small;\">PONTO DE REFER\u00caNCIA: <\/span><\/strong><span style=\"font-size: small;\">Pr\u00f3ximo metr\u00f4 Brigadeiro<\/span><\/p>\n<p><strong><span style=\"font-size: small;\">RETIRADA DE CONVITES: <\/span><\/strong><span style=\"font-size: small;\">Regional ou pelo e-mail producaocineb@brazucah.com.br<\/span><\/p>\n<p><strong><span style=\"font-size: small;\">\u00a0<\/span><\/strong><\/p>\n<p><strong><span style=\"font-size: small;\">FILME: JONAS E O CIRCO SEM LONA<\/span><\/strong><\/p>\n<p><strong><span style=\"font-size: small;\">DIA: 27 de maio, s\u00e1bado, 19h<\/span><\/strong><\/p>\n<p><strong><span style=\"font-size: small;\">LOCAL: <\/span><\/strong><span style=\"font-size: small;\">Instituto Pared\u00e3o<\/span><\/p>\n<p><strong><span style=\"font-size: small;\">ENDERE\u00c7O: <\/span><\/strong><span style=\"font-size: small;\">Avenida Pujais Sabate, s\/n (quadra de esportes) &#8211; Rio Pequeno. S\u00e3o Paulo.<\/span><\/p>\n<p><strong><span style=\"font-size: small;\">RETIRADA DE CONVITES: <\/span><\/strong><span style=\"font-size: small;\">Bar da Jeane (Rua Raul Soares, 36) ou Mercadinho do Vale (Av. Rio Pequeno, 827. Falar com Cris)<\/span><\/p>\n<p><strong><span style=\"font-size: small;\">INFORMA\u00c7\u00d5ES: <\/span><\/strong><span style=\"font-size: small;\">producaocineb@brazucah.com.br<\/span><\/p>\n\r\n\t<div class=\"slideshow_container slideshow_container_style-light\" style=\"height: 600px; \" data-slideshow-id=\"13239\" data-style-name=\"style-light\" data-style-version=\"2.3.1\" >\r\n\r\n\t\t\t\t\t<div class=\"slideshow_loading_icon\"><\/div>\r\n\t\t\r\n\t\t<div class=\"slideshow_content\" style=\"display: none;\">\r\n\r\n\t\t\t<div class=\"slideshow_view\">\r\n\t\t\t\t<div class=\"slideshow_slide slideshow_slide_image\">\r\n\t\t\t\t\t\t\t\t\t\t\t<img src=\"https:\/\/projetocineb.com.br\/wp-content\/uploads\/2026\/04\/WhatsApp-Image-2026-04-27-at-12.57.46.jpeg\" alt=\"WhatsApp Image 2026-04-27 at 12.57.46\" width=\"1131\" height=\"1600\" \/>\r\n\t\t\t\t\t\t\t\t\t\t<div class=\"slideshow_description_box slideshow_transparent\">\r\n\t\t\t\t\t\t<div class=\"slideshow_title\">WhatsApp Image 2026-04-27 at 12.57.46<\/div>\t\t\t\t\t\t\t\t\t\t\t<\/div>\r\n\t\t\t\t<\/div>\r\n\r\n\t\t\t\t\t\t<div style=\"clear: both;\"><\/div><\/div><div class=\"slideshow_view\">\r\n\t\t\t\t<div class=\"slideshow_slide slideshow_slide_image\">\r\n\t\t\t\t\t\t\t\t\t\t\t<img src=\"https:\/\/projetocineb.com.br\/wp-content\/uploads\/2026\/04\/WhatsApp-Image-2026-04-27-at-12.57.46-1.jpeg\" alt=\"WhatsApp Image 2026-04-27 at 12.57.46 (1)\" width=\"1131\" height=\"1600\" \/>\r\n\t\t\t\t\t\t\t\t\t\t<div class=\"slideshow_description_box slideshow_transparent\">\r\n\t\t\t\t\t\t<div class=\"slideshow_title\">WhatsApp Image 2026-04-27 at 12.57.46 (1)<\/div>\t\t\t\t\t\t\t\t\t\t\t<\/div>\r\n\t\t\t\t<\/div>\r\n\r\n\t\t\t\t\t\t<div style=\"clear: both;\"><\/div><\/div>\r\n\t\t<\/div>\r\n\r\n\t\t<div class=\"slideshow_controlPanel slideshow_transparent\" style=\"display: none;\"><ul><li class=\"slideshow_togglePlay\" data-play-text=\"Acionar\" data-pause-text=\"Pausar\"><\/li><\/ul><\/div>\r\n\r\n\t\t<div class=\"slideshow_button slideshow_previous slideshow_transparent\" role=\"button\" data-previous-text=\"Anterior\" style=\"display: none;\"><\/div>\r\n\t\t<div class=\"slideshow_button slideshow_next slideshow_transparent\" role=\"button\" data-next-text=\"Pr\u00f3ximo\" style=\"display: none;\"><\/div>\r\n\r\n\t\t<div class=\"slideshow_pagination\" style=\"display: none;\" data-go-to-text=\"Ir para o slide\"><div class=\"slideshow_pagination_center\"><\/div><\/div>\r\n\r\n\t\t<!-- WordPress Slideshow Version 2.3.1 -->\r\n\r\n\t\t\t<\/div>\r\n\r\n\n<p>&nbsp;<\/p>\n","protected":false},"excerpt":{"rendered":"<p>\u201cElis\u201d, de Hugo Prata, \u201cJonas e o Circo sem Lona\u201d, de Paula Gomes e \u201cPor tr\u00e1s do C\u00e9u\u201d, de Caio[&#8230;]<\/p>\n","protected":false},"author":2,"featured_media":9769,"comment_status":"open","ping_status":"open","sticky":false,"template":"","format":"standard","meta":[],"categories":[2],"tags":[154,181,237,252,448,471,976,1132],"_links":{"self":[{"href":"https:\/\/projetocineb.com.br\/index.php?rest_route=\/wp\/v2\/posts\/9757"}],"collection":[{"href":"https:\/\/projetocineb.com.br\/index.php?rest_route=\/wp\/v2\/posts"}],"about":[{"href":"https:\/\/projetocineb.com.br\/index.php?rest_route=\/wp\/v2\/types\/post"}],"author":[{"embeddable":true,"href":"https:\/\/projetocineb.com.br\/index.php?rest_route=\/wp\/v2\/users\/2"}],"replies":[{"embeddable":true,"href":"https:\/\/projetocineb.com.br\/index.php?rest_route=%2Fwp%2Fv2%2Fcomments&post=9757"}],"version-history":[{"count":0,"href":"https:\/\/projetocineb.com.br\/index.php?rest_route=\/wp\/v2\/posts\/9757\/revisions"}],"wp:featuredmedia":[{"embeddable":true,"href":"https:\/\/projetocineb.com.br\/index.php?rest_route=\/wp\/v2\/media\/9769"}],"wp:attachment":[{"href":"https:\/\/projetocineb.com.br\/index.php?rest_route=%2Fwp%2Fv2%2Fmedia&parent=9757"}],"wp:term":[{"taxonomy":"category","embeddable":true,"href":"https:\/\/projetocineb.com.br\/index.php?rest_route=%2Fwp%2Fv2%2Fcategories&post=9757"},{"taxonomy":"post_tag","embeddable":true,"href":"https:\/\/projetocineb.com.br\/index.php?rest_route=%2Fwp%2Fv2%2Ftags&post=9757"}],"curies":[{"name":"wp","href":"https:\/\/api.w.org\/{rel}","templated":true}]}}