{"id":9777,"date":"2017-05-20T13:11:21","date_gmt":"2017-05-20T16:11:21","guid":{"rendered":"http:\/\/projetocineb.com.br\/?p=9777"},"modified":"2017-05-20T13:11:21","modified_gmt":"2017-05-20T16:11:21","slug":"elis-e-atracao-na-regional-osasco","status":"publish","type":"post","link":"https:\/\/projetocineb.com.br\/?p=9777","title":{"rendered":"&#8220;Elis&#8221; \u00e9 atra\u00e7\u00e3o na Regional Osasco"},"content":{"rendered":"<p><em>O filme Elis, dirigido por Hugo Prata, estreou no CineB na \u00faltima quinta-feira, 18\/5, na Regional Osasco, e contou com a presen\u00e7a de alunos da EE Jos\u00e9 Liberatti.<\/em><\/p>\n<p><em><\/em><br \/>\n\u00c0s v\u00e9speras de completar 10 anos do in\u00edcio do projeto &#8211; o lan\u00e7amento aconteceu no dia 21 de maio de 2007, no Caf\u00e9 dos Banc\u00e1rios, com a exibi\u00e7\u00e3o do filme \u201cTapete Vermelho\u201d &#8211; o Cine B esteve na Regional Osasco do Sindicato dos Banc\u00e1rios na \u00faltima quinta-feira, 18 de maio, para exibir pela primeira vez o filme \u201cElis\u201d dirigido por Hugo Prata. Antes do longa, foram exibidos os curta-metragens \u201cAnimais\u201d, da Oca Animations e \u201cCores &amp; Botas\u201d de Juliana Vicente.<\/p>\n<figure id=\"attachment_9780\" aria-describedby=\"caption-attachment-9780\" style=\"width: 831px\" class=\"wp-caption aligncenter\"><a href=\"http:\/\/projetocineb.com.br\/wp-content\/uploads\/2017\/05\/DSC_0002.jpg\"><img fetchpriority=\"high\" decoding=\"async\" class=\"size-full wp-image-9780\" title=\"DSC_0002\" src=\"http:\/\/projetocineb.com.br\/wp-content\/uploads\/2017\/05\/DSC_0002.jpg\" alt=\"\" width=\"831\" height=\"552\" \/><\/a><figcaption id=\"caption-attachment-9780\" class=\"wp-caption-text\">Cartaz do filme &quot;Elis&quot; na Regional Osasco, que fez a primeira exibi\u00e7\u00e3o do CineB h\u00e1 10 anos.<\/figcaption><\/figure>\n<p>O longa-metragem conta a vida de Elis Regina Carvalho Costa, cantora desde crian\u00e7a, que entra na vida adulta deixando o Rio Grande do Sul para espalhar seu talento pelo Brasil a partir do Rio de Janeiro. Em r\u00e1pida ascens\u00e3o, ela logo conquista uma legi\u00e3o de f\u00e3s, entre eles o famoso compositor e produtor Ronaldo B\u00f4scoli, com quem acaba se casando. Estrela de TV, pol\u00eamica, intensa e briguenta, a &#8220;Pimentinha&#8221; n\u00e3o tarda a ser reconhecida como a maior voz do Brasil, em carreira marcada por altos e baixos. Andreia Horta em excelente atua\u00e7\u00e3o interpreta Elis, al\u00e9m de Gustavo Machado e Caco Ciocler entre outros.<\/p>\n<figure id=\"attachment_9781\" aria-describedby=\"caption-attachment-9781\" style=\"width: 831px\" class=\"wp-caption aligncenter\"><a href=\"http:\/\/projetocineb.com.br\/wp-content\/uploads\/2017\/05\/DSC_0011.jpg\"><img decoding=\"async\" class=\"size-full wp-image-9781\" title=\"DSC_0011\" src=\"http:\/\/projetocineb.com.br\/wp-content\/uploads\/2017\/05\/DSC_0011.jpg\" alt=\"\" width=\"831\" height=\"552\" \/><\/a><figcaption id=\"caption-attachment-9781\" class=\"wp-caption-text\">CineB distribuiu edi\u00e7\u00e3o do Le Monde Diplomatique Brasil para os presentes.<\/figcaption><\/figure>\n<p>HIST\u00d3RIA &#8211; Foi na Regional Osasco que aconteceu a primeira exibi\u00e7\u00e3o do projeto depois do lan\u00e7amento, em 2007. Cid\u00e1lio Vieira Santos, coordenador do CineB, lembra que a sess\u00e3o aconteceu no dia 27 de junho, e contou com a presen\u00e7a do diretor de \u201cTapete Vermelho\u201d, Luiz Alberto Pereira. \u201cDepois do filme, exibido no audit\u00f3rio, aconteceu uma festa junina no sal\u00e3o de festas, aqui onde estamos hoje\u201d, recorda.<\/p>\n<figure id=\"attachment_9784\" aria-describedby=\"caption-attachment-9784\" style=\"width: 831px\" class=\"wp-caption aligncenter\"><a href=\"http:\/\/projetocineb.com.br\/wp-content\/uploads\/2017\/05\/DSC_0016.jpg\"><img decoding=\"async\" class=\"size-full wp-image-9784\" title=\"DSC_0016\" src=\"http:\/\/projetocineb.com.br\/wp-content\/uploads\/2017\/05\/DSC_0016.jpg\" alt=\"\" width=\"831\" height=\"552\" \/><\/a><figcaption id=\"caption-attachment-9784\" class=\"wp-caption-text\">Estudantes folheiam os livros doados pela ONG Eh Aqui.<\/figcaption><\/figure>\n<p>Como acontece em todas as sess\u00f5es realizadas na regional, al\u00e9m de banc\u00e1rios, convidados e um p\u00fablico que mora na regi\u00e3o e acompanha o projeto, estavam presentes alunos da Escola Estadual Jos\u00e9 Liberatti. \u201cDesta vez estamos com os alunos do 3\u00ba ano do Ensino M\u00e9dio\u201d, explicou a professora de portugu\u00eas Adriana Baccili.\u00a0\u00c9 a quarta vez que ela acompanha uma sess\u00e3o do CineB. \u201cGosto muito. Os filmes s\u00e3o sempre bons e a gente pode conversar sobre eles na sala de aula\u201d, comenta.<\/p>\n<figure id=\"attachment_9785\" aria-describedby=\"caption-attachment-9785\" style=\"width: 831px\" class=\"wp-caption aligncenter\"><a href=\"http:\/\/projetocineb.com.br\/wp-content\/uploads\/2017\/05\/DSC_0019.jpg\"><img loading=\"lazy\" decoding=\"async\" class=\"size-full wp-image-9785\" title=\"DSC_0019\" src=\"http:\/\/projetocineb.com.br\/wp-content\/uploads\/2017\/05\/DSC_0019.jpg\" alt=\"\" width=\"831\" height=\"552\" \/><\/a><figcaption id=\"caption-attachment-9785\" class=\"wp-caption-text\">Os professores H\u00e9lio Fernandes Aranha e Adriana Baccili.<\/figcaption><\/figure>\n<p>Ao final da exibi\u00e7\u00e3o de \u201cElis\u201d, o estudante Caio Victor, que tamb\u00e9m esteve na sess\u00e3o do ano passado contou que n\u00e3o conhecia a hist\u00f3ria da cantora apesar de reconhecer muitas das m\u00fasicas apresentadas. \u201cO que me chamou a aten\u00e7\u00e3o \u00e9 que ela sempre lutou pelo seu\u00a0sonho, que era cantar\u201d, finalizou.<\/p>\n<figure id=\"attachment_9786\" aria-describedby=\"caption-attachment-9786\" style=\"width: 831px\" class=\"wp-caption aligncenter\"><a href=\"http:\/\/projetocineb.com.br\/wp-content\/uploads\/2017\/05\/DSC_0039.jpg\"><img loading=\"lazy\" decoding=\"async\" class=\"size-full wp-image-9786\" title=\"DSC_0039\" src=\"http:\/\/projetocineb.com.br\/wp-content\/uploads\/2017\/05\/DSC_0039.jpg\" alt=\"\" width=\"831\" height=\"552\" \/><\/a><figcaption id=\"caption-attachment-9786\" class=\"wp-caption-text\">Messias Henrique, acompanhado da m\u00e3e banc\u00e1ria, n\u00e3o perde uma sess\u00e3o do CineB.<\/figcaption><\/figure>\n<p>J\u00e1 Elaine Macedo Gomes \u00e9 frequentadora do CineB: \u201cestive em v\u00e1rias sess\u00f5es, nem lembro mais em quantas, mas eu sempre estou aqui na Regional porque eu mora perto.\u201d Ela conta que acompanha a programa\u00e7\u00e3o pelo Facebook. \u201cEu gosto muito do projeto, do trabalho que voc\u00eas fazem (de valorizar o cinema brasileiro).\u201d Sobre o filme, ela explica que ficou surpresa, porque \u201cmostrou\u00a0muita\u00a0coisas da vida dela que a gente n\u00e3o conhece\u201d, aponta.<\/p>\n<figure id=\"attachment_9783\" aria-describedby=\"caption-attachment-9783\" style=\"width: 831px\" class=\"wp-caption aligncenter\"><a href=\"http:\/\/projetocineb.com.br\/wp-content\/uploads\/2017\/05\/DSC_0050.jpg\"><img loading=\"lazy\" decoding=\"async\" class=\"size-full wp-image-9783\" title=\"DSC_0050\" src=\"http:\/\/projetocineb.com.br\/wp-content\/uploads\/2017\/05\/DSC_0050.jpg\" alt=\"\" width=\"831\" height=\"552\" \/><\/a><figcaption id=\"caption-attachment-9783\" class=\"wp-caption-text\">A f\u00e3 do CineB, Elaine Macedo (direita), com a irm\u00e3 Gislaine Macedo (direita) e a amiga Elizabete Mirano<\/figcaption><\/figure>\n<p>Ao final da sess\u00e3o, foram distribu\u00eddos, para quem lembrasse o nome das m\u00fasicas interpretadas por Elis Regina, livros doados pela ONG Eh Aqui, uma parceira do Cine B que funciona como uma facilitadora na doa\u00e7\u00e3o de livros visando democratizar o acesso \u00e0 cultura. Tamb\u00e9m foram distribu\u00eddos exemplares do jornal Le Monde Diplomatique Brasil e sorteadas camisetas do projeto. A sess\u00e3o contou com a participa\u00e7\u00e3o do Coordenador da Regional Osasco, Alexandre Bertazzo, que encerrou as atividades do dia.<\/p>\n<figure id=\"attachment_9782\" aria-describedby=\"caption-attachment-9782\" style=\"width: 831px\" class=\"wp-caption aligncenter\"><a href=\"http:\/\/projetocineb.com.br\/wp-content\/uploads\/2017\/05\/DSC_00611.jpg\"><img loading=\"lazy\" decoding=\"async\" class=\"size-full wp-image-9782\" title=\"DSC_0061\" src=\"http:\/\/projetocineb.com.br\/wp-content\/uploads\/2017\/05\/DSC_00611.jpg\" alt=\"\" width=\"831\" height=\"514\" \/><\/a><figcaption id=\"caption-attachment-9782\" class=\"wp-caption-text\">At\u00e9 a pr\u00f3xima sess\u00e3o!<\/figcaption><\/figure>\n<p>O CineB \u00e9 um circuito itinerante de cinema realizado pelo Sindicato dos Banc\u00e1rios de S\u00e3o Paulo, Osasco e Regi\u00e3o e pela Brazucah Produ\u00e7\u00f5es. Desde 2007, o j\u00e1 atingiu um p\u00fablico superior a 56 mil espectadores em mais de 430 sess\u00f5es gratuitas realizadas em comunidades de S\u00e3o Paulo. A iniciativa busca democratizar o acesso ao cinema nacional e divulgar os filmes produzidos no Brasil. Foram exibidos na tela do CineB mais de 100 longas-metragens e 69 curtas-metragens, al\u00e9m da realiza\u00e7\u00e3o de pr\u00e9-estreias exclusivas.<\/p>\n","protected":false},"excerpt":{"rendered":"<p>O filme Elis, dirigido por Hugo Prata, estreou no CineB na \u00faltima quinta-feira, 18\/5, na Regional Osasco, e contou com[&#8230;]<\/p>\n","protected":false},"author":2,"featured_media":9779,"comment_status":"open","ping_status":"open","sticky":false,"template":"","format":"standard","meta":[],"categories":[2],"tags":[154,181,237,252,433,448,612,738,885,897,1046,1132],"_links":{"self":[{"href":"https:\/\/projetocineb.com.br\/index.php?rest_route=\/wp\/v2\/posts\/9777"}],"collection":[{"href":"https:\/\/projetocineb.com.br\/index.php?rest_route=\/wp\/v2\/posts"}],"about":[{"href":"https:\/\/projetocineb.com.br\/index.php?rest_route=\/wp\/v2\/types\/post"}],"author":[{"embeddable":true,"href":"https:\/\/projetocineb.com.br\/index.php?rest_route=\/wp\/v2\/users\/2"}],"replies":[{"embeddable":true,"href":"https:\/\/projetocineb.com.br\/index.php?rest_route=%2Fwp%2Fv2%2Fcomments&post=9777"}],"version-history":[{"count":0,"href":"https:\/\/projetocineb.com.br\/index.php?rest_route=\/wp\/v2\/posts\/9777\/revisions"}],"wp:featuredmedia":[{"embeddable":true,"href":"https:\/\/projetocineb.com.br\/index.php?rest_route=\/wp\/v2\/media\/9779"}],"wp:attachment":[{"href":"https:\/\/projetocineb.com.br\/index.php?rest_route=%2Fwp%2Fv2%2Fmedia&parent=9777"}],"wp:term":[{"taxonomy":"category","embeddable":true,"href":"https:\/\/projetocineb.com.br\/index.php?rest_route=%2Fwp%2Fv2%2Fcategories&post=9777"},{"taxonomy":"post_tag","embeddable":true,"href":"https:\/\/projetocineb.com.br\/index.php?rest_route=%2Fwp%2Fv2%2Ftags&post=9777"}],"curies":[{"name":"wp","href":"https:\/\/api.w.org\/{rel}","templated":true}]}}