{"id":9806,"date":"2017-05-22T18:41:07","date_gmt":"2017-05-22T21:41:07","guid":{"rendered":"http:\/\/projetocineb.com.br\/?p=9806"},"modified":"2017-05-22T18:41:07","modified_gmt":"2017-05-22T21:41:07","slug":"9806","status":"publish","type":"post","link":"https:\/\/projetocineb.com.br\/?p=9806","title":{"rendered":"CineB completa 10 anos e exibe &#8220;Elis&#8221;"},"content":{"rendered":"<p><em>O CineB completou 10 anos no \u00faltimo domingo (21\/5). No s\u00e1bado, dia 20,\u00a0esteve na EMEF Amorim Lima, Butant\u00e3, para exibir \u201cElis\u201d, dirigido por Hugo Prata. Antes do filme os professores de m\u00fasica da escola fizeram uma homenagem \u00e0 cantora.<\/em><\/p>\n<figure id=\"attachment_9809\" aria-describedby=\"caption-attachment-9809\" style=\"width: 831px\" class=\"wp-caption aligncenter\"><a href=\"http:\/\/projetocineb.com.br\/wp-content\/uploads\/2017\/05\/DSC_00021.jpg\"><img fetchpriority=\"high\" decoding=\"async\" class=\"size-full wp-image-9809\" title=\"DSC_0002\" src=\"http:\/\/projetocineb.com.br\/wp-content\/uploads\/2017\/05\/DSC_00021.jpg\" alt=\"\" width=\"831\" height=\"552\" \/><\/a><figcaption id=\"caption-attachment-9809\" class=\"wp-caption-text\">EMEF Amorim Lima, que fica em frente \u00e0 Pra\u00e7a Elis Regina, recebeu pela primeira vez o projeto.<\/figcaption><\/figure>\n<p>Maio \u00e9 o m\u00eas de anivers\u00e1rio do CineB. No \u00faltimo domingo, dia 21, o projeto completou 10 anos de exist\u00eancia levando o cinema brasileiro aonde ele nunca imaginava chegar: nas comunidades da cidade de S\u00e3o Paulo, Osasco e regi\u00e3o. E no s\u00e1bado, dia 20, aconteceu mais uma das mais de 430 sess\u00f5es realizadas pelo projeto nessa trajet\u00f3ria, dessa vez na Escola Municipal de Ensino Fundamental (EMEF) Desembargador Amorim Lima, no Butant\u00e3, na Zona Oeste de S\u00e3o Paulo.<\/p>\n<figure id=\"attachment_9829\" aria-describedby=\"caption-attachment-9829\" style=\"width: 831px\" class=\"wp-caption aligncenter\"><a href=\"http:\/\/projetocineb.com.br\/wp-content\/uploads\/2017\/05\/DSC_01991.jpg\"><img decoding=\"async\" class=\"size-full wp-image-9829\" title=\"DSC_0199\" src=\"http:\/\/projetocineb.com.br\/wp-content\/uploads\/2017\/05\/DSC_01991.jpg\" alt=\"\" width=\"831\" height=\"552\" \/><\/a><figcaption id=\"caption-attachment-9829\" class=\"wp-caption-text\">Juan Rossi (piano) e M\u00e1rcio Miele (sax) apresentam cinco sucessos de Elis<\/figcaption><\/figure>\n<p>Em cartaz, o longa-metragem \u201cElis\u201d, do diretor Hugo Prata, que conta a vida de Elis Regina Carvalho Costa, cantora desde crian\u00e7a, que entra na vida adulta deixando o Rio Grande do Sul para espalhar seu talento pelo Brasil a partir do Rio de Janeiro. Em r\u00e1pida ascens\u00e3o, ela logo conquista uma legi\u00e3o de f\u00e3s, entre eles o famoso compositor e produtor Ronaldo B\u00f4scoli, com quem acaba se casando. Estrela de TV, pol\u00eamica, intensa e briguenta, a &#8220;Pimentinha&#8221; n\u00e3o tarda a ser reconhecida como a maior voz do Brasil, em carreira marcada por altos e baixos. Andreia Horta em excelente atua\u00e7\u00e3o interpreta Elis, al\u00e9m de Gustavo Machado e Caco Ciocler entre outros.<\/p>\n<figure id=\"attachment_9831\" aria-describedby=\"caption-attachment-9831\" style=\"width: 831px\" class=\"wp-caption aligncenter\"><a href=\"http:\/\/projetocineb.com.br\/wp-content\/uploads\/2017\/05\/DSC_02171.jpg\"><img decoding=\"async\" class=\"size-full wp-image-9831\" title=\"DSC_0217\" src=\"http:\/\/projetocineb.com.br\/wp-content\/uploads\/2017\/05\/DSC_02171.jpg\" alt=\"\" width=\"831\" height=\"552\" \/><\/a><figcaption id=\"caption-attachment-9831\" class=\"wp-caption-text\">O coordenador do CineB, Cid\u00e1lio Vieira Santos e a diretora da EMEF Amorim Lima, Ana Elisa Siqueira.<\/figcaption><\/figure>\n<p>A escola municipal Amorim Lima atende cerca de 860 alunos de primeira \u00e0 nona s\u00e9rie e \u00e9 uma refer\u00eancia pelo trabalho desenvolvido utilizando como inspira\u00e7\u00e3o a Escola da Ponte de Portugal, onde n\u00e3o existem paredes e os alunos n\u00e3o s\u00e3o separados por s\u00e9ries, mas por ciclos. Na Amorim Lima, segundo a diretora Ana Elisa Siqueira, \u00e9 o \u201cestudante que constr\u00f3i seu percurso formativo, de forma coletiva\u201d e \u201c\u00e9 uma escola que possibilita muitas experi\u00eancias\u201d, comentou no programa on-line Di\u00e1logo, dispon\u00edvel no Youtube (https:\/\/www.youtube.com\/watch?v=l7YaibWygUQ).<\/p>\n<figure id=\"attachment_9833\" aria-describedby=\"caption-attachment-9833\" style=\"width: 831px\" class=\"wp-caption aligncenter\"><a href=\"http:\/\/projetocineb.com.br\/wp-content\/uploads\/2017\/05\/DSC_02271.jpg\"><img loading=\"lazy\" decoding=\"async\" class=\"size-full wp-image-9833\" title=\"DSC_0227\" src=\"http:\/\/projetocineb.com.br\/wp-content\/uploads\/2017\/05\/DSC_02271.jpg\" alt=\"\" width=\"831\" height=\"552\" \/><\/a><figcaption id=\"caption-attachment-9833\" class=\"wp-caption-text\">P\u00fablico acompanha hist\u00f3ria de Elis, a Pimentinha.<\/figcaption><\/figure>\n<p>A escola fica em frente \u00e0 Pra\u00e7a Elis Regina, \u00e1rea bastante conhecido pela popula\u00e7\u00e3o na zona Oeste, e recebeu de bra\u00e7os abertos o CineB, que esteve pela primeira vez no local. A diretora Ana Elisa contou que o sonho da escola \u00e9 poder fazer sess\u00f5es de cinema de forma regular. \u201cEu fiquei animada com o contato do CineB e a gente j\u00e1 organizou rapidamente a sess\u00e3o. O que impressiona \u00e9 a estrutura que o projeto leva a cada sess\u00e3o. \u00c9 super importante ter um bom som, cadeiras de boa qualidade, tudo isso faz uma grande diferen\u00e7a\u201d, comentou.<\/p>\n<figure id=\"attachment_9825\" aria-describedby=\"caption-attachment-9825\" style=\"width: 831px\" class=\"wp-caption aligncenter\"><a href=\"http:\/\/projetocineb.com.br\/wp-content\/uploads\/2017\/05\/DSC_02521.jpg\"><img loading=\"lazy\" decoding=\"async\" class=\"size-full wp-image-9825\" title=\"DSC_0252\" src=\"http:\/\/projetocineb.com.br\/wp-content\/uploads\/2017\/05\/DSC_02521.jpg\" alt=\"\" width=\"831\" height=\"552\" \/><\/a><figcaption id=\"caption-attachment-9825\" class=\"wp-caption-text\">Cid\u00e1lio e a professora Ana Cec\u00edlia em bate-papo sobre o filme.<\/figcaption><\/figure>\n<p>E a escola fez sua parte ao escalar a dupla de professores de m\u00fasica para uma apresenta\u00e7\u00e3o antes da sess\u00e3o. Juan Rossi, pianista e regente do coral da escola e Marcio Miele, saxofonista e cantor apresentaram can\u00e7\u00f5es que marcaram a carreira de Elis Regina como \u201cRomaria\u201d, \u201c\u00c1guas de Mar\u00e7o\u201d, \u201cO B\u00eabado e o Equilibrista\u201d e \u201cComo Nossos Pais\u201d . Para o coordenador do CineB, Cid\u00e1lio Vieira Santos, a sess\u00e3o foi especial. Segundo ele, o projeto chega aos dez anos gra\u00e7as ao respeito que o Sindicato dos Banc\u00e1rios de S\u00e3o Paulo, Osasco e Regi\u00e3o tem na sociedade. \u201cO CineB est\u00e1 mudando a vis\u00e3o das pessoas sobre o cinema brasileiro. Tem entidade que recebeu o projeto quase dez vezes nesse per\u00edodo, ent\u00e3o vai criando uma nova\u00a0cultura de aprecia\u00e7\u00e3o da produ\u00e7\u00e3o nacional. A pessoa v\u00ea um, dois, tr\u00eas filmes e percebe que o cinema brasileiro \u00e9 bom, come\u00e7a a procurar mais\u201d, avalia.<\/p>\n<figure id=\"attachment_9820\" aria-describedby=\"caption-attachment-9820\" style=\"width: 831px\" class=\"wp-caption aligncenter\"><a href=\"http:\/\/projetocineb.com.br\/wp-content\/uploads\/2017\/05\/DSC_02621.jpg\"><img loading=\"lazy\" decoding=\"async\" class=\"size-full wp-image-9820\" title=\"DSC_0262\" src=\"http:\/\/projetocineb.com.br\/wp-content\/uploads\/2017\/05\/DSC_02621.jpg\" alt=\"\" width=\"831\" height=\"552\" \/><\/a><figcaption id=\"caption-attachment-9820\" class=\"wp-caption-text\">Gl\u00f3ria Ferreira e os flhos Vitor Matheus, Ingrid e Emily, ap\u00f3s sess\u00e3o.<\/figcaption><\/figure>\n<p>\u201cElis\u201d, exibido pelo Cine B, \u00e9 um exemplo. O filme \u00e9 muito bem feito e recebeu elogios &#8211; e cr\u00edticas &#8211; de muitos dos presentes ao final da sess\u00e3o. Marcia Chaim Ceron, moradora da Pra\u00e7a Elis Regina e f\u00e3 da cantora, aproveitou a sess\u00e3o para ver o filme. \u201cGostei muito, mas o final \u00e9 um pouco triste. O importante \u00e9 que a gente tem ela no cora\u00e7\u00e3o\u201d, argumenta. J\u00e1 Ingrid Souza, de 13 anos, aluna da 8\u00aa s\u00e9rie da escola, adora filme sobre biografia. Para ela o CineB \u00e9 uma possibilidade para quem \u201cn\u00e3o tem acesso ao cinema porque n\u00e3o tem dinheiro e gostaria de ter cultura, conhecer um filme brasileiro\u201d, afirma. J\u00e1 para Ana Cec\u00edlia Sim\u00f5es, professora de primeiro ano na escola, \u00e9 fundamental existir projetos como o CineB que oferecem \u201cacesso da cinegrafia brasileira \u00e0 popula\u00e7\u00e3o. \u00c9 uma forma de trazer \u00e0s pessoas argumentos que ajudem a dizer coisas importantes e fa\u00e7am-nas defender posi\u00e7\u00f5es, refletir\u201d, concluiu.<\/p>\n<figure id=\"attachment_9807\" aria-describedby=\"caption-attachment-9807\" style=\"width: 831px\" class=\"wp-caption aligncenter\"><a href=\"http:\/\/projetocineb.com.br\/wp-content\/uploads\/2017\/05\/DSC_0270.jpg\"><img loading=\"lazy\" decoding=\"async\" class=\"size-full wp-image-9807\" title=\"DSC_0270\" src=\"http:\/\/projetocineb.com.br\/wp-content\/uploads\/2017\/05\/DSC_0270.jpg\" alt=\"\" width=\"831\" height=\"538\" \/><\/a><figcaption id=\"caption-attachment-9807\" class=\"wp-caption-text\">At\u00e9 a pr\u00f3xima sess\u00e3o!<\/figcaption><\/figure>\n<p>O CineB \u00e9 um circuito itinerante de cinema realizado pelo Sindicato dos Banc\u00e1rios de S\u00e3o Paulo, Osasco e Regi\u00e3o e pela Brazucah Produ\u00e7\u00f5es. Desde 2007, o j\u00e1 atingiu um p\u00fablico superior a 56 mil espectadores em mais de 430 sess\u00f5es gratuitas realizadas em comunidades de S\u00e3o Paulo. A iniciativa busca democratizar o acesso ao cinema nacional e divulgar os filmes produzidos no Brasil. Foram exibidos na tela do CineB mais de 100 longas-metragens e 69 curtas-metragens, al\u00e9m da realiza\u00e7\u00e3o de pr\u00e9-estreias exclusivas.<\/p>\n","protected":false},"excerpt":{"rendered":"<p>O CineB completou 10 anos no \u00faltimo domingo (21\/5). No s\u00e1bado, dia 20,\u00a0esteve na EMEF Amorim Lima, Butant\u00e3, para exibir[&#8230;]<\/p>\n","protected":false},"author":2,"featured_media":9808,"comment_status":"open","ping_status":"open","sticky":false,"template":"","format":"standard","meta":[],"categories":[2],"tags":[69,161,181,237,252,448,454,612,710,784,979,1132],"_links":{"self":[{"href":"https:\/\/projetocineb.com.br\/index.php?rest_route=\/wp\/v2\/posts\/9806"}],"collection":[{"href":"https:\/\/projetocineb.com.br\/index.php?rest_route=\/wp\/v2\/posts"}],"about":[{"href":"https:\/\/projetocineb.com.br\/index.php?rest_route=\/wp\/v2\/types\/post"}],"author":[{"embeddable":true,"href":"https:\/\/projetocineb.com.br\/index.php?rest_route=\/wp\/v2\/users\/2"}],"replies":[{"embeddable":true,"href":"https:\/\/projetocineb.com.br\/index.php?rest_route=%2Fwp%2Fv2%2Fcomments&post=9806"}],"version-history":[{"count":0,"href":"https:\/\/projetocineb.com.br\/index.php?rest_route=\/wp\/v2\/posts\/9806\/revisions"}],"wp:featuredmedia":[{"embeddable":true,"href":"https:\/\/projetocineb.com.br\/index.php?rest_route=\/wp\/v2\/media\/9808"}],"wp:attachment":[{"href":"https:\/\/projetocineb.com.br\/index.php?rest_route=%2Fwp%2Fv2%2Fmedia&parent=9806"}],"wp:term":[{"taxonomy":"category","embeddable":true,"href":"https:\/\/projetocineb.com.br\/index.php?rest_route=%2Fwp%2Fv2%2Fcategories&post=9806"},{"taxonomy":"post_tag","embeddable":true,"href":"https:\/\/projetocineb.com.br\/index.php?rest_route=%2Fwp%2Fv2%2Ftags&post=9806"}],"curies":[{"name":"wp","href":"https:\/\/api.w.org\/{rel}","templated":true}]}}