{"id":981,"date":"2010-07-19T19:15:33","date_gmt":"2010-07-19T22:15:33","guid":{"rendered":"http:\/\/projetocineb.com.br\/?p=981"},"modified":"2010-07-19T19:15:33","modified_gmt":"2010-07-19T22:15:33","slug":"cidade-de-itaquaquecetuba","status":"publish","type":"post","link":"https:\/\/projetocineb.com.br\/?p=981","title":{"rendered":"CIDADE DE ITAQUAQUECETUBA"},"content":{"rendered":"<p>A <span style=\"color: #ff6600;\">segunda exibi\u00e7\u00e3o do m\u00eas de julho<\/span> aconteceu na cidade de <span style=\"color: #ff6600;\">Itaquaquecetuba<\/span>, no bairro Marengo, com exibi\u00e7\u00e3o do engra\u00e7ado <em>O casamento de Romeu e Julieta<\/em>, estrelado por Marco Rica e Luana Piovani.<\/p>\n<p>Em\u00edlio Moreira Santos, presidente da Associa\u00e7\u00e3o Solid\u00e1ria do Estado de S\u00e3o Paulo (ASESP) vem defendendo junto com o vice-presidente Jair Pedrosa, um projeto de moradia inovador. \u201cEstamos no Marengo h\u00e1 dois anos, mas o movimento come\u00e7ou no Vila Nova Cachoeirinha, h\u00e1 13 anos\u201d, disse Jair Pedrosa.<\/p>\n<figure id=\"attachment_987\" aria-describedby=\"caption-attachment-987\" style=\"width: 384px\" class=\"wp-caption aligncenter\"><a href=\"http:\/\/projetocineb.com.br\/wp-content\/uploads\/2010\/07\/itaqua05.jpg\"><img fetchpriority=\"high\" decoding=\"async\" class=\"size-full wp-image-987   \" title=\"Cid\u00e1lio Vieira Santos, da Brazucah Produ\u00e7\u00f5es, faz a abertura do Cine B, ao lado de Em\u00edlio Moreira Santos, presidente da ASESP, Jair Pedrosa, vice e Carlos Henrique Cardoso, da Associa\u00e7\u00e3o Arte e Artes\u00e3o \" src=\"http:\/\/projetocineb.com.br\/wp-content\/uploads\/2010\/07\/itaqua05.jpg\" alt=\"Cid\u00e1lio Vieira Santos, da Brazucah Produ\u00e7\u00f5es, faz a abertura do Cine B, ao lado de Em\u00edlio Moreira Santos, presidente da ASESP, \" width=\"384\" height=\"255\" \/><\/a><figcaption id=\"caption-attachment-987\" class=\"wp-caption-text\">Cid\u00e1lio Vieira Santos, da Brazucah Produ\u00e7\u00f5es, faz a abertura do Cine B, ao lado de Em\u00edlio Moreira Santos, presidente da ASESP, Ednaldo Alves, do Agentes da Cidadania e Carlos Henrique Cardoso, da Associa\u00e7\u00e3o Arte e Artes\u00e3o<\/figcaption><\/figure>\n<p>\u201cAinda n\u00e3o conseguimos fazer o condom\u00ednio porque temos um projeto ecol\u00f3gico, com um tijolo que facilita e barateia em mais de 60% a constru\u00e7\u00e3o dos apartamentos. A Caixa Econ\u00f4mica Federal n\u00e3o nos concedia cr\u00e9dito porque achava barato demais, mas agora aceitaram o or\u00e7amento que propomos, atrav\u00e9s da linha de financiamento para pessoas que ganham de 0 a 3 sal\u00e1rios m\u00ednimos \u201d, disse Em\u00edlio Moreira. <span style=\"color: #ff6600;\">\u201cMas al\u00e9m de utilizarmos um material ecol\u00f3gico, tamb\u00e9m nos questionamos o que \u00e9 viver bem e como podemos fazer com que todos vivam bem?\u201d, disse o presidente da ASESP<\/span>.<\/p>\n<p>Por isso, <span style=\"color: #ff6600;\">o plano de habita\u00e7\u00e3o tamb\u00e9m prev\u00ea a reeduca\u00e7\u00e3o dos futuros moradores em como viver de forma coletiva e empreendedora, transformando o espa\u00e7o da casa num multiplicador de renda<\/span>. \u201cCada casa ter\u00e1 o espa\u00e7o de 25 metros quadrados para que se fa\u00e7am hortas, e estar\u00e1 na lei do condom\u00ednio que nenhum morador pode concretar ou inutilizar esta \u00e1rea. Ou seja, queremos que as pessoas plantem mesmo\u201d, disse Em\u00edlio. O lixo tamb\u00e9m ser\u00e1 responsabilidade de cada fam\u00edlia, e os cursos empreendedores mostrar\u00e3o id\u00e9ias de como transformar esses dejetos em arte-utilit\u00e1rios que podem ser comercializados.<\/p>\n<p><span style=\"color: #ff6600;\">As crian\u00e7as, al\u00e9m de receber a educa\u00e7\u00e3o regular, tamb\u00e9m poder\u00e3o participar de cursos na \u00e1rea de esporte e cultura, atrav\u00e9s de uma parceria da Associa\u00e7\u00e3o com o SEBRAE e o Sindicato dos Banc\u00e1rios de S\u00e3o Paulo, Osasco e Regi\u00e3o<\/span>.<\/p>\n<figure id=\"attachment_989\" aria-describedby=\"caption-attachment-989\" style=\"width: 384px\" class=\"wp-caption aligncenter\"><a href=\"http:\/\/projetocineb.com.br\/wp-content\/uploads\/2010\/07\/itaqua07.jpg\"><img decoding=\"async\" class=\"size-full wp-image-989  \" title=\"Cena do longa-metragem O casamento de Romeu e Julieta, na exibi\u00e7\u00e3o do Cine B em Itaquaquecetuba\" src=\"http:\/\/projetocineb.com.br\/wp-content\/uploads\/2010\/07\/itaqua07.jpg\" alt=\"Cena do longa-metragem O casamento de Romeu e Julieta, na exibi\u00e7\u00e3o do Cine B em Itaquaquecetuba\" width=\"384\" height=\"255\" \/><\/a><figcaption id=\"caption-attachment-989\" class=\"wp-caption-text\">Cena do longa-metragem O casamento de Romeu e Julieta, na exibi\u00e7\u00e3o do Cine B em Itaquaquecetuba<\/figcaption><\/figure>\n<h2><span style=\"color: #008000;\">CINEMA NA COMUNIDADE<\/span><\/h2>\n<p>Clenilson Sandin \u00e9 o coordenador de projetos do Cineclube Arco de Triunfo que se juntou a ASESP para fortalecer sua a\u00e7\u00e3o de cultura na comunidade. <span style=\"color: #ff6600;\">\u201cO Cineclube surgiu em 2008, com o Cine Tela Verde, do Governo Federal, que neste segundo semestre trar\u00e1 a exibi\u00e7\u00e3o de filmes sobre o meio ambiente\u201d, disse Clenilson<\/span>. O projeto Tela Verde contempla as comunidades que visita com diversos DVDs.<\/p>\n<p><a href=\"http:\/\/www.youtube.com\/user\/CircuitoTV2\" target=\"_blank\">Clique aqui para assistir aos v\u00eddeos!<\/a><\/p>\n<p><span style=\"color: #ff6600;\">\u201cMuitos jovens n\u00e3o tem a cultura do cinema, assistem pucos filmes nacionais. Por isso, projetos como o Cine B ou o que fazemos aqui s\u00e3o importantes para aproximar esses jovens da realidade do cinema brasileiro, que reflete a nossa cultura, os nossos problemas\u201d, disse Clenilson<\/span>.<\/p>\n<figure id=\"attachment_984\" aria-describedby=\"caption-attachment-984\" style=\"width: 255px\" class=\"wp-caption aligncenter\"><a href=\"http:\/\/projetocineb.com.br\/wp-content\/uploads\/2010\/07\/itaqua02.jpg\"><img decoding=\"async\" class=\"size-full wp-image-984   \" title=\"Clenilson Sandin, coordenador do Cineclube Arco do Triunfo\" src=\"http:\/\/projetocineb.com.br\/wp-content\/uploads\/2010\/07\/itaqua02.jpg\" alt=\"Clenilson Sandin, organizador do Cineclube Arco do Triunfo\" width=\"255\" height=\"384\" \/><\/a><figcaption id=\"caption-attachment-984\" class=\"wp-caption-text\">Clenilson Sandin, coordenador do Cineclube Arco do Triunfo<\/figcaption><\/figure>\n<h2><span style=\"color: #008000;\">CLICKS<\/span><\/h2>\n<figure id=\"attachment_985\" aria-describedby=\"caption-attachment-985\" style=\"width: 384px\" class=\"wp-caption aligncenter\"><a href=\"http:\/\/projetocineb.com.br\/wp-content\/uploads\/2010\/07\/itaqua03.jpg\"><img loading=\"lazy\" decoding=\"async\" class=\"size-full wp-image-985  \" title=\"Ester Soares da Silva, Mayara Estephanie da Silva Rocha, Deusimar de Souza Silva e Raphaela Souza Silva de 4 anos\" src=\"http:\/\/projetocineb.com.br\/wp-content\/uploads\/2010\/07\/itaqua03.jpg\" alt=\"Ester Soares da Silva, Mayara Estephanie da Silva Rocha, Deusimar de Souza Silva e Raphaela Souza Silva de 4 anos\" width=\"384\" height=\"255\" \/><\/a><figcaption id=\"caption-attachment-985\" class=\"wp-caption-text\">Ester Soares da Silva, Mayara Estephanie da Silva Rocha, Deusimar de Souza Silva e Raphaela Souza Silva de 4 anos<\/figcaption><\/figure>\n<figure id=\"attachment_988\" aria-describedby=\"caption-attachment-988\" style=\"width: 384px\" class=\"wp-caption aligncenter\"><a href=\"http:\/\/projetocineb.com.br\/wp-content\/uploads\/2010\/07\/itaqua06.jpg\"><img loading=\"lazy\" decoding=\"async\" class=\"size-full wp-image-988  \" title=\"A exibi\u00e7\u00e3o do Cine B come\u00e7ando no espa\u00e7o da ASESP\" src=\"http:\/\/projetocineb.com.br\/wp-content\/uploads\/2010\/07\/itaqua06.jpg\" alt=\"A exibi\u00e7\u00e3o do Cine B come\u00e7ando no espa\u00e7o da ASESP\" width=\"384\" height=\"255\" \/><\/a><figcaption id=\"caption-attachment-988\" class=\"wp-caption-text\">A exibi\u00e7\u00e3o do Cine B come\u00e7ando no espa\u00e7o da ASESP<\/figcaption><\/figure>\n<figure id=\"attachment_983\" aria-describedby=\"caption-attachment-983\" style=\"width: 384px\" class=\"wp-caption aligncenter\"><a href=\"http:\/\/projetocineb.com.br\/wp-content\/uploads\/2010\/07\/itaqua01.jpg\"><img loading=\"lazy\" decoding=\"async\" class=\"size-full wp-image-983  \" title=\"O cartaz do Cine B chama a comunidade para a sess\u00e3o\" src=\"http:\/\/projetocineb.com.br\/wp-content\/uploads\/2010\/07\/itaqua01.jpg\" alt=\"O cartaz do Cine B chama a comunidade para a sess\u00e3o\" width=\"384\" height=\"255\" \/><\/a><figcaption id=\"caption-attachment-983\" class=\"wp-caption-text\">O cartaz do Cine B chama a comunidade para a sess\u00e3o<\/figcaption><\/figure>\n<figure id=\"attachment_986\" aria-describedby=\"caption-attachment-986\" style=\"width: 384px\" class=\"wp-caption aligncenter\"><a href=\"http:\/\/projetocineb.com.br\/wp-content\/uploads\/2010\/07\/itaqua04.jpg\"><img loading=\"lazy\" decoding=\"async\" class=\"size-full wp-image-986  \" title=\"\u201cJ\u00e1 assisti v\u00e1rias vezes O casamento de Romeu e Julieta. Gosto muito do cinema brasileiro, ele tem, melhorado muito!\u201d, disse Alzira Fernandes da Silva\" src=\"http:\/\/projetocineb.com.br\/wp-content\/uploads\/2010\/07\/itaqua04.jpg\" alt=\"\u201cJ\u00e1 assisti v\u00e1rias vezes O casamento de Romeu e Julieta. Gosto muito do cinema brasileiro, ele tem, melhorado muito!\u201d, disse Alzira Fernandes da Silva\" width=\"384\" height=\"255\" \/><\/a><figcaption id=\"caption-attachment-986\" class=\"wp-caption-text\">\u201cJ\u00e1 assisti v\u00e1rias vezes O casamento de Romeu e Julieta. Gosto muito do cinema brasileiro, ele tem, melhorado muito!\u201d, disse Alzira Fernandes da Silva<\/figcaption><\/figure>\n<figure id=\"attachment_982\" aria-describedby=\"caption-attachment-982\" style=\"width: 384px\" class=\"wp-caption aligncenter\"><a href=\"http:\/\/projetocineb.com.br\/wp-content\/uploads\/2010\/07\/itaqua08.jpg\"><img loading=\"lazy\" decoding=\"async\" class=\"size-full wp-image-982  \" title=\"Os sortudos da noite que levaram para casa as camisetas do Cine B\" src=\"http:\/\/projetocineb.com.br\/wp-content\/uploads\/2010\/07\/itaqua08.jpg\" alt=\"Os sortudos da noite que levaram para casa as camisetas do Cine B\" width=\"384\" height=\"255\" \/><\/a><figcaption id=\"caption-attachment-982\" class=\"wp-caption-text\">Os sortudos da noite que levaram para casa as camisetas do Cine B<\/figcaption><\/figure>\n","protected":false},"excerpt":{"rendered":"<p>A segunda exibi\u00e7\u00e3o do m\u00eas de julho aconteceu na cidade de Itaquaquecetuba, no bairro Marengo, com exibi\u00e7\u00e3o do engra\u00e7ado O[&#8230;]<\/p>\n","protected":false},"author":2,"featured_media":0,"comment_status":"open","ping_status":"open","sticky":false,"template":"","format":"standard","meta":[],"categories":[2],"tags":[154,242,263,306,655,755,786,859,1132],"_links":{"self":[{"href":"https:\/\/projetocineb.com.br\/index.php?rest_route=\/wp\/v2\/posts\/981"}],"collection":[{"href":"https:\/\/projetocineb.com.br\/index.php?rest_route=\/wp\/v2\/posts"}],"about":[{"href":"https:\/\/projetocineb.com.br\/index.php?rest_route=\/wp\/v2\/types\/post"}],"author":[{"embeddable":true,"href":"https:\/\/projetocineb.com.br\/index.php?rest_route=\/wp\/v2\/users\/2"}],"replies":[{"embeddable":true,"href":"https:\/\/projetocineb.com.br\/index.php?rest_route=%2Fwp%2Fv2%2Fcomments&post=981"}],"version-history":[{"count":0,"href":"https:\/\/projetocineb.com.br\/index.php?rest_route=\/wp\/v2\/posts\/981\/revisions"}],"wp:attachment":[{"href":"https:\/\/projetocineb.com.br\/index.php?rest_route=%2Fwp%2Fv2%2Fmedia&parent=981"}],"wp:term":[{"taxonomy":"category","embeddable":true,"href":"https:\/\/projetocineb.com.br\/index.php?rest_route=%2Fwp%2Fv2%2Fcategories&post=981"},{"taxonomy":"post_tag","embeddable":true,"href":"https:\/\/projetocineb.com.br\/index.php?rest_route=%2Fwp%2Fv2%2Ftags&post=981"}],"curies":[{"name":"wp","href":"https:\/\/api.w.org\/{rel}","templated":true}]}}