{"id":9838,"date":"2017-05-24T19:50:29","date_gmt":"2017-05-24T22:50:29","guid":{"rendered":"http:\/\/projetocineb.com.br\/?p=9838"},"modified":"2017-05-24T19:50:29","modified_gmt":"2017-05-24T22:50:29","slug":"cidade-cinza-na-fiam-faam-morumbi","status":"publish","type":"post","link":"https:\/\/projetocineb.com.br\/?p=9838","title":{"rendered":"\u201cCidade Cinza\u201d na FIAM-FAAM Morumbi"},"content":{"rendered":"<p><em>O CineB esteve na FIAM-FAAM Campus Morumbi na \u00faltima ter\u00e7a-feira, 23\/5, e exibiu o filme \u201cCidade Cinza\u201d, de Marcelo Mesquita e Guilherme Valiengo, document\u00e1rio que denuncia a pr\u00e1tica da prefeitura de S\u00e3o Paulo de apagar grafites.<\/em><\/p>\n<p>Pode-se dizer que \u201cCidade Cinza\u201d, document\u00e1rio realizado por Marcelo Mesquita e Guilherme Valiengo em 2008, finalizado em 2012 e lan\u00e7ado em 2013 \u00e9 um filme feito para os dias atuais. Afinal de contas, trata de um tema que ganhou as manchetes e invadiu as redes sociais quando o atual prefeito da cidade de S\u00e3o Paulo, Jo\u00e3o D\u00f3ria (PSDB) decidiu jogar tinta cinza sobre grandes murais de grafites pintados nos principais corredores vi\u00e1rios da capital.<\/p>\n<figure id=\"attachment_9842\" aria-describedby=\"caption-attachment-9842\" style=\"width: 831px\" class=\"wp-caption aligncenter\"><a href=\"http:\/\/projetocineb.com.br\/wp-content\/uploads\/2017\/05\/DSC_0012.jpg\"><img fetchpriority=\"high\" decoding=\"async\" class=\"size-full wp-image-9842\" title=\"DSC_0012\" src=\"http:\/\/projetocineb.com.br\/wp-content\/uploads\/2017\/05\/DSC_0012.jpg\" alt=\"\" width=\"831\" height=\"552\" \/><\/a><figcaption id=\"caption-attachment-9842\" class=\"wp-caption-text\">Alunos da FIAM-FAAM s\u00e3o f\u00e3s da pipoca do Seu Antonio.<\/figcaption><\/figure>\n<p>A atitude, logo no in\u00edcio de seu mandato, foi um repeteco do que aconteceu com S\u00e3o Paulo em 2008, quando a prefeitura destruiu obras realizadas pelos grandes artistas do g\u00eanero como G\u00eameos, Nunca e Nina. O prefeito, naquela \u00e9poca, era Gilberto Kassab.<\/p>\n<figure id=\"attachment_9843\" aria-describedby=\"caption-attachment-9843\" style=\"width: 831px\" class=\"wp-caption aligncenter\"><a href=\"http:\/\/projetocineb.com.br\/wp-content\/uploads\/2017\/05\/DSC_0020.jpg\"><img decoding=\"async\" class=\"size-full wp-image-9843\" title=\"DSC_0020\" src=\"http:\/\/projetocineb.com.br\/wp-content\/uploads\/2017\/05\/DSC_0020.jpg\" alt=\"\" width=\"831\" height=\"552\" \/><\/a><figcaption id=\"caption-attachment-9843\" class=\"wp-caption-text\">O CD do Selo CineB do Cinema Brasileiro foi um dos brindes sorteados na sess\u00e3o.<\/figcaption><\/figure>\n<p>\u201cCidade Cinza\u201d acompanha o trabalho d\u2019Os G\u00eameos, Nunca e Nina, artistas famosos no mundo todo por seu estilo de grafite, convidados a repintar um muro de 700 m2 no entroncamento entre a Radial Leste e a Avenida 23 de Maio, no Centro, depois da prefeitura apagar o trabalho \u201cpor engano\u201d. No document\u00e1rio, o artista Nunca afirma:\u00a0 \u201cn\u00e3o existe um engano de 700 m2\u201d. O filme \u00e9 uma obra fundamental para refletir a representatividade da arte de rua e como o poder p\u00fablico ainda n\u00e3o consegue entender esse tipo de manifesta\u00e7\u00e3o.<\/p>\n<figure id=\"attachment_9844\" aria-describedby=\"caption-attachment-9844\" style=\"width: 831px\" class=\"wp-caption aligncenter\"><a href=\"http:\/\/projetocineb.com.br\/wp-content\/uploads\/2017\/05\/DSC_0036.jpg\"><img decoding=\"async\" class=\"size-full wp-image-9844\" title=\"DSC_0036\" src=\"http:\/\/projetocineb.com.br\/wp-content\/uploads\/2017\/05\/DSC_0036.jpg\" alt=\"\" width=\"831\" height=\"552\" \/><\/a><figcaption id=\"caption-attachment-9844\" class=\"wp-caption-text\">Cid\u00e1lio Vieira Santos, coordenador do CineB, Vicente Darde, coordenador do curso de Jornalismo, os professores Beatriz Zaragoza e Carlos Eduardo Scopino e o coordenador do curso de R\u00e1dio e TV, Fernando Leme.<\/figcaption><\/figure>\n<p>Cerca de 120 alunos de comunica\u00e7\u00e3o, dos cursos de Jornalismo, Rela\u00e7\u00f5es P\u00fablicas, Publicidade e Propaganda e R\u00e1dio e TV acompanharam a exibi\u00e7\u00e3o no audit\u00f3rio da faculdade. O coordenador do curso de R\u00e1dio e TV da FIAM-FAAM, Fernando Albino Leme lembra que o CineB tem oferecido aos alunos possibilidade de conhecer o cinema brasileiro. \u201c\u00c9 uma oportunidade para eles estarem mais pr\u00f3ximos do cinema, da dire\u00e7\u00e3o, do roteiro e essa pr\u00e1tica estimule novos roteiristas, novos diretores para que eles possam produzir e o cinema brasileiro ficar cada vez mais forte\u201d, avalia.<\/p>\n<figure id=\"attachment_9841\" aria-describedby=\"caption-attachment-9841\" style=\"width: 831px\" class=\"wp-caption aligncenter\"><a href=\"http:\/\/projetocineb.com.br\/wp-content\/uploads\/2017\/05\/DSC_0071.jpg\"><img loading=\"lazy\" decoding=\"async\" class=\"size-full wp-image-9841\" title=\"DSC_0071\" src=\"http:\/\/projetocineb.com.br\/wp-content\/uploads\/2017\/05\/DSC_0071.jpg\" alt=\"\" width=\"831\" height=\"552\" \/><\/a><figcaption id=\"caption-attachment-9841\" class=\"wp-caption-text\">Let\u00edcia de Oliveira, estudante de RP e grafiteira: &quot;n\u00e3o consegui piscar do in\u00edcio ao fim&quot;.<\/figcaption><\/figure>\n<p>\u201cCidade Cinza\u201d, caiu nas gra\u00e7as de Let\u00edcia Nogueira de Oliveira, aluna do primeiro semestre de Rela\u00e7\u00f5es P\u00fablicas e moradora do Graja\u00fa, apaixonada por grafite. \u201cO filme \u00e9 encantador, eu n\u00e3o consegui piscar do in\u00edcio ao fim\u201d, comentou. \u201cSe eu pegar um spray, eu s\u00f3 fa\u00e7o, como eles falaram. \u00c9 uma coisa que sai da veia, voc\u00ea pega e faz. Eu escrevo meu nome, fa\u00e7o homenagens para minha m\u00e3e, para minha v\u00f3\u201d, explica.<br \/>\nJ\u00e1 para Felipe Martinho, aluno do s\u00e9timo semestre de Publicidade e Propaganda e morador de Cotia, na Grande S\u00e3o Paulo, o filme retrata uma realidade que se repete: \u201cnosso querido prefeito pintou novamente o mesmo muro de cinza. Eu pego o tr\u00e2nsito todo o dia e sei o que \u00e9 ver um muro todo cinza, e outro, quando \u00e9 pintado. Pintado voc\u00ea v\u00ea uma paisagem diferente. Precisamos ter mais pinturas nas ruas, mais grafites, mais desenhos\u201d, finaliza.<\/p>\n<figure id=\"attachment_9840\" aria-describedby=\"caption-attachment-9840\" style=\"width: 831px\" class=\"wp-caption aligncenter\"><a href=\"http:\/\/projetocineb.com.br\/wp-content\/uploads\/2017\/05\/DSC_0077.jpg\"><img loading=\"lazy\" decoding=\"async\" class=\"size-full wp-image-9840\" title=\"DSC_0077\" src=\"http:\/\/projetocineb.com.br\/wp-content\/uploads\/2017\/05\/DSC_0077.jpg\" alt=\"\" width=\"831\" height=\"552\" \/><\/a><figcaption id=\"caption-attachment-9840\" class=\"wp-caption-text\">Alunos receberam uma edi\u00e7\u00e3o do Le Monde Diplmatique Brasil, que apoia o projeto.<\/figcaption><\/figure>\n<p>O CineB \u00e9 um circuito itinerante de cinema realizado pelo Sindicato dos Banc\u00e1rios de S\u00e3o Paulo, Osasco e Regi\u00e3o e pela Brazucah Produ\u00e7\u00f5es. Desde 2007, o j\u00e1 atingiu um p\u00fablico superior a 56 mil espectadores em mais de 430 sess\u00f5es gratuitas realizadas em comunidades de S\u00e3o Paulo. A iniciativa busca democratizar o acesso ao cinema nacional e divulgar os filmes produzidos no Brasil. Foram exibidos na tela do CineB mais de 100 longas-metragens e 69 curtas-metragens, al\u00e9m da realiza\u00e7\u00e3o de pr\u00e9-estreias exclusivas.<\/p>\n","protected":false},"excerpt":{"rendered":"<p>O CineB esteve na FIAM-FAAM Campus Morumbi na \u00faltima ter\u00e7a-feira, 23\/5, e exibiu o filme \u201cCidade Cinza\u201d, de Marcelo Mesquita[&#8230;]<\/p>\n","protected":false},"author":2,"featured_media":9839,"comment_status":"open","ping_status":"open","sticky":false,"template":"","format":"standard","meta":[],"categories":[2],"tags":[181,227,237,252,524,527,538,587,744,782,850,855,895,1132,1212],"_links":{"self":[{"href":"https:\/\/projetocineb.com.br\/index.php?rest_route=\/wp\/v2\/posts\/9838"}],"collection":[{"href":"https:\/\/projetocineb.com.br\/index.php?rest_route=\/wp\/v2\/posts"}],"about":[{"href":"https:\/\/projetocineb.com.br\/index.php?rest_route=\/wp\/v2\/types\/post"}],"author":[{"embeddable":true,"href":"https:\/\/projetocineb.com.br\/index.php?rest_route=\/wp\/v2\/users\/2"}],"replies":[{"embeddable":true,"href":"https:\/\/projetocineb.com.br\/index.php?rest_route=%2Fwp%2Fv2%2Fcomments&post=9838"}],"version-history":[{"count":0,"href":"https:\/\/projetocineb.com.br\/index.php?rest_route=\/wp\/v2\/posts\/9838\/revisions"}],"wp:featuredmedia":[{"embeddable":true,"href":"https:\/\/projetocineb.com.br\/index.php?rest_route=\/wp\/v2\/media\/9839"}],"wp:attachment":[{"href":"https:\/\/projetocineb.com.br\/index.php?rest_route=%2Fwp%2Fv2%2Fmedia&parent=9838"}],"wp:term":[{"taxonomy":"category","embeddable":true,"href":"https:\/\/projetocineb.com.br\/index.php?rest_route=%2Fwp%2Fv2%2Fcategories&post=9838"},{"taxonomy":"post_tag","embeddable":true,"href":"https:\/\/projetocineb.com.br\/index.php?rest_route=%2Fwp%2Fv2%2Ftags&post=9838"}],"curies":[{"name":"wp","href":"https:\/\/api.w.org\/{rel}","templated":true}]}}