{"id":9851,"date":"2017-05-29T21:01:18","date_gmt":"2017-05-30T00:01:18","guid":{"rendered":"http:\/\/projetocineb.com.br\/?p=9851"},"modified":"2017-05-29T21:01:18","modified_gmt":"2017-05-30T00:01:18","slug":"cineb-comemora-os-10-anos-na-regional-paulista","status":"publish","type":"post","link":"https:\/\/projetocineb.com.br\/?p=9851","title":{"rendered":"CineB comemora 10 anos na Regional Paulista"},"content":{"rendered":"<p><em><span style=\"font-size: small;\">O CineB organizou uma sess\u00e3o especial no espa\u00e7o L\u00e9lia Abramo da Regonal Paulista do Sindicato dos Banc\u00e1rios na \u00faltima quinta-feira, 25\/5, para exibir \u201cPor Tr\u00e1s do C\u00e9u\u201d. Na sequ\u00eancia, o p\u00fablico presente cantou parab\u00e9ns para comemorar os 10 anos de exist\u00eancia do projeto.<\/span><\/em><\/p>\n<p align=\"justify\"><span style=\"font-size: small;\">Desde 2007, o CineB tem mudado a rotina de muitas entidades, organiza\u00e7\u00f5es n\u00e3o governamentais, escolas e igrejas da cidade de S\u00e3o Paulo e da regi\u00e3o de Osasco levando o cinema brasileiro e uma estrutura que transforma o espa\u00e7o numa verdadeira sala de cinema. Na \u00faltima quinta-feira, 25\/5, foi a vez dos representantes dessas entidades virem at\u00e9 a Regional Paulista do Sindicato dos Banc\u00e1rio de S\u00e3o Paulo, Osasco e Regi\u00e3o para prestar uma homenagem ao CineB, que completou dez anos no dia 21 de maio.<\/span><\/p>\n<figure id=\"attachment_9854\" aria-describedby=\"caption-attachment-9854\" style=\"width: 831px\" class=\"wp-caption aligncenter\"><a href=\"http:\/\/projetocineb.com.br\/wp-content\/uploads\/2017\/05\/DSC_00241.jpg\"><img fetchpriority=\"high\" decoding=\"async\" class=\"size-full wp-image-9854\" title=\"DSC_0024\" src=\"http:\/\/projetocineb.com.br\/wp-content\/uploads\/2017\/05\/DSC_00241.jpg\" alt=\"\" width=\"831\" height=\"552\" \/><\/a><figcaption id=\"caption-attachment-9854\" class=\"wp-caption-text\">Sess\u00e3o especial na Regional Paulista do Sindicato comemorou os 10 anos do CineB<\/figcaption><\/figure>\n<p align=\"justify\"><span style=\"font-size: small;\">A<\/span><span style=\"font-size: small;\">\u00a0sess\u00e3o especial aconteceu no espa\u00e7o L\u00e9lia Abramo com a exibi\u00e7\u00e3o do longa-metragem \u201cPor Tr\u00e1s do C\u00e9u\u201d, dirigido por Caio S\u00f3h. O filme foi lan\u00e7ado em mar\u00e7o e estava em cartaz no circuito comercial at\u00e9 recentemente. <\/span><span style=\"font-size: small;\">F<\/span><span style=\"font-size: small;\">oi o vencedor do Pr\u00eamio do P\u00fablico na 11\u00aa edi\u00e7\u00e3o do Festival de Cinema Latino-Americano de S\u00e3o Paulo<\/span><span style=\"font-size: small;\">\u00a0em 2016. Gravado no interior da Para\u00edba, <\/span><span style=\"font-size: small;\">conta a hist\u00f3ria de Aparecida, mulher forte do sert\u00e3o que mora em<\/span><span style=\"font-size: small;\">\u00a0um lugar tomado pela extrema pobreza, <\/span><span style=\"font-size: small;\">mas<\/span><span style=\"font-size: small;\">\u00a0vive cheia de sonhos e esperan\u00e7a. Enquanto o marido leva uma vida amargurada por uma trag\u00e9dia do passado, a jovem decide tomar uma atitude que pode mudar sua trajet\u00f3ria para sem<\/span><span style=\"font-size: small;\">p<\/span><span style=\"font-size: small;\">re: partir para a cidade grande.<\/span><span style=\"font-size: small;\">\u00a0O filme \u00e9 o terceiro do jovem diretor de 38 anos e conta com a participa\u00e7\u00e3o de <\/span><span style=\"font-size: small;\">Nathalia Dill<\/span><span style=\"font-size: small;\">, <\/span><span style=\"font-size: small;\">Emilio Orciollo Neto<\/span><span style=\"font-size: small;\">\u00a0e Paula Burlamaqui no elenco.<\/span><\/p>\n<figure id=\"attachment_9857\" aria-describedby=\"caption-attachment-9857\" style=\"width: 831px\" class=\"wp-caption aligncenter\"><a href=\"http:\/\/projetocineb.com.br\/wp-content\/uploads\/2017\/05\/DSC_0089.jpg\"><img decoding=\"async\" class=\"size-full wp-image-9857\" title=\"DSC_0089\" src=\"http:\/\/projetocineb.com.br\/wp-content\/uploads\/2017\/05\/DSC_0089.jpg\" alt=\"\" width=\"831\" height=\"552\" \/><\/a><figcaption id=\"caption-attachment-9857\" class=\"wp-caption-text\">Equipe do CineB: muita hist\u00f3ria para contar nesses 10 anos.<\/figcaption><\/figure>\n<p align=\"justify\"><span style=\"font-size: small;\">O filme agradou o p\u00fablico presente formado por representantes das v\u00e1rias entidades que o CineB visitou nesses anos, al\u00e9m de amigos e colaboradores do projeto, como \u00e9 o caso de Alice Toyomi Hamamoto, aposentada, que foi funcion\u00e1ria do Sindicato dos Banc\u00e1rios e da Confedera\u00e7\u00e3o dos Trabalhadores do Ramo Financeiro (Contraf). Ela acompanhou a hist\u00f3ria do CineB desde o in\u00edcio \u201cAcho o projeto fant\u00e1stico. \u00c9 impressionante voc\u00ea pensar que numa cidade como S\u00e2o Paulo, cosmopolita, metr\u00f3pole, ainda tem uma periferia com gente que nunca teve contato com o cinema. Por isso d\u00e1 orgulho ver o projeto chegando aos 10 anos com o mesmo pique de come\u00e7ou l\u00e1 atr\u00e1s\u201d, elogia. Ao final da sess\u00e3o, o p\u00fablico presente contou com uma surpresa: dois bolos preparados especialmente para comemorar os dez anos do projeto, que teve direito e velinhas e parab\u00e9ns.<\/span><\/p>\n<figure id=\"attachment_9856\" aria-describedby=\"caption-attachment-9856\" style=\"width: 831px\" class=\"wp-caption aligncenter\"><a href=\"http:\/\/projetocineb.com.br\/wp-content\/uploads\/2017\/05\/DSC_00771.jpg\"><img decoding=\"async\" class=\"size-full wp-image-9856\" title=\"DSC_0077\" src=\"http:\/\/projetocineb.com.br\/wp-content\/uploads\/2017\/05\/DSC_00771.jpg\" alt=\"\" width=\"831\" height=\"552\" \/><\/a><figcaption id=\"caption-attachment-9856\" class=\"wp-caption-text\">O coordenador do CineB, Cid\u00e1lio Vieira Santos e o diretor do Sindicato dos Banc\u00e1rios, Marcos Amaral.<\/figcaption><\/figure>\n<p align=\"justify\"><span style=\"font-size: small;\">Veja o depoimento de quem esteve na sess\u00e3o:<\/span><\/p>\n<p align=\"justify\"><\/p>\n<p align=\"justify\"><\/p>\n<p align=\"justify\"><span style=\"font-size: small;\"><\/span><\/p>\n<p align=\"justify\"><span style=\"font-size: small;\"><\/span><\/p>\n<p align=\"justify\"><\/p>\n<p align=\"justify\"><span style=\"font-size: small;\"><\/span><\/p>\n<p align=\"justify\"><span style=\"font-size: small;\"><\/span><\/p>\n<p align=\"justify\"><span style=\"font-size: small;\">O C<\/span><span style=\"font-size: small;\">ine<\/span><span style=\"font-size: small;\">B \u00e9 um circuito itinerante de cinema realizado pelo Sindicato dos Banc\u00e1rios de S\u00e3o Paulo, Osasco e Regi\u00e3o e pela Brazucah Produ\u00e7\u00f5es. Desde 2007, o j\u00e1 atingiu um p\u00fablico superior a 5<\/span><span style=\"font-size: small;\">6<\/span><span style=\"font-size: small;\">\u00a0mil espectadores em mais de 4<\/span><span style=\"font-size: small;\">3<\/span><span style=\"font-size: small;\">0 sess\u00f5es gratuitas realizadas em comunidades de S\u00e3o Paulo. A iniciativa busca democratizar o acesso ao cinema nacional e divulgar os filmes produzidos no Brasil. <\/span><span style=\"font-size: small;\">F<\/span><span style=\"font-size: small;\">oram exibidos na tela do C<\/span><span style=\"font-size: small;\">ine<\/span><span style=\"font-size: small;\">B mais de <\/span><span style=\"font-size: small;\">100<\/span><span style=\"font-size: small;\">\u00a0longas-metragens e <\/span><span style=\"font-size: small;\">69<\/span><span style=\"font-size: small;\">\u00a0curtas-metragens, al\u00e9m da realiza\u00e7\u00e3o de pr\u00e9-estreias exclusivas<\/span><span style=\"font-size: small;\">.<\/span><\/p>\n","protected":false},"excerpt":{"rendered":"<p>O CineB organizou uma sess\u00e3o especial no espa\u00e7o L\u00e9lia Abramo da Regonal Paulista do Sindicato dos Banc\u00e1rios na \u00faltima quinta-feira,[&#8230;]<\/p>\n","protected":false},"author":2,"featured_media":9852,"comment_status":"open","ping_status":"open","sticky":false,"template":"","format":"standard","meta":[],"categories":[2],"tags":[154,165,181,237,252,253,485,771,788,976,1047,1132],"_links":{"self":[{"href":"https:\/\/projetocineb.com.br\/index.php?rest_route=\/wp\/v2\/posts\/9851"}],"collection":[{"href":"https:\/\/projetocineb.com.br\/index.php?rest_route=\/wp\/v2\/posts"}],"about":[{"href":"https:\/\/projetocineb.com.br\/index.php?rest_route=\/wp\/v2\/types\/post"}],"author":[{"embeddable":true,"href":"https:\/\/projetocineb.com.br\/index.php?rest_route=\/wp\/v2\/users\/2"}],"replies":[{"embeddable":true,"href":"https:\/\/projetocineb.com.br\/index.php?rest_route=%2Fwp%2Fv2%2Fcomments&post=9851"}],"version-history":[{"count":0,"href":"https:\/\/projetocineb.com.br\/index.php?rest_route=\/wp\/v2\/posts\/9851\/revisions"}],"wp:featuredmedia":[{"embeddable":true,"href":"https:\/\/projetocineb.com.br\/index.php?rest_route=\/wp\/v2\/media\/9852"}],"wp:attachment":[{"href":"https:\/\/projetocineb.com.br\/index.php?rest_route=%2Fwp%2Fv2%2Fmedia&parent=9851"}],"wp:term":[{"taxonomy":"category","embeddable":true,"href":"https:\/\/projetocineb.com.br\/index.php?rest_route=%2Fwp%2Fv2%2Fcategories&post=9851"},{"taxonomy":"post_tag","embeddable":true,"href":"https:\/\/projetocineb.com.br\/index.php?rest_route=%2Fwp%2Fv2%2Ftags&post=9851"}],"curies":[{"name":"wp","href":"https:\/\/api.w.org\/{rel}","templated":true}]}}